{"id":15704,"date":"2025-07-17T09:08:01","date_gmt":"2025-07-17T09:08:01","guid":{"rendered":"https:\/\/tal.ch\/?p=15704"},"modified":"2025-07-17T09:31:17","modified_gmt":"2025-07-17T09:31:17","slug":"skincare-trifft-selfcare","status":"publish","type":"post","link":"https:\/\/tal.ch\/en\/skincare-trifft-selfcare\/","title":{"rendered":"Skin care is self-care"},"content":{"rendered":"<div data-elementor-type=\"wp-post\" data-elementor-id=\"15704\" class=\"elementor elementor-15704\" data-elementor-post-type=\"post\">\n\t\t\t\t<div class=\"elementor-element elementor-element-7428a6a e-con-full e-flex wpr-particle-no wpr-jarallax-no wpr-parallax-no wpr-sticky-section-no wpr-equal-height-no e-con e-parent\" data-id=\"7428a6a\" data-element_type=\"container\" data-e-type=\"container\">\n\t\t\t\t<div class=\"elementor-element elementor-element-6361637 elementor-widget elementor-widget-spacer\" data-id=\"6361637\" data-element_type=\"widget\" data-e-type=\"widget\" data-widget_type=\"spacer.default\">\n\t\t\t\t\t\t\t<div class=\"elementor-spacer\">\n\t\t\t<div class=\"elementor-spacer-inner\"><\/div>\n\t\t<\/div>\n\t\t\t\t\t\t<\/div>\n\t\t\t\t<\/div>\n\t\t<div class=\"elementor-element elementor-element-bfb8d54 e-con-full e-flex wpr-particle-no wpr-jarallax-no wpr-parallax-no wpr-sticky-section-no wpr-equal-height-no e-con e-parent\" data-id=\"bfb8d54\" data-element_type=\"container\" data-e-type=\"container\">\n\t\t\t\t<div class=\"elementor-element elementor-element-bd2bc5f elementor-widget elementor-widget-heading\" data-id=\"bd2bc5f\" data-element_type=\"widget\" data-e-type=\"widget\" data-widget_type=\"heading.default\">\n\t\t\t\t\t<h2 class=\"elementor-heading-title elementor-size-default\">Skin care is self-care<\/h2>\t\t\t\t<\/div>\n\t\t\t\t<div class=\"elementor-element elementor-element-73c64b2 elementor-widget elementor-widget-image\" data-id=\"73c64b2\" data-element_type=\"widget\" data-e-type=\"widget\" data-widget_type=\"image.default\">\n\t\t\t\t\t\t\t\t\t\t\t\t\t\t\t<img fetchpriority=\"high\" decoding=\"async\" width=\"2560\" height=\"1707\" src=\"https:\/\/tal.ch\/wp-content\/uploads\/2025\/07\/AdobeStock_288323416-scaled.jpeg\" class=\"attachment-full size-full wp-image-15713\" alt=\"\" srcset=\"https:\/\/tal.ch\/wp-content\/uploads\/2025\/07\/AdobeStock_288323416-scaled.jpeg 2560w, https:\/\/tal.ch\/wp-content\/uploads\/2025\/07\/AdobeStock_288323416-300x200.jpeg 300w\" sizes=\"(max-width: 2560px) 100vw, 2560px\" \/>\t\t\t\t\t\t\t\t\t\t\t\t\t\t\t<\/div>\n\t\t\t\t<\/div>\n\t\t<div class=\"elementor-element elementor-element-5d38963 e-con-full e-flex wpr-particle-no wpr-jarallax-no wpr-parallax-no wpr-sticky-section-no wpr-equal-height-no e-con e-parent\" data-id=\"5d38963\" data-element_type=\"container\" data-e-type=\"container\">\n\t\t\t\t<div class=\"elementor-element elementor-element-8dc8a9c elementor-widget elementor-widget-text-editor\" data-id=\"8dc8a9c\" data-element_type=\"widget\" data-e-type=\"widget\" data-widget_type=\"text-editor.default\">\n\t\t\t\t\t\t\t\t\t<p data-start=\"324\" data-end=\"724\">Healthy skin is more than just a beautiful face. It is a mirror of our lifestyle, our routines - and the way we treat ourselves. Our skin shows how we eat, how stressful our everyday lives are and how much time and energy we invest in our own well-being.<\/p><p data-start=\"324\" data-end=\"724\">Skincare is becoming an expression of self-care. The focus is not just on the face, but on the entire body. Hands, feet, shoulders, back - all skin zones deserve attention.<\/p><p data-start=\"726\" data-end=\"1080\">This holistic approach is called the \"Skinification of Everything\": what used to only apply to the face - serums, masks, massages - is now being applied to the whole body. No wonder, because our skin is our largest organ. It protects, regulates and signals - and it reacts sensitively to stress, lack of sleep, nutrition and external influences.<\/p>\t\t\t\t\t\t\t\t<\/div>\n\t\t\t\t<\/div>\n\t\t<div class=\"elementor-element elementor-element-d8c5ee0 e-con-full e-flex wpr-particle-no wpr-jarallax-no wpr-parallax-no wpr-sticky-section-no wpr-equal-height-no e-con e-parent\" data-id=\"d8c5ee0\" data-element_type=\"container\" data-e-type=\"container\">\n\t\t\t\t<div class=\"elementor-element elementor-element-99e8e22 elementor-widget elementor-widget-heading\" data-id=\"99e8e22\" data-element_type=\"widget\" data-e-type=\"widget\" data-widget_type=\"heading.default\">\n\t\t\t\t\t<h3 class=\"elementor-heading-title elementor-size-default\"><h3 data-start=\"1199\" data-end=\"1250\">Our hands: visible, sensitive, often forgotten<span style=\"color: inherit\"><\/span><\/h3><\/h3>\t\t\t\t<\/div>\n\t\t\t\t<div class=\"elementor-element elementor-element-9c7d37b elementor-widget elementor-widget-text-editor\" data-id=\"9c7d37b\" data-element_type=\"widget\" data-e-type=\"widget\" data-widget_type=\"text-editor.default\">\n\t\t\t\t\t\t\t\t\t<p data-start=\"1252\" data-end=\"1622\">We use them every day, they are always in use - and yet we often take too little care of them. Yet hands are a real showpiece. Our hand creams are our daily companions: they protect, nourish, regenerate and strengthen the skin barrier. For us, they are more than just creams - they are a statement for well-groomed and healthy skin.<\/p>\t\t\t\t\t\t\t\t<\/div>\n\t\t\t\t<\/div>\n\t\t<div class=\"elementor-element elementor-element-6fd8304 e-flex e-con-boxed wpr-particle-no wpr-jarallax-no wpr-parallax-no wpr-sticky-section-no wpr-equal-height-no e-con e-parent\" data-id=\"6fd8304\" data-element_type=\"container\" data-e-type=\"container\">\n\t\t\t\t\t<div class=\"e-con-inner\">\n\t\t\t\t<div class=\"elementor-element elementor-element-65b3578 elementor-align-center elementor-widget elementor-widget-button\" data-id=\"65b3578\" data-element_type=\"widget\" data-e-type=\"widget\" data-widget_type=\"button.default\">\n\t\t\t\t\t\t\t\t\t\t<a class=\"elementor-button elementor-button-link elementor-size-sm\" href=\"https:\/\/shop.parsenn-produkte.ch\/collections\/tal\/MED\" target=\"_blank\">\n\t\t\t\t\t\t<span class=\"elementor-button-content-wrapper\">\n\t\t\t\t\t\t\t\t\t<span class=\"elementor-button-text\">Discover now<\/span>\n\t\t\t\t\t<\/span>\n\t\t\t\t\t<\/a>\n\t\t\t\t\t\t\t\t<\/div>\n\t\t\t\t\t<\/div>\n\t\t\t\t<\/div>\n\t\t<div class=\"elementor-element elementor-element-7916270 e-con-full e-flex wpr-particle-no wpr-jarallax-no wpr-parallax-no wpr-sticky-section-no wpr-equal-height-no e-con e-parent\" data-id=\"7916270\" data-element_type=\"container\" data-e-type=\"container\">\n\t\t\t\t<div class=\"elementor-element elementor-element-14587c0 elementor-widget elementor-widget-heading\" data-id=\"14587c0\" data-element_type=\"widget\" data-e-type=\"widget\" data-widget_type=\"heading.default\">\n\t\t\t\t\t<h3 class=\"elementor-heading-title elementor-size-default\"><h3 data-start=\"1629\" data-end=\"1682\">Our feet: the foundation of our well-being<span style=\"color: inherit\"><\/span><\/h3><\/h3>\t\t\t\t<\/div>\n\t\t\t\t<div class=\"elementor-element elementor-element-4544185 elementor-widget elementor-widget-text-editor\" data-id=\"4544185\" data-element_type=\"widget\" data-e-type=\"widget\" data-widget_type=\"text-editor.default\">\n\t\t\t\t\t\t\t\t\t<p data-start=\"1684\" data-end=\"2026\">Feet carry us through life. The more we appreciate this, the more attention we should pay to them. The <strong data-start=\"1803\" data-end=\"1824\">Tal Med foot care line\u00a0<\/strong>provides intensive moisturisation, soothes stressed skin, helps with cracks and leaves stressed areas feeling noticeably soft. We say: a foot routine is not optional - it is an act of self-care.<\/p>\t\t\t\t\t\t\t\t<\/div>\n\t\t\t\t<\/div>\n\t\t<div class=\"elementor-element elementor-element-11e253c e-flex e-con-boxed wpr-particle-no wpr-jarallax-no wpr-parallax-no wpr-sticky-section-no wpr-equal-height-no e-con e-parent\" data-id=\"11e253c\" data-element_type=\"container\" data-e-type=\"container\">\n\t\t\t\t\t<div class=\"e-con-inner\">\n\t\t\t\t<div class=\"elementor-element elementor-element-b8a2512 elementor-align-center elementor-widget elementor-widget-button\" data-id=\"b8a2512\" data-element_type=\"widget\" data-e-type=\"widget\" data-widget_type=\"button.default\">\n\t\t\t\t\t\t\t\t\t\t<a class=\"elementor-button elementor-button-link elementor-size-sm\" href=\"https:\/\/shop.parsenn-produkte.ch\/collections\/tal\/fuss\" target=\"_blank\">\n\t\t\t\t\t\t<span class=\"elementor-button-content-wrapper\">\n\t\t\t\t\t\t\t\t\t<span class=\"elementor-button-text\">Discover now<\/span>\n\t\t\t\t\t<\/span>\n\t\t\t\t\t<\/a>\n\t\t\t\t\t\t\t\t<\/div>\n\t\t\t\t\t<\/div>\n\t\t\t\t<\/div>\n\t\t<div class=\"elementor-element elementor-element-8eccb53 e-con-full e-flex wpr-particle-no wpr-jarallax-no wpr-parallax-no wpr-sticky-section-no wpr-equal-height-no e-con e-parent\" data-id=\"8eccb53\" data-element_type=\"container\" data-e-type=\"container\">\n\t\t\t\t<div class=\"elementor-element elementor-element-e8878da elementor-widget elementor-widget-heading\" data-id=\"e8878da\" data-element_type=\"widget\" data-e-type=\"widget\" data-widget_type=\"heading.default\">\n\t\t\t\t\t<h3 class=\"elementor-heading-title elementor-size-default\"><h3 data-start=\"2033\" data-end=\"2073\">Our face: clear, calm, well-groomed<span style=\"color: inherit\"><\/span><\/h3><\/h3>\t\t\t\t<\/div>\n\t\t\t\t<div class=\"elementor-element elementor-element-488f14e elementor-widget elementor-widget-text-editor\" data-id=\"488f14e\" data-element_type=\"widget\" data-e-type=\"widget\" data-widget_type=\"text-editor.default\">\n\t\t\t\t\t\t\t\t\t<p data-start=\"2075\" data-end=\"2398\">Of course, our face is at the centre of every skincare routine. But here too, quality is more important than quantity. With our Tal ABSOLUE facial care products, we focus on plant-based active ingredients such as edelweiss and camomile, combined with soothing ingredients such as zinc and hyaluronic acid.\u00a0<\/p>\t\t\t\t\t\t\t\t<\/div>\n\t\t\t\t<\/div>\n\t\t<div class=\"elementor-element elementor-element-6889afa e-flex e-con-boxed wpr-particle-no wpr-jarallax-no wpr-parallax-no wpr-sticky-section-no wpr-equal-height-no e-con e-parent\" data-id=\"6889afa\" data-element_type=\"container\" data-e-type=\"container\">\n\t\t\t\t\t<div class=\"e-con-inner\">\n\t\t\t\t<div class=\"elementor-element elementor-element-f8b006d elementor-align-center elementor-widget elementor-widget-button\" data-id=\"f8b006d\" data-element_type=\"widget\" data-e-type=\"widget\" data-widget_type=\"button.default\">\n\t\t\t\t\t\t\t\t\t\t<a class=\"elementor-button elementor-button-link elementor-size-sm\" href=\"https:\/\/shop.parsenn-produkte.ch\/collections\/tal\/Tal-Absolue\" target=\"_blank\">\n\t\t\t\t\t\t<span class=\"elementor-button-content-wrapper\">\n\t\t\t\t\t\t\t\t\t<span class=\"elementor-button-text\">Discover now<\/span>\n\t\t\t\t\t<\/span>\n\t\t\t\t\t<\/a>\n\t\t\t\t\t\t\t\t<\/div>\n\t\t\t\t\t<\/div>\n\t\t\t\t<\/div>\n\t\t<div class=\"elementor-element elementor-element-db2f15e e-con-full e-flex wpr-particle-no wpr-jarallax-no wpr-parallax-no wpr-sticky-section-no wpr-equal-height-no e-con e-parent\" data-id=\"db2f15e\" data-element_type=\"container\" data-e-type=\"container\">\n\t\t\t\t<div class=\"elementor-element elementor-element-206c9c5 elementor-widget elementor-widget-heading\" data-id=\"206c9c5\" data-element_type=\"widget\" data-e-type=\"widget\" data-widget_type=\"heading.default\">\n\t\t\t\t\t<h3 class=\"elementor-heading-title elementor-size-default\"><h3 data-start=\"2033\" data-end=\"2073\">Selfcare means consciously taking time\n<span style=\"color: inherit\"><\/span><\/h3><\/h3>\t\t\t\t<\/div>\n\t\t\t\t<div class=\"elementor-element elementor-element-16efc9d elementor-widget elementor-widget-text-editor\" data-id=\"16efc9d\" data-element_type=\"widget\" data-e-type=\"widget\" data-widget_type=\"text-editor.default\">\n\t\t\t\t\t\t\t\t\t<p data-start=\"2447\" data-end=\"2743\">For us, skincare means more than just moisturising. It's about rituals. About mindfulness. It's about short moments in everyday life when we take a deep breath, calm down and do something good for ourselves. A hand massage in the morning. A foot bath in the evening. Small routines, big impact.<\/p><p data-start=\"2745\" data-end=\"2942\">If we also pay attention to our diet, drink enough, exercise and provide ourselves with good nutrients both internally and externally - then balance is created. Then care becomes real self-care.<\/p>\t\t\t\t\t\t\t\t<\/div>\n\t\t\t\t<\/div>\n\t\t<div class=\"elementor-element elementor-element-6ba6503 e-con-full e-flex wpr-particle-no wpr-jarallax-no wpr-parallax-no wpr-sticky-section-no wpr-equal-height-no e-con e-parent\" data-id=\"6ba6503\" data-element_type=\"container\" data-e-type=\"container\">\n\t\t\t\t<div class=\"elementor-element elementor-element-dac5e1a elementor-widget elementor-widget-heading\" data-id=\"dac5e1a\" data-element_type=\"widget\" data-e-type=\"widget\" data-widget_type=\"heading.default\">\n\t\t\t\t\t<h3 class=\"elementor-heading-title elementor-size-default\"><h3 data-start=\"2033\" data-end=\"2073\">Conclusion: Our skin deserves more\n<span style=\"color: inherit\"><\/span><\/h3><\/h3>\t\t\t\t<\/div>\n\t\t\t\t<div class=\"elementor-element elementor-element-aca7843 elementor-widget elementor-widget-text-editor\" data-id=\"aca7843\" data-element_type=\"widget\" data-e-type=\"widget\" data-widget_type=\"text-editor.default\">\n\t\t\t\t\t\t\t\t\t<p data-start=\"3031\" data-end=\"3295\">We don't believe in a quick glow. We believe in long-term health. Our skin accompanies us throughout our lives - and it shows us how we treat ourselves. That's why we at Tal rely on well thought-out, targeted products for the face, hands and feet.<\/p><p data-start=\"3297\" data-end=\"3445\"><strong data-start=\"3297\" data-end=\"3445\">We believe that skincare is more than just a trend. It is an attitude. And we wear this attitude with pride - day after day, layer after layer.<\/strong><\/p>\t\t\t\t\t\t\t\t<\/div>\n\t\t\t\t<\/div>\n\t\t<div class=\"elementor-element elementor-element-c6b0626 e-con-full e-flex wpr-particle-no wpr-jarallax-no wpr-parallax-no wpr-sticky-section-no wpr-equal-height-no e-con e-parent\" data-id=\"c6b0626\" data-element_type=\"container\" data-e-type=\"container\" data-settings=\"{&quot;background_background&quot;:&quot;classic&quot;}\">\n\t\t\t\t<div class=\"elementor-element elementor-element-c11ada0 elementor-post-navigation-borders-yes elementor-widget elementor-widget-global elementor-global-9032 elementor-widget-post-navigation\" data-id=\"c11ada0\" data-element_type=\"widget\" data-e-type=\"widget\" data-widget_type=\"post-navigation.default\">\n\t\t\t\t\t\t\t<div class=\"elementor-post-navigation\" role=\"navigation\" aria-label=\"Post Navigation\">\n\t\t\t<div class=\"elementor-post-navigation__prev elementor-post-navigation__link\">\n\t\t\t\t<a href=\"https:\/\/tal.ch\/en\/vom-fruehlingsflirt-zur-sommeraffaere\/\" rel=\"prev\"><span class=\"post-navigation__arrow-wrapper post-navigation__arrow-prev\"><svg aria-hidden=\"true\" class=\"e-font-icon-svg e-fas-angle-left\" viewbox=\"0 0 256 512\" xmlns=\"http:\/\/www.w3.org\/2000\/svg\"><path d=\"M31.7 239l136-136c9.4-9.4 24.6-9.4 33.9 0l22.6 22.6c9.4 9.4 9.4 24.6 0 33.9L127.9 256l96.4 96.4c9.4 9.4 9.4 24.6 0 33.9L201.7 409c-9.4 9.4-24.6 9.4-33.9 0l-136-136c-9.5-9.4-9.5-24.6-.1-34z\"><\/path><\/svg><span class=\"elementor-screen-only\">Prev<\/span><\/span><span class=\"elementor-post-navigation__link__prev\"><span class=\"post-navigation__prev--label\">Previous<\/span><span class=\"post-navigation__prev--title\">From spring flirtation to summer affair<\/span><\/span><\/a>\t\t\t<\/div>\n\t\t\t\t\t\t\t<div class=\"elementor-post-navigation__separator-wrapper\">\n\t\t\t\t\t<div class=\"elementor-post-navigation__separator\"><\/div>\n\t\t\t\t<\/div>\n\t\t\t\t\t\t<div class=\"elementor-post-navigation__next elementor-post-navigation__link\">\n\t\t\t\t<a href=\"https:\/\/tal.ch\/en\/minimalistische-hautpflege\/\" rel=\"next\"><span class=\"elementor-post-navigation__link__next\"><span class=\"post-navigation__next--label\">Next<\/span><span class=\"post-navigation__next--title\">Skinimalism and Swiss Skincare: minimalist skincare with valley<\/span><\/span><span class=\"post-navigation__arrow-wrapper post-navigation__arrow-next\"><svg aria-hidden=\"true\" class=\"e-font-icon-svg e-fas-angle-right\" viewbox=\"0 0 256 512\" xmlns=\"http:\/\/www.w3.org\/2000\/svg\"><path d=\"M224.3 273l-136 136c-9.4 9.4-24.6 9.4-33.9 0l-22.6-22.6c-9.4-9.4-9.4-24.6 0-33.9l96.4-96.4-96.4-96.4c-9.4-9.4-9.4-24.6 0-33.9L54.3 103c9.4-9.4 24.6-9.4 33.9 0l136 136c9.5 9.4 9.5 24.6.1 34z\"><\/path><\/svg><span class=\"elementor-screen-only\">Next<\/span><\/span><\/a>\t\t\t<\/div>\n\t\t<\/div>\n\t\t\t\t\t\t<\/div>\n\t\t\t\t<\/div>\n\t\t<div class=\"elementor-element elementor-element-c8e97a1 e-flex e-con-boxed wpr-particle-no wpr-jarallax-no wpr-parallax-no wpr-sticky-section-no wpr-equal-height-no e-con e-parent\" data-id=\"c8e97a1\" data-element_type=\"container\" data-e-type=\"container\">\n\t\t\t\t\t<div class=\"e-con-inner\">\n\t\t\t\t<div class=\"elementor-element elementor-element-e27732d elementor-widget elementor-widget-spacer\" data-id=\"e27732d\" data-element_type=\"widget\" data-e-type=\"widget\" data-widget_type=\"spacer.default\">\n\t\t\t\t\t\t\t<div class=\"elementor-spacer\">\n\t\t\t<div class=\"elementor-spacer-inner\"><\/div>\n\t\t<\/div>\n\t\t\t\t\t\t<\/div>\n\t\t\t\t\t<\/div>\n\t\t\t\t<\/div>\n\t\t\t\t<\/div>","protected":false},"excerpt":{"rendered":"<p>Skincare is self-care Healthy skin is more than just a beautiful face. It is a reflection of our lifestyle, our routines - and how we treat ourselves. Our skin shows how we eat, how stressful our everyday lives are and how much time and energy we invest in our own well-being. Skincare is becoming an expression of self-care. The focus is not just on the face, but on the entire body. Hands, feet, shoulders, back - all skin zones deserve attention. This holistic approach is called the \"Skinification of Everything\": what used to only apply to the face - serums, masks, massages - is now being applied to the whole body. No wonder, because our skin is our largest organ. It protects, regulates, signals - and reacts sensitively to stress, lack of sleep, nutrition and external influences. Our hands: visible, sensitive, often forgotten We use them every day, they are always in use - and yet we often don't look after them enough. Yet hands are a real showpiece. Our hand creams are our daily companions: they protect, nourish, regenerate and strengthen the skin barrier. For us, they are more than just creams - they are a statement for well-groomed and healthy skin. Discover now Our feet: the foundation of our well-being Feet carry us through life. The more we appreciate this, the more attention we should pay to them. The Tal Med foot care line provides intensive moisturisation, soothes stressed skin, helps with cracks and leaves stressed areas feeling noticeably soft. We say: foot routine is not optional - it is an act of self-care. Discover now Our face: clear, calm, well-groomed Of course, our face is at the centre of every skincare routine. But here, too, quality is more important than quantity. With our Tal ABSOLUE facial care products, we rely on plant-based active ingredients such as edelweiss and camomile, combined with soothing ingredients such as zinc and hyaluronic acid.  Discover now Selfcare means: consciously taking time Care means more to us than just moisturising. It's about rituals. About mindfulness. It's about short moments in everyday life when we take a deep breath, calm down and do something good for ourselves. A hand massage in the morning. A foot bath in the evening. Small routines, big impact. If we also pay attention to our diet, drink enough, exercise and take good care of ourselves internally and externally with nutrients - then balance is created. Then skincare becomes real self-care. Conclusion: Our skin deserves more We don't believe in a quick glow. We believe in long-term health. Our skin accompanies us throughout our lives - and it shows us how we treat ourselves. That's why we at Tal rely on well thought-out, targeted products for the face, hands and feet. We believe that skincare is more than just a trend. It is an attitude. And we carry this attitude with pride - day after day, layer after layer.<\/p>","protected":false},"author":2,"featured_media":15713,"comment_status":"closed","ping_status":"closed","sticky":false,"template":"elementor_header_footer","format":"standard","meta":{"footnotes":""},"categories":[1],"tags":[],"class_list":["post-15704","post","type-post","status-publish","format-standard","has-post-thumbnail","hentry","category-uncategorized"],"yoast_head":"<!-- This site is optimized with the Yoast SEO plugin v27.4 - https:\/\/yoast.com\/product\/yoast-seo-wordpress\/ -->\n<title>Hautpflege ist Selbstf\u00fcrsorge - Tal<\/title>\n<meta name=\"robots\" content=\"index, follow, max-snippet:-1, max-image-preview:large, max-video-preview:-1\" \/>\n<link rel=\"canonical\" href=\"https:\/\/tal.ch\/en\/skincare-trifft-selfcare\/\" \/>\n<meta property=\"og:locale\" content=\"en_GB\" \/>\n<meta property=\"og:type\" content=\"article\" \/>\n<meta property=\"og:title\" content=\"Hautpflege ist Selbstf\u00fcrsorge - Tal\" \/>\n<meta property=\"og:description\" content=\"Hautpflege ist Selbstf\u00fcrsorge Gesunde Haut ist mehr als ein sch\u00f6nes Gesicht. Sie ist ein Spiegel unseres Lebensstils, unserer Routinen \u2013 und unseres Umgangs mit uns selbst. Die Haut zeigt auf, wie wir uns ern\u00e4hren, wie stressig unser Alltag ist und wie viel Zeit und Energie wir in unser eigenes Wohlbefinden investieren. Hautpflege wird zum Ausdruck von Selfcare. Dabei r\u00fcckt nicht nur das Gesicht in den Fokus, sondern der gesamte K\u00f6rper. H\u00e4nde, F\u00fcsse, Schultern, R\u00fccken \u2013 alle Hautzonen verdienen Aufmerksamkeit. Dieser ganzheitliche Ansatz nennt sich &#8222;Skinification of Everything&#8220;: Was fr\u00fcher nur f\u00fcrs Gesicht galt \u2013 Seren, Masken, Massage \u2013 wird jetzt auf den ganzen K\u00f6rper \u00fcbertragen. Kein Wunder, denn unsere Haut ist unser gr\u00f6sstes Organ. Sie sch\u00fctzt, reguliert, signalisiert \u2013 und sie reagiert sensibel auf Stress, Schlafmangel, Ern\u00e4hrung und \u00e4ussere Einfl\u00fcsse. Unsere H\u00e4nde: sichtbar, sensibel, oft vergessen Wir benutzen sie jeden Tag, sie sind immer im Einsatz \u2013 und trotzdem pflegen wir sie oft zu wenig. Dabei sind H\u00e4nde ein echtes Aush\u00e4ngeschild. Unsere Handcremen sind\u00a0unser t\u00e4glicher Begleiter: Sie sch\u00fctzen, n\u00e4hren, regenerieren und st\u00e4rken die Hautbarriere. F\u00fcr uns sind sie mehr als nur Cremen &#8211; sie sind ein Statement f\u00fcr gepflegte und gesunde Haut. Jetzt entdecken Unsere F\u00fcsse: das Fundament unseres Wohlbefindens F\u00fcsse tragen uns durchs Leben. Je mehr wir das sch\u00e4tzen, desto mehr Aufmerksamkeit sollten wir ihnen schenken. Die Tal Med Fusspflegelinie\u00a0spendet intensive Feuchtigkeit, beruhigt gestresste Haut, hilft bei Rissen und pflegt beanspruchte Stellen sp\u00fcrbar weich. Wir sagen: Fussroutine ist nicht optional \u2013 sie ist ein Akt der Selbstf\u00fcrsorge. Jetzt entdecken Unser Gesicht: klar, ruhig, gepflegt Nat\u00fcrlich ist unser Gesicht im Zentrum jeder Pflege. Aber auch hier z\u00e4hlt Qualit\u00e4t statt Quantit\u00e4t. Mit unseren Tal ABSOLUE Gesichtspflege-Produkten setzen wir auf pflanzliche Wirkstoffe wie Edelweiss und Kamille, kombiniert mit beruhigenden Inhaltsstoffen wie Zink und Hyaluron.\u00a0 Jetzt entdecken Selfcare heisst: sich bewusst Zeit nehmen Pflege bedeutet f\u00fcr uns mehr als nur Eincremen. Es geht um Rituale. Um Achtsamkeit. Um kurze Momente im Alltag, in denen wir durchatmen, zur Ruhe kommen und uns etwas Gutes tun. Eine Handmassage am Morgen. Ein Fussbad am Abend. Kleine Routinen, grosse Wirkung. Wenn wir dazu noch auf unsere Ern\u00e4hrung achten, genug trinken, uns bewegen und innerlich wie \u00e4usserlich gut mit N\u00e4hrstoffen versorgen \u2013 dann entsteht Balance. Dann wird Pflege zu echter Selfcare. Fazit: Unsere Haut verdient mehr Wir glauben nicht an schnellen Glow. Wir glauben an langfristige Gesundheit. Unsere Haut begleitet uns ein Leben lang \u2013 und sie zeigt uns, wie wir mit uns selbst umgehen. Deshalb setzen wir bei Tal auf durchdachte, gezielte Produkte f\u00fcr Gesicht, H\u00e4nde und F\u00fcsse. Wir glauben: Hautpflege ist mehr als ein Trend. Sie ist eine Haltung. Und diese Haltung tragen wir mit Stolz \u2013 Tag f\u00fcr Tag, Schicht f\u00fcr Schicht.\" \/>\n<meta property=\"og:url\" content=\"https:\/\/tal.ch\/en\/skincare-trifft-selfcare\/\" \/>\n<meta property=\"og:site_name\" content=\"Tal\" \/>\n<meta property=\"article:publisher\" content=\"https:\/\/www.facebook.com\/tal.schweiz\/\" \/>\n<meta property=\"article:published_time\" content=\"2025-07-17T09:08:01+00:00\" \/>\n<meta property=\"article:modified_time\" content=\"2025-07-17T09:31:17+00:00\" \/>\n<meta property=\"og:image\" content=\"https:\/\/tal.ch\/wp-content\/uploads\/2025\/07\/AdobeStock_288323416-scaled.jpeg\" \/>\n\t<meta property=\"og:image:width\" content=\"2560\" \/>\n\t<meta property=\"og:image:height\" content=\"1707\" \/>\n\t<meta property=\"og:image:type\" content=\"image\/jpeg\" \/>\n<meta name=\"author\" content=\"Raphael\" \/>\n<meta name=\"twitter:card\" content=\"summary_large_image\" \/>\n<meta name=\"twitter:label1\" content=\"Written by\" \/>\n\t<meta name=\"twitter:data1\" content=\"Raphael\" \/>\n\t<meta name=\"twitter:label2\" content=\"Estimated reading time\" \/>\n\t<meta name=\"twitter:data2\" content=\"3 minutes\" \/>\n<script type=\"application\/ld+json\" class=\"yoast-schema-graph\">{\"@context\":\"https:\\\/\\\/schema.org\",\"@graph\":[{\"@type\":\"Article\",\"@id\":\"https:\\\/\\\/tal.ch\\\/skincare-trifft-selfcare\\\/#article\",\"isPartOf\":{\"@id\":\"https:\\\/\\\/tal.ch\\\/skincare-trifft-selfcare\\\/\"},\"author\":{\"name\":\"Raphael\",\"@id\":\"https:\\\/\\\/tal.ch\\\/#\\\/schema\\\/person\\\/8b9ffa10e1447c63c33b560fa799799c\"},\"headline\":\"Hautpflege ist Selbstf\u00fcrsorge\",\"datePublished\":\"2025-07-17T09:08:01+00:00\",\"dateModified\":\"2025-07-17T09:31:17+00:00\",\"mainEntityOfPage\":{\"@id\":\"https:\\\/\\\/tal.ch\\\/skincare-trifft-selfcare\\\/\"},\"wordCount\":484,\"publisher\":{\"@id\":\"https:\\\/\\\/tal.ch\\\/#organization\"},\"image\":{\"@id\":\"https:\\\/\\\/tal.ch\\\/skincare-trifft-selfcare\\\/#primaryimage\"},\"thumbnailUrl\":\"https:\\\/\\\/tal.ch\\\/wp-content\\\/uploads\\\/2025\\\/07\\\/AdobeStock_288323416-scaled.jpeg\",\"articleSection\":[\"Uncategorized\"],\"inLanguage\":\"en-GB\"},{\"@type\":\"WebPage\",\"@id\":\"https:\\\/\\\/tal.ch\\\/skincare-trifft-selfcare\\\/\",\"url\":\"https:\\\/\\\/tal.ch\\\/skincare-trifft-selfcare\\\/\",\"name\":\"Hautpflege ist Selbstf\u00fcrsorge - Tal\",\"isPartOf\":{\"@id\":\"https:\\\/\\\/tal.ch\\\/#website\"},\"primaryImageOfPage\":{\"@id\":\"https:\\\/\\\/tal.ch\\\/skincare-trifft-selfcare\\\/#primaryimage\"},\"image\":{\"@id\":\"https:\\\/\\\/tal.ch\\\/skincare-trifft-selfcare\\\/#primaryimage\"},\"thumbnailUrl\":\"https:\\\/\\\/tal.ch\\\/wp-content\\\/uploads\\\/2025\\\/07\\\/AdobeStock_288323416-scaled.jpeg\",\"datePublished\":\"2025-07-17T09:08:01+00:00\",\"dateModified\":\"2025-07-17T09:31:17+00:00\",\"breadcrumb\":{\"@id\":\"https:\\\/\\\/tal.ch\\\/skincare-trifft-selfcare\\\/#breadcrumb\"},\"inLanguage\":\"en-GB\",\"potentialAction\":[{\"@type\":\"ReadAction\",\"target\":[\"https:\\\/\\\/tal.ch\\\/skincare-trifft-selfcare\\\/\"]}]},{\"@type\":\"ImageObject\",\"inLanguage\":\"en-GB\",\"@id\":\"https:\\\/\\\/tal.ch\\\/skincare-trifft-selfcare\\\/#primaryimage\",\"url\":\"https:\\\/\\\/tal.ch\\\/wp-content\\\/uploads\\\/2025\\\/07\\\/AdobeStock_288323416-scaled.jpeg\",\"contentUrl\":\"https:\\\/\\\/tal.ch\\\/wp-content\\\/uploads\\\/2025\\\/07\\\/AdobeStock_288323416-scaled.jpeg\",\"width\":2560,\"height\":1707,\"caption\":\"Cheerful young female model has pleasant smile, covers eye with cosmetic sponge, enjoys all benefits of patches, reduces wrinkles, wears wrapped towel on head, has skincare routine after awakening\"},{\"@type\":\"BreadcrumbList\",\"@id\":\"https:\\\/\\\/tal.ch\\\/skincare-trifft-selfcare\\\/#breadcrumb\",\"itemListElement\":[{\"@type\":\"ListItem\",\"position\":1,\"name\":\"Startseite\",\"item\":\"https:\\\/\\\/tal.ch\\\/\"},{\"@type\":\"ListItem\",\"position\":2,\"name\":\"Hautpflege ist Selbstf\u00fcrsorge\"}]},{\"@type\":\"WebSite\",\"@id\":\"https:\\\/\\\/tal.ch\\\/#website\",\"url\":\"https:\\\/\\\/tal.ch\\\/\",\"name\":\"Tal\",\"description\":\"Pflanzenextrakte von h\u00f6chster Qualit\u00e4t\",\"publisher\":{\"@id\":\"https:\\\/\\\/tal.ch\\\/#organization\"},\"potentialAction\":[{\"@type\":\"SearchAction\",\"target\":{\"@type\":\"EntryPoint\",\"urlTemplate\":\"https:\\\/\\\/tal.ch\\\/?s={search_term_string}\"},\"query-input\":{\"@type\":\"PropertyValueSpecification\",\"valueRequired\":true,\"valueName\":\"search_term_string\"}}],\"inLanguage\":\"en-GB\"},{\"@type\":\"Organization\",\"@id\":\"https:\\\/\\\/tal.ch\\\/#organization\",\"name\":\"Tal\",\"url\":\"https:\\\/\\\/tal.ch\\\/\",\"logo\":{\"@type\":\"ImageObject\",\"inLanguage\":\"en-GB\",\"@id\":\"https:\\\/\\\/tal.ch\\\/#\\\/schema\\\/logo\\\/image\\\/\",\"url\":\"https:\\\/\\\/tal.ch\\\/wp-content\\\/uploads\\\/2024\\\/02\\\/Logo-Tal.png\",\"contentUrl\":\"https:\\\/\\\/tal.ch\\\/wp-content\\\/uploads\\\/2024\\\/02\\\/Logo-Tal.png\",\"width\":100,\"height\":157,\"caption\":\"Tal\"},\"image\":{\"@id\":\"https:\\\/\\\/tal.ch\\\/#\\\/schema\\\/logo\\\/image\\\/\"},\"sameAs\":[\"https:\\\/\\\/www.facebook.com\\\/tal.schweiz\\\/\"]},{\"@type\":\"Person\",\"@id\":\"https:\\\/\\\/tal.ch\\\/#\\\/schema\\\/person\\\/8b9ffa10e1447c63c33b560fa799799c\",\"name\":\"Raphael\",\"image\":{\"@type\":\"ImageObject\",\"inLanguage\":\"en-GB\",\"@id\":\"https:\\\/\\\/secure.gravatar.com\\\/avatar\\\/c7b37db84d350dcdacf9fa51c2818cce6ba2e874e3a6f666047ca5a022512106?s=96&d=mm&r=g\",\"url\":\"https:\\\/\\\/secure.gravatar.com\\\/avatar\\\/c7b37db84d350dcdacf9fa51c2818cce6ba2e874e3a6f666047ca5a022512106?s=96&d=mm&r=g\",\"contentUrl\":\"https:\\\/\\\/secure.gravatar.com\\\/avatar\\\/c7b37db84d350dcdacf9fa51c2818cce6ba2e874e3a6f666047ca5a022512106?s=96&d=mm&r=g\",\"caption\":\"Raphael\"},\"url\":\"https:\\\/\\\/tal.ch\\\/en\\\/author\\\/raphael\\\/\"}]}<\/script>\n<!-- \/ Yoast SEO plugin. -->","yoast_head_json":{"title":"Hautpflege ist Selbstf\u00fcrsorge - Tal","robots":{"index":"index","follow":"follow","max-snippet":"max-snippet:-1","max-image-preview":"max-image-preview:large","max-video-preview":"max-video-preview:-1"},"canonical":"https:\/\/tal.ch\/en\/skincare-trifft-selfcare\/","og_locale":"en_GB","og_type":"article","og_title":"Hautpflege ist Selbstf\u00fcrsorge - Tal","og_description":"Hautpflege ist Selbstf\u00fcrsorge Gesunde Haut ist mehr als ein sch\u00f6nes Gesicht. Sie ist ein Spiegel unseres Lebensstils, unserer Routinen \u2013 und unseres Umgangs mit uns selbst. Die Haut zeigt auf, wie wir uns ern\u00e4hren, wie stressig unser Alltag ist und wie viel Zeit und Energie wir in unser eigenes Wohlbefinden investieren. Hautpflege wird zum Ausdruck von Selfcare. Dabei r\u00fcckt nicht nur das Gesicht in den Fokus, sondern der gesamte K\u00f6rper. H\u00e4nde, F\u00fcsse, Schultern, R\u00fccken \u2013 alle Hautzonen verdienen Aufmerksamkeit. Dieser ganzheitliche Ansatz nennt sich &#8222;Skinification of Everything&#8220;: Was fr\u00fcher nur f\u00fcrs Gesicht galt \u2013 Seren, Masken, Massage \u2013 wird jetzt auf den ganzen K\u00f6rper \u00fcbertragen. Kein Wunder, denn unsere Haut ist unser gr\u00f6sstes Organ. Sie sch\u00fctzt, reguliert, signalisiert \u2013 und sie reagiert sensibel auf Stress, Schlafmangel, Ern\u00e4hrung und \u00e4ussere Einfl\u00fcsse. Unsere H\u00e4nde: sichtbar, sensibel, oft vergessen Wir benutzen sie jeden Tag, sie sind immer im Einsatz \u2013 und trotzdem pflegen wir sie oft zu wenig. Dabei sind H\u00e4nde ein echtes Aush\u00e4ngeschild. Unsere Handcremen sind\u00a0unser t\u00e4glicher Begleiter: Sie sch\u00fctzen, n\u00e4hren, regenerieren und st\u00e4rken die Hautbarriere. F\u00fcr uns sind sie mehr als nur Cremen &#8211; sie sind ein Statement f\u00fcr gepflegte und gesunde Haut. Jetzt entdecken Unsere F\u00fcsse: das Fundament unseres Wohlbefindens F\u00fcsse tragen uns durchs Leben. Je mehr wir das sch\u00e4tzen, desto mehr Aufmerksamkeit sollten wir ihnen schenken. Die Tal Med Fusspflegelinie\u00a0spendet intensive Feuchtigkeit, beruhigt gestresste Haut, hilft bei Rissen und pflegt beanspruchte Stellen sp\u00fcrbar weich. Wir sagen: Fussroutine ist nicht optional \u2013 sie ist ein Akt der Selbstf\u00fcrsorge. Jetzt entdecken Unser Gesicht: klar, ruhig, gepflegt Nat\u00fcrlich ist unser Gesicht im Zentrum jeder Pflege. Aber auch hier z\u00e4hlt Qualit\u00e4t statt Quantit\u00e4t. Mit unseren Tal ABSOLUE Gesichtspflege-Produkten setzen wir auf pflanzliche Wirkstoffe wie Edelweiss und Kamille, kombiniert mit beruhigenden Inhaltsstoffen wie Zink und Hyaluron.\u00a0 Jetzt entdecken Selfcare heisst: sich bewusst Zeit nehmen Pflege bedeutet f\u00fcr uns mehr als nur Eincremen. Es geht um Rituale. Um Achtsamkeit. Um kurze Momente im Alltag, in denen wir durchatmen, zur Ruhe kommen und uns etwas Gutes tun. Eine Handmassage am Morgen. Ein Fussbad am Abend. Kleine Routinen, grosse Wirkung. Wenn wir dazu noch auf unsere Ern\u00e4hrung achten, genug trinken, uns bewegen und innerlich wie \u00e4usserlich gut mit N\u00e4hrstoffen versorgen \u2013 dann entsteht Balance. Dann wird Pflege zu echter Selfcare. Fazit: Unsere Haut verdient mehr Wir glauben nicht an schnellen Glow. Wir glauben an langfristige Gesundheit. Unsere Haut begleitet uns ein Leben lang \u2013 und sie zeigt uns, wie wir mit uns selbst umgehen. Deshalb setzen wir bei Tal auf durchdachte, gezielte Produkte f\u00fcr Gesicht, H\u00e4nde und F\u00fcsse. Wir glauben: Hautpflege ist mehr als ein Trend. Sie ist eine Haltung. Und diese Haltung tragen wir mit Stolz \u2013 Tag f\u00fcr Tag, Schicht f\u00fcr Schicht.","og_url":"https:\/\/tal.ch\/en\/skincare-trifft-selfcare\/","og_site_name":"Tal","article_publisher":"https:\/\/www.facebook.com\/tal.schweiz\/","article_published_time":"2025-07-17T09:08:01+00:00","article_modified_time":"2025-07-17T09:31:17+00:00","og_image":[{"width":2560,"height":1707,"url":"https:\/\/tal.ch\/wp-content\/uploads\/2025\/07\/AdobeStock_288323416-scaled.jpeg","type":"image\/jpeg"}],"author":"Raphael","twitter_card":"summary_large_image","twitter_misc":{"Written by":"Raphael","Estimated reading time":"3 minutes"},"schema":{"@context":"https:\/\/schema.org","@graph":[{"@type":"Article","@id":"https:\/\/tal.ch\/skincare-trifft-selfcare\/#article","isPartOf":{"@id":"https:\/\/tal.ch\/skincare-trifft-selfcare\/"},"author":{"name":"Raphael","@id":"https:\/\/tal.ch\/#\/schema\/person\/8b9ffa10e1447c63c33b560fa799799c"},"headline":"Hautpflege ist Selbstf\u00fcrsorge","datePublished":"2025-07-17T09:08:01+00:00","dateModified":"2025-07-17T09:31:17+00:00","mainEntityOfPage":{"@id":"https:\/\/tal.ch\/skincare-trifft-selfcare\/"},"wordCount":484,"publisher":{"@id":"https:\/\/tal.ch\/#organization"},"image":{"@id":"https:\/\/tal.ch\/skincare-trifft-selfcare\/#primaryimage"},"thumbnailUrl":"https:\/\/tal.ch\/wp-content\/uploads\/2025\/07\/AdobeStock_288323416-scaled.jpeg","articleSection":["Uncategorized"],"inLanguage":"en-GB"},{"@type":"WebPage","@id":"https:\/\/tal.ch\/skincare-trifft-selfcare\/","url":"https:\/\/tal.ch\/skincare-trifft-selfcare\/","name":"Hautpflege ist Selbstf\u00fcrsorge - Tal","isPartOf":{"@id":"https:\/\/tal.ch\/#website"},"primaryImageOfPage":{"@id":"https:\/\/tal.ch\/skincare-trifft-selfcare\/#primaryimage"},"image":{"@id":"https:\/\/tal.ch\/skincare-trifft-selfcare\/#primaryimage"},"thumbnailUrl":"https:\/\/tal.ch\/wp-content\/uploads\/2025\/07\/AdobeStock_288323416-scaled.jpeg","datePublished":"2025-07-17T09:08:01+00:00","dateModified":"2025-07-17T09:31:17+00:00","breadcrumb":{"@id":"https:\/\/tal.ch\/skincare-trifft-selfcare\/#breadcrumb"},"inLanguage":"en-GB","potentialAction":[{"@type":"ReadAction","target":["https:\/\/tal.ch\/skincare-trifft-selfcare\/"]}]},{"@type":"ImageObject","inLanguage":"en-GB","@id":"https:\/\/tal.ch\/skincare-trifft-selfcare\/#primaryimage","url":"https:\/\/tal.ch\/wp-content\/uploads\/2025\/07\/AdobeStock_288323416-scaled.jpeg","contentUrl":"https:\/\/tal.ch\/wp-content\/uploads\/2025\/07\/AdobeStock_288323416-scaled.jpeg","width":2560,"height":1707,"caption":"Cheerful young female model has pleasant smile, covers eye with cosmetic sponge, enjoys all benefits of patches, reduces wrinkles, wears wrapped towel on head, has skincare routine after awakening"},{"@type":"BreadcrumbList","@id":"https:\/\/tal.ch\/skincare-trifft-selfcare\/#breadcrumb","itemListElement":[{"@type":"ListItem","position":1,"name":"Startseite","item":"https:\/\/tal.ch\/"},{"@type":"ListItem","position":2,"name":"Hautpflege ist Selbstf\u00fcrsorge"}]},{"@type":"WebSite","@id":"https:\/\/tal.ch\/#website","url":"https:\/\/tal.ch\/","name":"Valley","description":"Plant extracts of the highest quality","publisher":{"@id":"https:\/\/tal.ch\/#organization"},"potentialAction":[{"@type":"SearchAction","target":{"@type":"EntryPoint","urlTemplate":"https:\/\/tal.ch\/?s={search_term_string}"},"query-input":{"@type":"PropertyValueSpecification","valueRequired":true,"valueName":"search_term_string"}}],"inLanguage":"en-GB"},{"@type":"Organization","@id":"https:\/\/tal.ch\/#organization","name":"Valley","url":"https:\/\/tal.ch\/","logo":{"@type":"ImageObject","inLanguage":"en-GB","@id":"https:\/\/tal.ch\/#\/schema\/logo\/image\/","url":"https:\/\/tal.ch\/wp-content\/uploads\/2024\/02\/Logo-Tal.png","contentUrl":"https:\/\/tal.ch\/wp-content\/uploads\/2024\/02\/Logo-Tal.png","width":100,"height":157,"caption":"Tal"},"image":{"@id":"https:\/\/tal.ch\/#\/schema\/logo\/image\/"},"sameAs":["https:\/\/www.facebook.com\/tal.schweiz\/"]},{"@type":"Person","@id":"https:\/\/tal.ch\/#\/schema\/person\/8b9ffa10e1447c63c33b560fa799799c","name":"Raphael","image":{"@type":"ImageObject","inLanguage":"en-GB","@id":"https:\/\/secure.gravatar.com\/avatar\/c7b37db84d350dcdacf9fa51c2818cce6ba2e874e3a6f666047ca5a022512106?s=96&d=mm&r=g","url":"https:\/\/secure.gravatar.com\/avatar\/c7b37db84d350dcdacf9fa51c2818cce6ba2e874e3a6f666047ca5a022512106?s=96&d=mm&r=g","contentUrl":"https:\/\/secure.gravatar.com\/avatar\/c7b37db84d350dcdacf9fa51c2818cce6ba2e874e3a6f666047ca5a022512106?s=96&d=mm&r=g","caption":"Raphael"},"url":"https:\/\/tal.ch\/en\/author\/raphael\/"}]}},"_links":{"self":[{"href":"https:\/\/tal.ch\/en\/wp-json\/wp\/v2\/posts\/15704","targetHints":{"allow":["GET"]}}],"collection":[{"href":"https:\/\/tal.ch\/en\/wp-json\/wp\/v2\/posts"}],"about":[{"href":"https:\/\/tal.ch\/en\/wp-json\/wp\/v2\/types\/post"}],"author":[{"embeddable":true,"href":"https:\/\/tal.ch\/en\/wp-json\/wp\/v2\/users\/2"}],"replies":[{"embeddable":true,"href":"https:\/\/tal.ch\/en\/wp-json\/wp\/v2\/comments?post=15704"}],"version-history":[{"count":34,"href":"https:\/\/tal.ch\/en\/wp-json\/wp\/v2\/posts\/15704\/revisions"}],"predecessor-version":[{"id":15740,"href":"https:\/\/tal.ch\/en\/wp-json\/wp\/v2\/posts\/15704\/revisions\/15740"}],"wp:featuredmedia":[{"embeddable":true,"href":"https:\/\/tal.ch\/en\/wp-json\/wp\/v2\/media\/15713"}],"wp:attachment":[{"href":"https:\/\/tal.ch\/en\/wp-json\/wp\/v2\/media?parent=15704"}],"wp:term":[{"taxonomy":"category","embeddable":true,"href":"https:\/\/tal.ch\/en\/wp-json\/wp\/v2\/categories?post=15704"},{"taxonomy":"post_tag","embeddable":true,"href":"https:\/\/tal.ch\/en\/wp-json\/wp\/v2\/tags?post=15704"}],"curies":[{"name":"wp","href":"https:\/\/api.w.org\/{rel}","templated":true}]}}