{"id":16677,"date":"2026-04-24T12:26:56","date_gmt":"2026-04-24T12:26:56","guid":{"rendered":"https:\/\/tal.ch\/?p=16677"},"modified":"2026-04-24T12:36:25","modified_gmt":"2026-04-24T12:36:25","slug":"fruehlingszeit-ist-fusszeit","status":"publish","type":"post","link":"https:\/\/tal.ch\/en\/fruehlingszeit-ist-fusszeit\/","title":{"rendered":"Springtime is foot time"},"content":{"rendered":"<div data-elementor-type=\"wp-post\" data-elementor-id=\"16677\" class=\"elementor elementor-16677\" data-elementor-post-type=\"post\">\n\t\t\t\t<div class=\"elementor-element elementor-element-7428a6a e-con-full e-flex wpr-particle-no wpr-jarallax-no wpr-parallax-no wpr-sticky-section-no wpr-equal-height-no e-con e-parent\" data-id=\"7428a6a\" data-element_type=\"container\" data-e-type=\"container\">\n\t\t\t\t<div class=\"elementor-element elementor-element-6361637 elementor-widget elementor-widget-spacer\" data-id=\"6361637\" data-element_type=\"widget\" data-e-type=\"widget\" data-widget_type=\"spacer.default\">\n\t\t\t\t\t\t\t<div class=\"elementor-spacer\">\n\t\t\t<div class=\"elementor-spacer-inner\"><\/div>\n\t\t<\/div>\n\t\t\t\t\t\t<\/div>\n\t\t\t\t<\/div>\n\t\t<div class=\"elementor-element elementor-element-bfb8d54 e-con-full e-flex wpr-particle-no wpr-jarallax-no wpr-parallax-no wpr-sticky-section-no wpr-equal-height-no e-con e-parent\" data-id=\"bfb8d54\" data-element_type=\"container\" data-e-type=\"container\">\n\t\t\t\t<div class=\"elementor-element elementor-element-bd2bc5f elementor-widget elementor-widget-heading\" data-id=\"bd2bc5f\" data-element_type=\"widget\" data-e-type=\"widget\" data-widget_type=\"heading.default\">\n\t\t\t\t\t<h1 class=\"elementor-heading-title elementor-size-default\">Foot care in spring: tips for healthy and well-groomed feet<\/h1>\t\t\t\t<\/div>\n\t\t\t\t<div class=\"elementor-element elementor-element-73c64b2 elementor-widget elementor-widget-image\" data-id=\"73c64b2\" data-element_type=\"widget\" data-e-type=\"widget\" data-widget_type=\"image.default\">\n\t\t\t\t\t\t\t\t\t\t\t\t\t\t\t<img fetchpriority=\"high\" decoding=\"async\" width=\"2000\" height=\"1333\" src=\"https:\/\/tal.ch\/wp-content\/uploads\/2026\/04\/Fusspflege-Fruehling.jpg\" class=\"attachment-full size-full wp-image-16698\" alt=\"\" srcset=\"https:\/\/tal.ch\/wp-content\/uploads\/2026\/04\/Fusspflege-Fruehling.jpg 2000w, https:\/\/tal.ch\/wp-content\/uploads\/2026\/04\/Fusspflege-Fruehling-300x200.jpg 300w, https:\/\/tal.ch\/wp-content\/uploads\/2026\/04\/Fusspflege-Fruehling-1024x682.jpg 1024w, https:\/\/tal.ch\/wp-content\/uploads\/2026\/04\/Fusspflege-Fruehling-768x512.jpg 768w, https:\/\/tal.ch\/wp-content\/uploads\/2026\/04\/Fusspflege-Fruehling-1536x1024.jpg 1536w, https:\/\/tal.ch\/wp-content\/uploads\/2026\/04\/Fusspflege-Fruehling-18x12.jpg 18w, https:\/\/tal.ch\/wp-content\/uploads\/2026\/04\/Fusspflege-Fruehling-600x400.jpg 600w\" sizes=\"(max-width: 2000px) 100vw, 2000px\" \/>\t\t\t\t\t\t\t\t\t\t\t\t\t\t\t<\/div>\n\t\t\t\t<\/div>\n\t\t<div class=\"elementor-element elementor-element-e7d296a e-con-full e-flex wpr-particle-no wpr-jarallax-no wpr-parallax-no wpr-sticky-section-no wpr-equal-height-no e-con e-parent\" data-id=\"e7d296a\" data-element_type=\"container\" data-e-type=\"container\">\n\t\t\t\t<div class=\"elementor-element elementor-element-84b4e8b elementor-widget elementor-widget-text-editor\" data-id=\"84b4e8b\" data-element_type=\"widget\" data-e-type=\"widget\" data-widget_type=\"text-editor.default\">\n\t\t\t\t\t\t\t\t\t<p data-start=\"76\" data-end=\"393\">As soon as the temperatures rise, sandals, trainers and open shoes make a comeback. This also brings the feet back into focus. However, dry, rough or cracked skin often appears after the winter. Now is the right time to take targeted <strong data-start=\"336\" data-end=\"362\">Foot care in spring<\/strong> and optimally prepare the skin.<\/p>\t\t\t\t\t\t\t\t<\/div>\n\t\t\t\t<\/div>\n\t\t<div class=\"elementor-element elementor-element-8f12ae6 e-con-full e-flex wpr-particle-no wpr-jarallax-no wpr-parallax-no wpr-sticky-section-no wpr-equal-height-no e-con e-parent\" data-id=\"8f12ae6\" data-element_type=\"container\" data-e-type=\"container\">\n\t\t\t\t<div class=\"elementor-element elementor-element-90725df elementor-widget elementor-widget-heading\" data-id=\"90725df\" data-element_type=\"widget\" data-e-type=\"widget\" data-widget_type=\"heading.default\">\n\t\t\t\t\t<h3 class=\"elementor-heading-title elementor-size-default\"><h3 data-section-id=\"1udn156\" data-start=\"588\" data-end=\"617\">Why feet need special care in spring<span style=\"color: inherit\"><\/span><\/h3><\/h3>\t\t\t\t<\/div>\n\t\t\t\t<div class=\"elementor-element elementor-element-4b1f8ca elementor-widget elementor-widget-text-editor\" data-id=\"4b1f8ca\" data-element_type=\"widget\" data-e-type=\"widget\" data-widget_type=\"text-editor.default\">\n\t\t\t\t\t\t\t\t\t<p data-start=\"464\" data-end=\"756\">Closed shoes, dry heating air and little exercise have left their mark in winter. The skin loses moisture and the natural protective barrier is weakened. Right now it needs <strong data-start=\"675\" data-end=\"722\">Intensive moisture and targeted protection<\/strong>, to become supple again.<\/p><p data-start=\"758\" data-end=\"1062\">The <strong data-start=\"762\" data-end=\"787\">Tal Foot Care Foam<\/strong> supports precisely this process. With 10 % urea, it deeply moisturises the skin, while marigold and selected alpine herbs have a calming and nourishing effect. The light foam texture is quickly absorbed and can be easily integrated into everyday life.<\/p>\t\t\t\t\t\t\t\t<\/div>\n\t\t\t\t<\/div>\n\t\t<div class=\"elementor-element elementor-element-8eccb53 e-con-full e-flex wpr-particle-no wpr-jarallax-no wpr-parallax-no wpr-sticky-section-no wpr-equal-height-no e-con e-parent\" data-id=\"8eccb53\" data-element_type=\"container\" data-e-type=\"container\">\n\t\t\t\t<div class=\"elementor-element elementor-element-e8878da elementor-widget elementor-widget-heading\" data-id=\"e8878da\" data-element_type=\"widget\" data-e-type=\"widget\" data-widget_type=\"heading.default\">\n\t\t\t\t\t<h3 class=\"elementor-heading-title elementor-size-default\">The balance of the skin: Why the microbiome is important<\/h3>\t\t\t\t<\/div>\n\t\t\t\t<div class=\"elementor-element elementor-element-488f14e elementor-widget elementor-widget-text-editor\" data-id=\"488f14e\" data-element_type=\"widget\" data-e-type=\"widget\" data-widget_type=\"text-editor.default\">\n\t\t\t\t\t\t\t\t\t<p>A large number of microorganisms live on our skin, which together form the so-called microbiome. This natural balance protects the skin and helps to keep it healthy. If it is disturbed, the skin can dry out more quickly or react more sensitively.<\/p><p>This balance is particularly challenged on the feet. Heat, moisture and wearing closed shoes create conditions in which microorganisms can multiply. Targeted care helps the skin to maintain its natural balance.<\/p><p>Tal Shoe Deodorant Spray helps to neutralise unpleasant odours and inhibit odour-causing microorganisms. This maintains freshness without unnecessarily burdening the skin.<\/p>\t\t\t\t\t\t\t\t<\/div>\n\t\t\t\t<\/div>\n\t\t<div class=\"elementor-element elementor-element-bbcf93a e-con-full e-flex wpr-particle-no wpr-jarallax-no wpr-parallax-no wpr-sticky-section-no wpr-equal-height-no e-con e-parent\" data-id=\"bbcf93a\" data-element_type=\"container\" data-e-type=\"container\">\n\t\t\t\t<div class=\"elementor-element elementor-element-c4b20dd elementor-widget elementor-widget-heading\" data-id=\"c4b20dd\" data-element_type=\"widget\" data-e-type=\"widget\" data-widget_type=\"heading.default\">\n\t\t\t\t\t<h3 class=\"elementor-heading-title elementor-size-default\"><h3 data-section-id=\"1qrmi3i\" data-start=\"1391\" data-end=\"1435\">Care that adapts to your everyday life<span style=\"color: inherit\"><\/span><\/h3><\/h3>\t\t\t\t<\/div>\n\t\t\t\t<div class=\"elementor-element elementor-element-0fb8d0e elementor-widget elementor-widget-text-editor\" data-id=\"0fb8d0e\" data-element_type=\"widget\" data-e-type=\"widget\" data-widget_type=\"text-editor.default\">\n\t\t\t\t\t\t\t\t\t<p data-start=\"1947\" data-end=\"2293\">Many people want foot care that is effective and at the same time fits easily into everyday life. Light textures that are quickly absorbed and do not leave a sticky feeling make regular use easier. At the same time, proven active ingredients such as urea ensure that the skin is provided with lasting moisture.<\/p>\t\t\t\t\t\t\t\t<\/div>\n\t\t\t\t<\/div>\n\t\t<div class=\"elementor-element elementor-element-15eaa9d e-con-full e-flex wpr-particle-no wpr-jarallax-no wpr-parallax-no wpr-sticky-section-no wpr-equal-height-no e-con e-parent\" data-id=\"15eaa9d\" data-element_type=\"container\" data-e-type=\"container\">\n\t\t\t\t<div class=\"elementor-element elementor-element-310c8c6 elementor-widget elementor-widget-heading\" data-id=\"310c8c6\" data-element_type=\"widget\" data-e-type=\"widget\" data-widget_type=\"heading.default\">\n\t\t\t\t\t<h3 class=\"elementor-heading-title elementor-size-default\">Conclusion: the right time is now<\/h3>\t\t\t\t<\/div>\n\t\t\t\t<div class=\"elementor-element elementor-element-0cd76a0 elementor-widget elementor-widget-text-editor\" data-id=\"0cd76a0\" data-element_type=\"widget\" data-e-type=\"widget\" data-widget_type=\"text-editor.default\">\n\t\t\t\t\t\t\t\t\t<p>Spring is the ideal opportunity to pay more attention to your feet again. With the right care, dry patches can be reduced and the skin becomes supple again.<\/p><p>If you start early, you create the best basis for healthy and well-groomed feet - ready for everything the warm season brings.<\/p>\t\t\t\t\t\t\t\t<\/div>\n\t\t\t\t<\/div>\n\t\t<div class=\"elementor-element elementor-element-c6b0626 e-con-full e-flex wpr-particle-no wpr-jarallax-no wpr-parallax-no wpr-sticky-section-no wpr-equal-height-no e-con e-parent\" data-id=\"c6b0626\" data-element_type=\"container\" data-e-type=\"container\" data-settings=\"{&quot;background_background&quot;:&quot;classic&quot;}\">\n\t\t\t\t<div class=\"elementor-element elementor-element-c11ada0 elementor-post-navigation-borders-yes elementor-widget elementor-widget-global elementor-global-9032 elementor-widget-post-navigation\" data-id=\"c11ada0\" data-element_type=\"widget\" data-e-type=\"widget\" data-widget_type=\"post-navigation.default\">\n\t\t\t\t\t\t\t<div class=\"elementor-post-navigation\" role=\"navigation\" aria-label=\"Post Navigation\">\n\t\t\t<div class=\"elementor-post-navigation__prev elementor-post-navigation__link\">\n\t\t\t\t<a href=\"https:\/\/tal.ch\/en\/hautbarriere-und-mikrobiom\/\" rel=\"prev\"><span class=\"post-navigation__arrow-wrapper post-navigation__arrow-prev\"><svg aria-hidden=\"true\" class=\"e-font-icon-svg e-fas-angle-left\" viewbox=\"0 0 256 512\" xmlns=\"http:\/\/www.w3.org\/2000\/svg\"><path d=\"M31.7 239l136-136c9.4-9.4 24.6-9.4 33.9 0l22.6 22.6c9.4 9.4 9.4 24.6 0 33.9L127.9 256l96.4 96.4c9.4 9.4 9.4 24.6 0 33.9L201.7 409c-9.4 9.4-24.6 9.4-33.9 0l-136-136c-9.5-9.4-9.5-24.6-.1-34z\"><\/path><\/svg><span class=\"elementor-screen-only\">Prev<\/span><\/span><span class=\"elementor-post-navigation__link__prev\"><span class=\"post-navigation__prev--label\">Previous<\/span><span class=\"post-navigation__prev--title\">Skin barrier and microbiome: Why healthy skin starts with its protective layer<\/span><\/span><\/a>\t\t\t<\/div>\n\t\t\t\t\t\t\t<div class=\"elementor-post-navigation__separator-wrapper\">\n\t\t\t\t\t<div class=\"elementor-post-navigation__separator\"><\/div>\n\t\t\t\t<\/div>\n\t\t\t\t\t\t<div class=\"elementor-post-navigation__next elementor-post-navigation__link\">\n\t\t\t\t\t\t\t<\/div>\n\t\t<\/div>\n\t\t\t\t\t\t<\/div>\n\t\t\t\t<\/div>\n\t\t<div class=\"elementor-element elementor-element-c8e97a1 e-flex e-con-boxed wpr-particle-no wpr-jarallax-no wpr-parallax-no wpr-sticky-section-no wpr-equal-height-no e-con e-parent\" data-id=\"c8e97a1\" data-element_type=\"container\" data-e-type=\"container\">\n\t\t\t\t\t<div class=\"e-con-inner\">\n\t\t\t\t<div class=\"elementor-element elementor-element-e27732d elementor-widget elementor-widget-spacer\" data-id=\"e27732d\" data-element_type=\"widget\" data-e-type=\"widget\" data-widget_type=\"spacer.default\">\n\t\t\t\t\t\t\t<div class=\"elementor-spacer\">\n\t\t\t<div class=\"elementor-spacer-inner\"><\/div>\n\t\t<\/div>\n\t\t\t\t\t\t<\/div>\n\t\t\t\t\t<\/div>\n\t\t\t\t<\/div>\n\t\t\t\t<\/div>","protected":false},"excerpt":{"rendered":"<p>Foot care in spring: tips for healthy and well-groomed feet As soon as the temperatures rise, sandals, trainers and open shoes make a comeback. This also puts the focus back on your feet. However, dry, rough or cracked skin often appears after the winter. Now is the right time to focus on foot care in spring and prepare the skin in the best possible way. Why feet need special care in spring Closed shoes, dry heated air and little exercise have left their mark in winter. The skin loses moisture and the natural protective barrier is weakened. Right now it needs intensive moisturising and targeted protection to become supple again. Tal Foot Care Foam supports precisely this process. With 10 % urea, it deeply moisturises the skin, while marigold and selected alpine herbs have a soothing and nourishing effect. The light foam texture is quickly absorbed and can be easily integrated into everyday life. The balance of the skin: why the microbiome is important Our skin is home to a multitude of microorganisms that together form the so-called microbiome. This natural balance protects the skin and helps to keep it healthy. If it is disturbed, the skin can dry out more quickly or react more sensitively. This balance is particularly important for the feet. Heat, moisture and wearing closed shoes create conditions in which microorganisms can multiply. Targeted care helps the skin to maintain its natural balance. Tal Shoe Deodorant Spray helps to neutralise unpleasant odours and inhibit odour-causing microorganisms. This maintains freshness without unnecessarily burdening the skin. Care that adapts to your everyday life Many people want foot care that is effective and at the same time fits easily into their everyday lives. Light textures that are quickly absorbed and do not leave a sticky feeling make regular use easier. At the same time, proven active ingredients such as urea ensure that the skin is provided with lasting moisture. Conclusion: Now is the right time Spring is the ideal opportunity to pay more attention to your feet again. With the right care, dry patches can be reduced and the skin becomes supple again. If you start early, you will create the best foundation for healthy and well-groomed feet - ready for everything the warm season brings.<\/p>","protected":false},"author":2,"featured_media":16679,"comment_status":"closed","ping_status":"closed","sticky":false,"template":"elementor_header_footer","format":"standard","meta":{"footnotes":""},"categories":[1],"tags":[69,70,66,68,67],"class_list":["post-16677","post","type-post","status-publish","format-standard","has-post-thumbnail","hentry","category-uncategorized","tag-fusspflege-fruehling","tag-fusspflege-tipps","tag-fusspflege-urea","tag-mikrobiom-haut","tag-trockene-fuesse"],"yoast_head":"<!-- This site is optimized with the Yoast SEO plugin v27.4 - https:\/\/yoast.com\/product\/yoast-seo-wordpress\/ -->\n<title>Fr\u00fchlingszeit ist Fusszeit - Tal<\/title>\n<meta name=\"description\" content=\"Fusspflege im Fr\u00fchling: So sch\u00fctzen Sie Ihre F\u00fcsse vor Trockenheit, st\u00e4rken das Mikrobiom und sorgen f\u00fcr gepflegte Haut.\" \/>\n<meta name=\"robots\" content=\"index, follow, max-snippet:-1, max-image-preview:large, max-video-preview:-1\" \/>\n<link rel=\"canonical\" href=\"https:\/\/tal.ch\/en\/fruehlingszeit-ist-fusszeit\/\" \/>\n<meta property=\"og:locale\" content=\"en_GB\" \/>\n<meta property=\"og:type\" content=\"article\" \/>\n<meta property=\"og:title\" content=\"Fr\u00fchlingszeit ist Fusszeit - Tal\" \/>\n<meta property=\"og:description\" content=\"Fusspflege im Fr\u00fchling: So sch\u00fctzen Sie Ihre F\u00fcsse vor Trockenheit, st\u00e4rken das Mikrobiom und sorgen f\u00fcr gepflegte Haut.\" \/>\n<meta property=\"og:url\" content=\"https:\/\/tal.ch\/en\/fruehlingszeit-ist-fusszeit\/\" \/>\n<meta property=\"og:site_name\" content=\"Tal\" \/>\n<meta property=\"article:publisher\" content=\"https:\/\/www.facebook.com\/tal.schweiz\/\" \/>\n<meta property=\"article:published_time\" content=\"2026-04-24T12:26:56+00:00\" \/>\n<meta property=\"article:modified_time\" content=\"2026-04-24T12:36:25+00:00\" \/>\n<meta property=\"og:image\" content=\"https:\/\/tal.ch\/wp-content\/uploads\/2026\/04\/Tal-Fuss-Familie-Low-Res_YB_7290.jpg\" \/>\n\t<meta property=\"og:image:width\" content=\"2000\" \/>\n\t<meta property=\"og:image:height\" content=\"1333\" \/>\n\t<meta property=\"og:image:type\" content=\"image\/jpeg\" \/>\n<meta name=\"author\" content=\"Raphael\" \/>\n<meta name=\"twitter:card\" content=\"summary_large_image\" \/>\n<meta name=\"twitter:label1\" content=\"Written by\" \/>\n\t<meta name=\"twitter:data1\" content=\"Raphael\" \/>\n\t<meta name=\"twitter:label2\" content=\"Estimated reading time\" \/>\n\t<meta name=\"twitter:data2\" content=\"3 minutes\" \/>\n<script type=\"application\/ld+json\" class=\"yoast-schema-graph\">{\"@context\":\"https:\\\/\\\/schema.org\",\"@graph\":[{\"@type\":\"Article\",\"@id\":\"https:\\\/\\\/tal.ch\\\/fruehlingszeit-ist-fusszeit\\\/#article\",\"isPartOf\":{\"@id\":\"https:\\\/\\\/tal.ch\\\/fruehlingszeit-ist-fusszeit\\\/\"},\"author\":{\"name\":\"Raphael\",\"@id\":\"https:\\\/\\\/tal.ch\\\/#\\\/schema\\\/person\\\/8b9ffa10e1447c63c33b560fa799799c\"},\"headline\":\"Fr\u00fchlingszeit ist Fusszeit\",\"datePublished\":\"2026-04-24T12:26:56+00:00\",\"dateModified\":\"2026-04-24T12:36:25+00:00\",\"mainEntityOfPage\":{\"@id\":\"https:\\\/\\\/tal.ch\\\/fruehlingszeit-ist-fusszeit\\\/\"},\"wordCount\":409,\"publisher\":{\"@id\":\"https:\\\/\\\/tal.ch\\\/#organization\"},\"image\":{\"@id\":\"https:\\\/\\\/tal.ch\\\/fruehlingszeit-ist-fusszeit\\\/#primaryimage\"},\"thumbnailUrl\":\"https:\\\/\\\/tal.ch\\\/wp-content\\\/uploads\\\/2026\\\/04\\\/Tal-Fuss-Familie-Low-Res_YB_7290.jpg\",\"keywords\":[\"Fusspflege Fr\u00fchling\",\"Fusspflege Tipps\",\"Fusspflege Urea\",\"Mikrobiom Haut\",\"trockene Fuesse\"],\"articleSection\":[\"Uncategorized\"],\"inLanguage\":\"en-GB\"},{\"@type\":\"WebPage\",\"@id\":\"https:\\\/\\\/tal.ch\\\/fruehlingszeit-ist-fusszeit\\\/\",\"url\":\"https:\\\/\\\/tal.ch\\\/fruehlingszeit-ist-fusszeit\\\/\",\"name\":\"Fr\u00fchlingszeit ist Fusszeit - Tal\",\"isPartOf\":{\"@id\":\"https:\\\/\\\/tal.ch\\\/#website\"},\"primaryImageOfPage\":{\"@id\":\"https:\\\/\\\/tal.ch\\\/fruehlingszeit-ist-fusszeit\\\/#primaryimage\"},\"image\":{\"@id\":\"https:\\\/\\\/tal.ch\\\/fruehlingszeit-ist-fusszeit\\\/#primaryimage\"},\"thumbnailUrl\":\"https:\\\/\\\/tal.ch\\\/wp-content\\\/uploads\\\/2026\\\/04\\\/Tal-Fuss-Familie-Low-Res_YB_7290.jpg\",\"datePublished\":\"2026-04-24T12:26:56+00:00\",\"dateModified\":\"2026-04-24T12:36:25+00:00\",\"description\":\"Fusspflege im Fr\u00fchling: So sch\u00fctzen Sie Ihre F\u00fcsse vor Trockenheit, st\u00e4rken das Mikrobiom und sorgen f\u00fcr gepflegte Haut.\",\"breadcrumb\":{\"@id\":\"https:\\\/\\\/tal.ch\\\/fruehlingszeit-ist-fusszeit\\\/#breadcrumb\"},\"inLanguage\":\"en-GB\",\"potentialAction\":[{\"@type\":\"ReadAction\",\"target\":[\"https:\\\/\\\/tal.ch\\\/fruehlingszeit-ist-fusszeit\\\/\"]}]},{\"@type\":\"ImageObject\",\"inLanguage\":\"en-GB\",\"@id\":\"https:\\\/\\\/tal.ch\\\/fruehlingszeit-ist-fusszeit\\\/#primaryimage\",\"url\":\"https:\\\/\\\/tal.ch\\\/wp-content\\\/uploads\\\/2026\\\/04\\\/Tal-Fuss-Familie-Low-Res_YB_7290.jpg\",\"contentUrl\":\"https:\\\/\\\/tal.ch\\\/wp-content\\\/uploads\\\/2026\\\/04\\\/Tal-Fuss-Familie-Low-Res_YB_7290.jpg\",\"width\":2000,\"height\":1333,\"caption\":\"Tal MED Fusslinie\"},{\"@type\":\"BreadcrumbList\",\"@id\":\"https:\\\/\\\/tal.ch\\\/fruehlingszeit-ist-fusszeit\\\/#breadcrumb\",\"itemListElement\":[{\"@type\":\"ListItem\",\"position\":1,\"name\":\"Startseite\",\"item\":\"https:\\\/\\\/tal.ch\\\/\"},{\"@type\":\"ListItem\",\"position\":2,\"name\":\"Fr\u00fchlingszeit ist Fusszeit\"}]},{\"@type\":\"WebSite\",\"@id\":\"https:\\\/\\\/tal.ch\\\/#website\",\"url\":\"https:\\\/\\\/tal.ch\\\/\",\"name\":\"Tal\",\"description\":\"Pflanzenextrakte von h\u00f6chster Qualit\u00e4t\",\"publisher\":{\"@id\":\"https:\\\/\\\/tal.ch\\\/#organization\"},\"potentialAction\":[{\"@type\":\"SearchAction\",\"target\":{\"@type\":\"EntryPoint\",\"urlTemplate\":\"https:\\\/\\\/tal.ch\\\/?s={search_term_string}\"},\"query-input\":{\"@type\":\"PropertyValueSpecification\",\"valueRequired\":true,\"valueName\":\"search_term_string\"}}],\"inLanguage\":\"en-GB\"},{\"@type\":\"Organization\",\"@id\":\"https:\\\/\\\/tal.ch\\\/#organization\",\"name\":\"Tal\",\"url\":\"https:\\\/\\\/tal.ch\\\/\",\"logo\":{\"@type\":\"ImageObject\",\"inLanguage\":\"en-GB\",\"@id\":\"https:\\\/\\\/tal.ch\\\/#\\\/schema\\\/logo\\\/image\\\/\",\"url\":\"https:\\\/\\\/tal.ch\\\/wp-content\\\/uploads\\\/2024\\\/02\\\/Logo-Tal.png\",\"contentUrl\":\"https:\\\/\\\/tal.ch\\\/wp-content\\\/uploads\\\/2024\\\/02\\\/Logo-Tal.png\",\"width\":100,\"height\":157,\"caption\":\"Tal\"},\"image\":{\"@id\":\"https:\\\/\\\/tal.ch\\\/#\\\/schema\\\/logo\\\/image\\\/\"},\"sameAs\":[\"https:\\\/\\\/www.facebook.com\\\/tal.schweiz\\\/\"]},{\"@type\":\"Person\",\"@id\":\"https:\\\/\\\/tal.ch\\\/#\\\/schema\\\/person\\\/8b9ffa10e1447c63c33b560fa799799c\",\"name\":\"Raphael\",\"image\":{\"@type\":\"ImageObject\",\"inLanguage\":\"en-GB\",\"@id\":\"https:\\\/\\\/secure.gravatar.com\\\/avatar\\\/c7b37db84d350dcdacf9fa51c2818cce6ba2e874e3a6f666047ca5a022512106?s=96&d=mm&r=g\",\"url\":\"https:\\\/\\\/secure.gravatar.com\\\/avatar\\\/c7b37db84d350dcdacf9fa51c2818cce6ba2e874e3a6f666047ca5a022512106?s=96&d=mm&r=g\",\"contentUrl\":\"https:\\\/\\\/secure.gravatar.com\\\/avatar\\\/c7b37db84d350dcdacf9fa51c2818cce6ba2e874e3a6f666047ca5a022512106?s=96&d=mm&r=g\",\"caption\":\"Raphael\"},\"url\":\"https:\\\/\\\/tal.ch\\\/en\\\/author\\\/raphael\\\/\"}]}<\/script>\n<!-- \/ Yoast SEO plugin. -->","yoast_head_json":{"title":"Fr\u00fchlingszeit ist Fusszeit - Tal","description":"Fusspflege im Fr\u00fchling: So sch\u00fctzen Sie Ihre F\u00fcsse vor Trockenheit, st\u00e4rken das Mikrobiom und sorgen f\u00fcr gepflegte Haut.","robots":{"index":"index","follow":"follow","max-snippet":"max-snippet:-1","max-image-preview":"max-image-preview:large","max-video-preview":"max-video-preview:-1"},"canonical":"https:\/\/tal.ch\/en\/fruehlingszeit-ist-fusszeit\/","og_locale":"en_GB","og_type":"article","og_title":"Fr\u00fchlingszeit ist Fusszeit - Tal","og_description":"Fusspflege im Fr\u00fchling: So sch\u00fctzen Sie Ihre F\u00fcsse vor Trockenheit, st\u00e4rken das Mikrobiom und sorgen f\u00fcr gepflegte Haut.","og_url":"https:\/\/tal.ch\/en\/fruehlingszeit-ist-fusszeit\/","og_site_name":"Tal","article_publisher":"https:\/\/www.facebook.com\/tal.schweiz\/","article_published_time":"2026-04-24T12:26:56+00:00","article_modified_time":"2026-04-24T12:36:25+00:00","og_image":[{"width":2000,"height":1333,"url":"https:\/\/tal.ch\/wp-content\/uploads\/2026\/04\/Tal-Fuss-Familie-Low-Res_YB_7290.jpg","type":"image\/jpeg"}],"author":"Raphael","twitter_card":"summary_large_image","twitter_misc":{"Written by":"Raphael","Estimated reading time":"3 minutes"},"schema":{"@context":"https:\/\/schema.org","@graph":[{"@type":"Article","@id":"https:\/\/tal.ch\/fruehlingszeit-ist-fusszeit\/#article","isPartOf":{"@id":"https:\/\/tal.ch\/fruehlingszeit-ist-fusszeit\/"},"author":{"name":"Raphael","@id":"https:\/\/tal.ch\/#\/schema\/person\/8b9ffa10e1447c63c33b560fa799799c"},"headline":"Fr\u00fchlingszeit ist Fusszeit","datePublished":"2026-04-24T12:26:56+00:00","dateModified":"2026-04-24T12:36:25+00:00","mainEntityOfPage":{"@id":"https:\/\/tal.ch\/fruehlingszeit-ist-fusszeit\/"},"wordCount":409,"publisher":{"@id":"https:\/\/tal.ch\/#organization"},"image":{"@id":"https:\/\/tal.ch\/fruehlingszeit-ist-fusszeit\/#primaryimage"},"thumbnailUrl":"https:\/\/tal.ch\/wp-content\/uploads\/2026\/04\/Tal-Fuss-Familie-Low-Res_YB_7290.jpg","keywords":["Fusspflege Fr\u00fchling","Fusspflege Tipps","Fusspflege Urea","Mikrobiom Haut","trockene Fuesse"],"articleSection":["Uncategorized"],"inLanguage":"en-GB"},{"@type":"WebPage","@id":"https:\/\/tal.ch\/fruehlingszeit-ist-fusszeit\/","url":"https:\/\/tal.ch\/fruehlingszeit-ist-fusszeit\/","name":"Fr\u00fchlingszeit ist Fusszeit - Tal","isPartOf":{"@id":"https:\/\/tal.ch\/#website"},"primaryImageOfPage":{"@id":"https:\/\/tal.ch\/fruehlingszeit-ist-fusszeit\/#primaryimage"},"image":{"@id":"https:\/\/tal.ch\/fruehlingszeit-ist-fusszeit\/#primaryimage"},"thumbnailUrl":"https:\/\/tal.ch\/wp-content\/uploads\/2026\/04\/Tal-Fuss-Familie-Low-Res_YB_7290.jpg","datePublished":"2026-04-24T12:26:56+00:00","dateModified":"2026-04-24T12:36:25+00:00","description":"Fusspflege im Fr\u00fchling: So sch\u00fctzen Sie Ihre F\u00fcsse vor Trockenheit, st\u00e4rken das Mikrobiom und sorgen f\u00fcr gepflegte Haut.","breadcrumb":{"@id":"https:\/\/tal.ch\/fruehlingszeit-ist-fusszeit\/#breadcrumb"},"inLanguage":"en-GB","potentialAction":[{"@type":"ReadAction","target":["https:\/\/tal.ch\/fruehlingszeit-ist-fusszeit\/"]}]},{"@type":"ImageObject","inLanguage":"en-GB","@id":"https:\/\/tal.ch\/fruehlingszeit-ist-fusszeit\/#primaryimage","url":"https:\/\/tal.ch\/wp-content\/uploads\/2026\/04\/Tal-Fuss-Familie-Low-Res_YB_7290.jpg","contentUrl":"https:\/\/tal.ch\/wp-content\/uploads\/2026\/04\/Tal-Fuss-Familie-Low-Res_YB_7290.jpg","width":2000,"height":1333,"caption":"Tal MED Fusslinie"},{"@type":"BreadcrumbList","@id":"https:\/\/tal.ch\/fruehlingszeit-ist-fusszeit\/#breadcrumb","itemListElement":[{"@type":"ListItem","position":1,"name":"Startseite","item":"https:\/\/tal.ch\/"},{"@type":"ListItem","position":2,"name":"Fr\u00fchlingszeit ist Fusszeit"}]},{"@type":"WebSite","@id":"https:\/\/tal.ch\/#website","url":"https:\/\/tal.ch\/","name":"Valley","description":"Plant extracts of the highest quality","publisher":{"@id":"https:\/\/tal.ch\/#organization"},"potentialAction":[{"@type":"SearchAction","target":{"@type":"EntryPoint","urlTemplate":"https:\/\/tal.ch\/?s={search_term_string}"},"query-input":{"@type":"PropertyValueSpecification","valueRequired":true,"valueName":"search_term_string"}}],"inLanguage":"en-GB"},{"@type":"Organization","@id":"https:\/\/tal.ch\/#organization","name":"Valley","url":"https:\/\/tal.ch\/","logo":{"@type":"ImageObject","inLanguage":"en-GB","@id":"https:\/\/tal.ch\/#\/schema\/logo\/image\/","url":"https:\/\/tal.ch\/wp-content\/uploads\/2024\/02\/Logo-Tal.png","contentUrl":"https:\/\/tal.ch\/wp-content\/uploads\/2024\/02\/Logo-Tal.png","width":100,"height":157,"caption":"Tal"},"image":{"@id":"https:\/\/tal.ch\/#\/schema\/logo\/image\/"},"sameAs":["https:\/\/www.facebook.com\/tal.schweiz\/"]},{"@type":"Person","@id":"https:\/\/tal.ch\/#\/schema\/person\/8b9ffa10e1447c63c33b560fa799799c","name":"Raphael","image":{"@type":"ImageObject","inLanguage":"en-GB","@id":"https:\/\/secure.gravatar.com\/avatar\/c7b37db84d350dcdacf9fa51c2818cce6ba2e874e3a6f666047ca5a022512106?s=96&d=mm&r=g","url":"https:\/\/secure.gravatar.com\/avatar\/c7b37db84d350dcdacf9fa51c2818cce6ba2e874e3a6f666047ca5a022512106?s=96&d=mm&r=g","contentUrl":"https:\/\/secure.gravatar.com\/avatar\/c7b37db84d350dcdacf9fa51c2818cce6ba2e874e3a6f666047ca5a022512106?s=96&d=mm&r=g","caption":"Raphael"},"url":"https:\/\/tal.ch\/en\/author\/raphael\/"}]}},"_links":{"self":[{"href":"https:\/\/tal.ch\/en\/wp-json\/wp\/v2\/posts\/16677","targetHints":{"allow":["GET"]}}],"collection":[{"href":"https:\/\/tal.ch\/en\/wp-json\/wp\/v2\/posts"}],"about":[{"href":"https:\/\/tal.ch\/en\/wp-json\/wp\/v2\/types\/post"}],"author":[{"embeddable":true,"href":"https:\/\/tal.ch\/en\/wp-json\/wp\/v2\/users\/2"}],"replies":[{"embeddable":true,"href":"https:\/\/tal.ch\/en\/wp-json\/wp\/v2\/comments?post=16677"}],"version-history":[{"count":25,"href":"https:\/\/tal.ch\/en\/wp-json\/wp\/v2\/posts\/16677\/revisions"}],"predecessor-version":[{"id":16705,"href":"https:\/\/tal.ch\/en\/wp-json\/wp\/v2\/posts\/16677\/revisions\/16705"}],"wp:featuredmedia":[{"embeddable":true,"href":"https:\/\/tal.ch\/en\/wp-json\/wp\/v2\/media\/16679"}],"wp:attachment":[{"href":"https:\/\/tal.ch\/en\/wp-json\/wp\/v2\/media?parent=16677"}],"wp:term":[{"taxonomy":"category","embeddable":true,"href":"https:\/\/tal.ch\/en\/wp-json\/wp\/v2\/categories?post=16677"},{"taxonomy":"post_tag","embeddable":true,"href":"https:\/\/tal.ch\/en\/wp-json\/wp\/v2\/tags?post=16677"}],"curies":[{"name":"wp","href":"https:\/\/api.w.org\/{rel}","templated":true}]}}