{"id":8853,"date":"2024-04-24T08:37:10","date_gmt":"2024-04-24T08:37:10","guid":{"rendered":"https:\/\/tal.ch\/wp\/?p=8853"},"modified":"2024-11-21T09:23:19","modified_gmt":"2024-11-21T09:23:19","slug":"wir-spenden-ueber-200-kinderlachen","status":"publish","type":"post","link":"https:\/\/tal.ch\/en\/wir-spenden-ueber-200-kinderlachen\/","title":{"rendered":"We donate over 200 children's smiles"},"content":{"rendered":"<div data-elementor-type=\"wp-post\" data-elementor-id=\"8853\" class=\"elementor elementor-8853\" data-elementor-post-type=\"post\">\n\t\t\t\t<div class=\"elementor-element elementor-element-dc4690a e-con-full e-flex wpr-particle-no wpr-jarallax-no wpr-parallax-no wpr-sticky-section-no wpr-equal-height-no e-con e-parent\" data-id=\"dc4690a\" data-element_type=\"container\" data-e-type=\"container\">\n\t\t\t\t<div class=\"elementor-element elementor-element-d8c49ff elementor-widget elementor-widget-spacer\" data-id=\"d8c49ff\" data-element_type=\"widget\" data-e-type=\"widget\" data-widget_type=\"spacer.default\">\n\t\t\t\t\t\t\t<div class=\"elementor-spacer\">\n\t\t\t<div class=\"elementor-spacer-inner\"><\/div>\n\t\t<\/div>\n\t\t\t\t\t\t<\/div>\n\t\t\t\t<\/div>\n\t\t<div class=\"elementor-element elementor-element-af4cafd e-con-full e-flex wpr-particle-no wpr-jarallax-no wpr-parallax-no wpr-sticky-section-no wpr-equal-height-no e-con e-parent\" data-id=\"af4cafd\" data-element_type=\"container\" data-e-type=\"container\">\n\t\t\t\t<div class=\"elementor-element elementor-element-e6967e4 elementor-widget elementor-widget-heading\" data-id=\"e6967e4\" data-element_type=\"widget\" data-e-type=\"widget\" data-widget_type=\"heading.default\">\n\t\t\t\t\t<h2 class=\"elementor-heading-title elementor-size-default\">We donate over 200 children's smiles<\/h2>\t\t\t\t<\/div>\n\t\t\t\t<div class=\"elementor-element elementor-element-f67681b elementor-widget elementor-widget-image\" data-id=\"f67681b\" data-element_type=\"widget\" data-e-type=\"widget\" data-widget_type=\"image.default\">\n\t\t\t\t\t\t\t\t\t\t\t\t\t\t\t<img fetchpriority=\"high\" decoding=\"async\" width=\"1600\" height=\"900\" src=\"https:\/\/tal.ch\/wp-content\/uploads\/2024\/04\/Tal-Spendenuebergabe-Stiftung-Theodora.jpg\" class=\"attachment-full size-full wp-image-8855\" alt=\"\" srcset=\"https:\/\/tal.ch\/wp-content\/uploads\/2024\/04\/Tal-Spendenuebergabe-Stiftung-Theodora.jpg 1600w, https:\/\/tal.ch\/wp-content\/uploads\/2024\/04\/Tal-Spendenuebergabe-Stiftung-Theodora-300x169.jpg 300w, https:\/\/tal.ch\/wp-content\/uploads\/2024\/04\/Tal-Spendenuebergabe-Stiftung-Theodora-1024x576.jpg 1024w, https:\/\/tal.ch\/wp-content\/uploads\/2024\/04\/Tal-Spendenuebergabe-Stiftung-Theodora-768x432.jpg 768w, https:\/\/tal.ch\/wp-content\/uploads\/2024\/04\/Tal-Spendenuebergabe-Stiftung-Theodora-1536x864.jpg 1536w, https:\/\/tal.ch\/wp-content\/uploads\/2024\/04\/Tal-Spendenuebergabe-Stiftung-Theodora-600x338.jpg 600w\" sizes=\"(max-width: 1600px) 100vw, 1600px\" \/>\t\t\t\t\t\t\t\t\t\t\t\t\t\t\t<\/div>\n\t\t\t\t<div class=\"elementor-element elementor-element-0ca114c elementor-widget elementor-widget-spacer\" data-id=\"0ca114c\" data-element_type=\"widget\" data-e-type=\"widget\" data-widget_type=\"spacer.default\">\n\t\t\t\t\t\t\t<div class=\"elementor-spacer\">\n\t\t\t<div class=\"elementor-spacer-inner\"><\/div>\n\t\t<\/div>\n\t\t\t\t\t\t<\/div>\n\t\t\t\t<div class=\"elementor-element elementor-element-d2afcc7 elementor-widget elementor-widget-text-editor\" data-id=\"d2afcc7\" data-element_type=\"widget\" data-e-type=\"widget\" data-widget_type=\"text-editor.default\">\n\t\t\t\t\t\t\t\t\t<p><strong>In spring 2023, we launched our Tal \"Care\" Special Edition. In addition to the eye-catching design, the hand cream also carried an inspiring message. For every hand cream sold, we donated one Swiss franc to the Theodora Foundation. In total, we were able to bring smiles to over 200 children.<\/strong><\/p><p>The skin is the largest and heaviest organ in the human body and makes an important contribution to health. Clean, well-groomed skin boosts self-confidence and makes you feel good in your own skin. Of course, it is not possible to feel good all the time. When you are suffering from health problems or are hospitalised, you don't always feel like laughing. For children in particular, it can be a time of anxiety, worry and pain.<\/p><p>For these reasons, we decided in spring 2023 to donate one Swiss franc per tube of the Special Edition \"Care\" sold to the Theodora Foundation. Since 1993, the Theodora Foundation has been pursuing the goal of brightening up the everyday lives of children in hospitals and specialised institutions with joy and laughter. Every year, the Dream Doctors bring laughter and moments of happiness to thousands of children throughout Switzerland.<\/p><p>The name \"Care\" is also the idea behind our commitment: \"As a family business from Graub\u00fcnden, it is important to us to assume social and societal responsibility. We do this not only by using as many Swiss ingredients as possible in our hand creams and producing them in Switzerland, but also through commitments such as these,\" - says Oliver L\u00fcscher, our CEO. The sale of the hand creams has made it possible to give many children a smile. \"The generous donation from Parsenn-Produkte AG is an unforgettable gift for our children in hospital. Thanks to this valuable support, they receive visits from our dream doctors and experience precious moments of laughter and distraction, which are so important in difficult times. We are deeply grateful.\" - says Andr\u00e9 Poulie, founder of the Theodora Foundation.<\/p><p>True beauty literally comes from within. This commitment emphasises the intrinsic attitude that beauty lies not only in external features, but also in the actions that contribute to enriching and improving the lives of others.<\/p>\t\t\t\t\t\t\t\t<\/div>\n\t\t\t\t<div class=\"elementor-element elementor-element-c5f49e6 elementor-widget elementor-widget-spacer\" data-id=\"c5f49e6\" data-element_type=\"widget\" data-e-type=\"widget\" data-widget_type=\"spacer.default\">\n\t\t\t\t\t\t\t<div class=\"elementor-spacer\">\n\t\t\t<div class=\"elementor-spacer-inner\"><\/div>\n\t\t<\/div>\n\t\t\t\t\t\t<\/div>\n\t\t\t\t<\/div>\n\t\t<div class=\"elementor-element elementor-element-a952eb4 e-con-full e-flex wpr-particle-no wpr-jarallax-no wpr-parallax-no wpr-sticky-section-no wpr-equal-height-no e-con e-parent\" data-id=\"a952eb4\" data-element_type=\"container\" data-e-type=\"container\">\n\t\t\t\t<div class=\"elementor-element elementor-element-3942e12 elementor-widget elementor-widget-spacer\" data-id=\"3942e12\" data-element_type=\"widget\" data-e-type=\"widget\" data-widget_type=\"spacer.default\">\n\t\t\t\t\t\t\t<div class=\"elementor-spacer\">\n\t\t\t<div class=\"elementor-spacer-inner\"><\/div>\n\t\t<\/div>\n\t\t\t\t\t\t<\/div>\n\t\t\t\t<\/div>\n\t\t<div class=\"elementor-element elementor-element-8a0438e e-con-full e-flex wpr-particle-no wpr-jarallax-no wpr-parallax-no wpr-sticky-section-no wpr-equal-height-no e-con e-parent\" data-id=\"8a0438e\" data-element_type=\"container\" data-e-type=\"container\" data-settings=\"{&quot;background_background&quot;:&quot;classic&quot;}\">\n\t\t\t\t<div class=\"elementor-element elementor-element-be39664 elementor-post-navigation-borders-yes elementor-widget elementor-widget-global elementor-global-9032 elementor-widget-post-navigation\" data-id=\"be39664\" data-element_type=\"widget\" data-e-type=\"widget\" data-widget_type=\"post-navigation.default\">\n\t\t\t\t\t\t\t<div class=\"elementor-post-navigation\" role=\"navigation\" aria-label=\"Post Navigation\">\n\t\t\t<div class=\"elementor-post-navigation__prev elementor-post-navigation__link\">\n\t\t\t\t<a href=\"https:\/\/tal.ch\/en\/wanderlust-ohne-wanderfrust\/\" rel=\"prev\"><span class=\"post-navigation__arrow-wrapper post-navigation__arrow-prev\"><svg aria-hidden=\"true\" class=\"e-font-icon-svg e-fas-angle-left\" viewbox=\"0 0 256 512\" xmlns=\"http:\/\/www.w3.org\/2000\/svg\"><path d=\"M31.7 239l136-136c9.4-9.4 24.6-9.4 33.9 0l22.6 22.6c9.4 9.4 9.4 24.6 0 33.9L127.9 256l96.4 96.4c9.4 9.4 9.4 24.6 0 33.9L201.7 409c-9.4 9.4-24.6 9.4-33.9 0l-136-136c-9.5-9.4-9.5-24.6-.1-34z\"><\/path><\/svg><span class=\"elementor-screen-only\">Prev<\/span><\/span><span class=\"elementor-post-navigation__link__prev\"><span class=\"post-navigation__prev--label\">Previous<\/span><span class=\"post-navigation__prev--title\">Wanderlust without wanderlust<\/span><\/span><\/a>\t\t\t<\/div>\n\t\t\t\t\t\t\t<div class=\"elementor-post-navigation__separator-wrapper\">\n\t\t\t\t\t<div class=\"elementor-post-navigation__separator\"><\/div>\n\t\t\t\t<\/div>\n\t\t\t\t\t\t<div class=\"elementor-post-navigation__next elementor-post-navigation__link\">\n\t\t\t\t<a href=\"https:\/\/tal.ch\/en\/tipps-fuer-ihre-gesichtspflege-im-sommer\/\" rel=\"next\"><span class=\"elementor-post-navigation__link__next\"><span class=\"post-navigation__next--label\">Next<\/span><span class=\"post-navigation__next--title\">Tips for your facial care in summer<\/span><\/span><span class=\"post-navigation__arrow-wrapper post-navigation__arrow-next\"><svg aria-hidden=\"true\" class=\"e-font-icon-svg e-fas-angle-right\" viewbox=\"0 0 256 512\" xmlns=\"http:\/\/www.w3.org\/2000\/svg\"><path d=\"M224.3 273l-136 136c-9.4 9.4-24.6 9.4-33.9 0l-22.6-22.6c-9.4-9.4-9.4-24.6 0-33.9l96.4-96.4-96.4-96.4c-9.4-9.4-9.4-24.6 0-33.9L54.3 103c9.4-9.4 24.6-9.4 33.9 0l136 136c9.5 9.4 9.5 24.6.1 34z\"><\/path><\/svg><span class=\"elementor-screen-only\">Next<\/span><\/span><\/a>\t\t\t<\/div>\n\t\t<\/div>\n\t\t\t\t\t\t<\/div>\n\t\t\t\t<\/div>\n\t\t<div class=\"elementor-element elementor-element-c310a21 e-flex e-con-boxed wpr-particle-no wpr-jarallax-no wpr-parallax-no wpr-sticky-section-no wpr-equal-height-no e-con e-parent\" data-id=\"c310a21\" data-element_type=\"container\" data-e-type=\"container\">\n\t\t\t\t\t<div class=\"e-con-inner\">\n\t\t\t\t<div class=\"elementor-element elementor-element-81c9f80 elementor-widget elementor-widget-spacer\" data-id=\"81c9f80\" data-element_type=\"widget\" data-e-type=\"widget\" data-widget_type=\"spacer.default\">\n\t\t\t\t\t\t\t<div class=\"elementor-spacer\">\n\t\t\t<div class=\"elementor-spacer-inner\"><\/div>\n\t\t<\/div>\n\t\t\t\t\t\t<\/div>\n\t\t\t\t\t<\/div>\n\t\t\t\t<\/div>\n\t\t\t\t<\/div>","protected":false},"excerpt":{"rendered":"<p>We donate over 200 children's smiles In spring 2023, we launched our Tal \"Care\" Special Edition. In addition to the eye-catching design, the hand cream also carried an inspiring message. For every hand cream sold, we donated one Swiss franc to the Theodora Foundation. In total, we were able to bring smiles to over 200 children. The skin is the largest and heaviest organ in the human body and makes an important contribution to health. Clean, well-groomed skin boosts self-confidence and makes you feel good in your own skin. Of course, it is not possible to feel good all the time. When you are suffering from health problems or are hospitalised, you don't always feel like laughing. For children in particular, it can be a time of anxiety, worry and pain. For these reasons, we decided in spring 2023 to donate one Swiss franc per tube of the Special Edition \"Care\" sold to the Theodora Foundation. Since 1993, the Theodora Foundation has been pursuing the goal of brightening up the everyday lives of children in hospitals and specialised institutions with joy and laughter. Every year, the Dream Doctors bring laughter and moments of happiness to thousands of children throughout Switzerland. The name \"Care\" is also the idea behind our commitment: \"As a family business from Graub\u00fcnden, it is important to us to assume social and societal responsibility. We do this not only by using as many Swiss ingredients as possible in our hand creams and producing them in Switzerland, but also through commitments such as these,\" - says Oliver L\u00fcscher, our CEO. The sale of the hand creams has made it possible to give many children the gift of laughter. \"The generous donation from Parsenn-Produkte AG is an unforgettable gift for our children in hospital. Thanks to this valuable support, they receive visits from our dream doctors and experience precious moments of laughter and distraction, which are so important in difficult times. We are deeply grateful.\" - says Andr\u00e9 Poulie, founder of the Theodora Foundation. True beauty literally comes from within. This commitment emphasises the intrinsic attitude that beauty lies not only in external features, but also in the actions that contribute to enriching and improving the lives of others.<\/p>","protected":false},"author":1,"featured_media":8855,"comment_status":"closed","ping_status":"closed","sticky":false,"template":"elementor_header_footer","format":"standard","meta":{"footnotes":""},"categories":[1],"tags":[],"class_list":["post-8853","post","type-post","status-publish","format-standard","has-post-thumbnail","hentry","category-uncategorized"],"yoast_head":"<!-- This site is optimized with the Yoast SEO plugin v27.4 - https:\/\/yoast.com\/product\/yoast-seo-wordpress\/ -->\n<title>Wir spenden \u00fcber 200 Kinderlachen - Tal<\/title>\n<meta name=\"robots\" content=\"index, follow, max-snippet:-1, max-image-preview:large, max-video-preview:-1\" \/>\n<link rel=\"canonical\" href=\"https:\/\/tal.ch\/en\/wir-spenden-ueber-200-kinderlachen\/\" \/>\n<meta property=\"og:locale\" content=\"en_GB\" \/>\n<meta property=\"og:type\" content=\"article\" \/>\n<meta property=\"og:title\" content=\"Wir spenden \u00fcber 200 Kinderlachen - Tal\" \/>\n<meta property=\"og:description\" content=\"Wir spenden \u00fcber 200 Kinderlachen Im Fr\u00fchling 2023 lancierten wir unsere Tal \u00abCare\u00bb Special Edition. Neben dem auff\u00e4lligen Design trug die Handcreme auch eine inspirierende Botschaft. Pro verkaufte Handcreme haben wir einen Schweizer Franken f\u00fcr die Stiftung Theodora gespendet. Insgesamt konnten wir dadurch \u00fcber 200 Kinderlachen schenken. Die Haut ist das gr\u00f6\u00dfte und schwerste Organ des Menschen und tr\u00e4gt einen wichtigen Teil zur Gesundheit bei. Eine reine, gepflegte Haut st\u00e4rkt das Selbstvertrauen, sodass man sich wohl in seiner Haut f\u00fchlt. Sich immer wohlzuf\u00fchlen, ist nat\u00fcrlich nicht m\u00f6glich. Wenn man gesundheitlich leidet oder im Spital liegt, ist einem nicht immer zum Lachen zu Mute. Vor allem f\u00fcr Kinder kann es eine Zeit von \u00c4ngsten, Sorgen und Schmerzen sein. Aus diesen Gr\u00fcnden haben wir uns im Fr\u00fchling 2023 entschieden, einen Schweizer Franken pro verkaufte Tube der Special Edition \u00abCare\u00bb an die Stiftung Theodora zu spenden. Die Stiftung Theodora verfolgt seit 1993 das Ziel, den Alltag von Kindern im Spital und in spezialisierten Institutionen mit Freude und Lachen aufzuhellen. Jedes Jahr schenken die Traumdoktoren schweizweit Lachen und Momente des Gl\u00fccks bei tausenden von Kinderbesuchen. Der Name \u00abCare\u00bb, sich k\u00fcmmern, ist zugleich der Gedanke hinter unserem Engagement: \u00abAls Familienunternehmen aus Graub\u00fcnden ist es uns wichtig, soziale und gesellschaftliche Verantwortung zu \u00fcbernehmen. Das tun wir nicht nur, indem wir m\u00f6glichst viele Schweizer Inhaltsstoffe in unseren Handcremes verwenden und sie in der Schweiz produzieren, sondern auch mit Engagements wie diesen.\u00bb \u2013 so Oliver L\u00fcscher, unser CEO. Durch den Verkauf der Handcremes konnten somit viele Kinderlachen geschenkt werden. \u00abDie gro\u00dfz\u00fcgige Spende der Parsenn-Produkte AG ist ein unvergessliches Geschenk f\u00fcr unsere Kinder im Spital. Dank dieser wertvollen Unterst\u00fctzung erhalten sie die Besuche unserer Traumdoktoren und erleben kostbare Momente des Lachens und der Ablenkung, die in schwierigen Zeiten so wichtig sind. Wir sind zutiefst dankbar.\u00bb \u2013 so Andr\u00e9 Poulie, Gr\u00fcnder der Stiftung Theodora. Wahre Sch\u00f6nheit kommt sprichw\u00f6rtlich von innen. Dieses Engagement unterstreicht die intrinsische Haltung, dass Sch\u00f6nheit nicht nur in \u00e4u\u00dferen Merkmalen liegt, sondern auch in den Handlungen, die dazu beitragen, das Leben anderer zu bereichern und zu verbessern.\" \/>\n<meta property=\"og:url\" content=\"https:\/\/tal.ch\/en\/wir-spenden-ueber-200-kinderlachen\/\" \/>\n<meta property=\"og:site_name\" content=\"Tal\" \/>\n<meta property=\"article:publisher\" content=\"https:\/\/www.facebook.com\/tal.schweiz\/\" \/>\n<meta property=\"article:published_time\" content=\"2024-04-24T08:37:10+00:00\" \/>\n<meta property=\"article:modified_time\" content=\"2024-11-21T09:23:19+00:00\" \/>\n<meta property=\"og:image\" content=\"https:\/\/tal.ch\/wp-content\/uploads\/2024\/04\/Tal-Spendenuebergabe-Stiftung-Theodora.jpg\" \/>\n\t<meta property=\"og:image:width\" content=\"1600\" \/>\n\t<meta property=\"og:image:height\" content=\"900\" \/>\n\t<meta property=\"og:image:type\" content=\"image\/jpeg\" \/>\n<meta name=\"author\" content=\"admin\" \/>\n<meta name=\"twitter:card\" content=\"summary_large_image\" \/>\n<meta name=\"twitter:label1\" content=\"Written by\" \/>\n\t<meta name=\"twitter:data1\" content=\"admin\" \/>\n\t<meta name=\"twitter:label2\" content=\"Estimated reading time\" \/>\n\t<meta name=\"twitter:data2\" content=\"3 minutes\" \/>\n<script type=\"application\/ld+json\" class=\"yoast-schema-graph\">{\"@context\":\"https:\\\/\\\/schema.org\",\"@graph\":[{\"@type\":\"Article\",\"@id\":\"https:\\\/\\\/tal.ch\\\/wir-spenden-ueber-200-kinderlachen\\\/#article\",\"isPartOf\":{\"@id\":\"https:\\\/\\\/tal.ch\\\/wir-spenden-ueber-200-kinderlachen\\\/\"},\"author\":{\"name\":\"admin\",\"@id\":\"https:\\\/\\\/tal.ch\\\/#\\\/schema\\\/person\\\/c50274db3af3a2bef1f3324c4e0c9823\"},\"headline\":\"Wir spenden \u00fcber 200 Kinderlachen\",\"datePublished\":\"2024-04-24T08:37:10+00:00\",\"dateModified\":\"2024-11-21T09:23:19+00:00\",\"mainEntityOfPage\":{\"@id\":\"https:\\\/\\\/tal.ch\\\/wir-spenden-ueber-200-kinderlachen\\\/\"},\"wordCount\":364,\"publisher\":{\"@id\":\"https:\\\/\\\/tal.ch\\\/#organization\"},\"image\":{\"@id\":\"https:\\\/\\\/tal.ch\\\/wir-spenden-ueber-200-kinderlachen\\\/#primaryimage\"},\"thumbnailUrl\":\"https:\\\/\\\/tal.ch\\\/wp-content\\\/uploads\\\/2024\\\/04\\\/Tal-Spendenuebergabe-Stiftung-Theodora.jpg\",\"articleSection\":[\"Uncategorized\"],\"inLanguage\":\"en-GB\"},{\"@type\":\"WebPage\",\"@id\":\"https:\\\/\\\/tal.ch\\\/wir-spenden-ueber-200-kinderlachen\\\/\",\"url\":\"https:\\\/\\\/tal.ch\\\/wir-spenden-ueber-200-kinderlachen\\\/\",\"name\":\"Wir spenden \u00fcber 200 Kinderlachen - Tal\",\"isPartOf\":{\"@id\":\"https:\\\/\\\/tal.ch\\\/#website\"},\"primaryImageOfPage\":{\"@id\":\"https:\\\/\\\/tal.ch\\\/wir-spenden-ueber-200-kinderlachen\\\/#primaryimage\"},\"image\":{\"@id\":\"https:\\\/\\\/tal.ch\\\/wir-spenden-ueber-200-kinderlachen\\\/#primaryimage\"},\"thumbnailUrl\":\"https:\\\/\\\/tal.ch\\\/wp-content\\\/uploads\\\/2024\\\/04\\\/Tal-Spendenuebergabe-Stiftung-Theodora.jpg\",\"datePublished\":\"2024-04-24T08:37:10+00:00\",\"dateModified\":\"2024-11-21T09:23:19+00:00\",\"breadcrumb\":{\"@id\":\"https:\\\/\\\/tal.ch\\\/wir-spenden-ueber-200-kinderlachen\\\/#breadcrumb\"},\"inLanguage\":\"en-GB\",\"potentialAction\":[{\"@type\":\"ReadAction\",\"target\":[\"https:\\\/\\\/tal.ch\\\/wir-spenden-ueber-200-kinderlachen\\\/\"]}]},{\"@type\":\"ImageObject\",\"inLanguage\":\"en-GB\",\"@id\":\"https:\\\/\\\/tal.ch\\\/wir-spenden-ueber-200-kinderlachen\\\/#primaryimage\",\"url\":\"https:\\\/\\\/tal.ch\\\/wp-content\\\/uploads\\\/2024\\\/04\\\/Tal-Spendenuebergabe-Stiftung-Theodora.jpg\",\"contentUrl\":\"https:\\\/\\\/tal.ch\\\/wp-content\\\/uploads\\\/2024\\\/04\\\/Tal-Spendenuebergabe-Stiftung-Theodora.jpg\",\"width\":1600,\"height\":900},{\"@type\":\"BreadcrumbList\",\"@id\":\"https:\\\/\\\/tal.ch\\\/wir-spenden-ueber-200-kinderlachen\\\/#breadcrumb\",\"itemListElement\":[{\"@type\":\"ListItem\",\"position\":1,\"name\":\"Startseite\",\"item\":\"https:\\\/\\\/tal.ch\\\/\"},{\"@type\":\"ListItem\",\"position\":2,\"name\":\"Wir spenden \u00fcber 200 Kinderlachen\"}]},{\"@type\":\"WebSite\",\"@id\":\"https:\\\/\\\/tal.ch\\\/#website\",\"url\":\"https:\\\/\\\/tal.ch\\\/\",\"name\":\"Tal\",\"description\":\"Pflanzenextrakte von h\u00f6chster Qualit\u00e4t\",\"publisher\":{\"@id\":\"https:\\\/\\\/tal.ch\\\/#organization\"},\"potentialAction\":[{\"@type\":\"SearchAction\",\"target\":{\"@type\":\"EntryPoint\",\"urlTemplate\":\"https:\\\/\\\/tal.ch\\\/?s={search_term_string}\"},\"query-input\":{\"@type\":\"PropertyValueSpecification\",\"valueRequired\":true,\"valueName\":\"search_term_string\"}}],\"inLanguage\":\"en-GB\"},{\"@type\":\"Organization\",\"@id\":\"https:\\\/\\\/tal.ch\\\/#organization\",\"name\":\"Tal\",\"url\":\"https:\\\/\\\/tal.ch\\\/\",\"logo\":{\"@type\":\"ImageObject\",\"inLanguage\":\"en-GB\",\"@id\":\"https:\\\/\\\/tal.ch\\\/#\\\/schema\\\/logo\\\/image\\\/\",\"url\":\"https:\\\/\\\/tal.ch\\\/wp-content\\\/uploads\\\/2024\\\/02\\\/Logo-Tal.png\",\"contentUrl\":\"https:\\\/\\\/tal.ch\\\/wp-content\\\/uploads\\\/2024\\\/02\\\/Logo-Tal.png\",\"width\":100,\"height\":157,\"caption\":\"Tal\"},\"image\":{\"@id\":\"https:\\\/\\\/tal.ch\\\/#\\\/schema\\\/logo\\\/image\\\/\"},\"sameAs\":[\"https:\\\/\\\/www.facebook.com\\\/tal.schweiz\\\/\"]},{\"@type\":\"Person\",\"@id\":\"https:\\\/\\\/tal.ch\\\/#\\\/schema\\\/person\\\/c50274db3af3a2bef1f3324c4e0c9823\",\"name\":\"admin\",\"image\":{\"@type\":\"ImageObject\",\"inLanguage\":\"en-GB\",\"@id\":\"https:\\\/\\\/secure.gravatar.com\\\/avatar\\\/26347d56374ce1c2e553058b7a25b5e9f82100f9312779b575f86f6d40684f9b?s=96&d=mm&r=g\",\"url\":\"https:\\\/\\\/secure.gravatar.com\\\/avatar\\\/26347d56374ce1c2e553058b7a25b5e9f82100f9312779b575f86f6d40684f9b?s=96&d=mm&r=g\",\"contentUrl\":\"https:\\\/\\\/secure.gravatar.com\\\/avatar\\\/26347d56374ce1c2e553058b7a25b5e9f82100f9312779b575f86f6d40684f9b?s=96&d=mm&r=g\",\"caption\":\"admin\"},\"sameAs\":[\"https:\\\/\\\/tal.ch\"],\"url\":\"https:\\\/\\\/tal.ch\\\/en\\\/author\\\/admin\\\/\"}]}<\/script>\n<!-- \/ Yoast SEO plugin. -->","yoast_head_json":{"title":"We donate over 200 children's smiles - Tal","robots":{"index":"index","follow":"follow","max-snippet":"max-snippet:-1","max-image-preview":"max-image-preview:large","max-video-preview":"max-video-preview:-1"},"canonical":"https:\/\/tal.ch\/en\/wir-spenden-ueber-200-kinderlachen\/","og_locale":"en_GB","og_type":"article","og_title":"Wir spenden \u00fcber 200 Kinderlachen - Tal","og_description":"Wir spenden \u00fcber 200 Kinderlachen Im Fr\u00fchling 2023 lancierten wir unsere Tal \u00abCare\u00bb Special Edition. Neben dem auff\u00e4lligen Design trug die Handcreme auch eine inspirierende Botschaft. Pro verkaufte Handcreme haben wir einen Schweizer Franken f\u00fcr die Stiftung Theodora gespendet. Insgesamt konnten wir dadurch \u00fcber 200 Kinderlachen schenken. Die Haut ist das gr\u00f6\u00dfte und schwerste Organ des Menschen und tr\u00e4gt einen wichtigen Teil zur Gesundheit bei. Eine reine, gepflegte Haut st\u00e4rkt das Selbstvertrauen, sodass man sich wohl in seiner Haut f\u00fchlt. Sich immer wohlzuf\u00fchlen, ist nat\u00fcrlich nicht m\u00f6glich. Wenn man gesundheitlich leidet oder im Spital liegt, ist einem nicht immer zum Lachen zu Mute. Vor allem f\u00fcr Kinder kann es eine Zeit von \u00c4ngsten, Sorgen und Schmerzen sein. Aus diesen Gr\u00fcnden haben wir uns im Fr\u00fchling 2023 entschieden, einen Schweizer Franken pro verkaufte Tube der Special Edition \u00abCare\u00bb an die Stiftung Theodora zu spenden. Die Stiftung Theodora verfolgt seit 1993 das Ziel, den Alltag von Kindern im Spital und in spezialisierten Institutionen mit Freude und Lachen aufzuhellen. Jedes Jahr schenken die Traumdoktoren schweizweit Lachen und Momente des Gl\u00fccks bei tausenden von Kinderbesuchen. Der Name \u00abCare\u00bb, sich k\u00fcmmern, ist zugleich der Gedanke hinter unserem Engagement: \u00abAls Familienunternehmen aus Graub\u00fcnden ist es uns wichtig, soziale und gesellschaftliche Verantwortung zu \u00fcbernehmen. Das tun wir nicht nur, indem wir m\u00f6glichst viele Schweizer Inhaltsstoffe in unseren Handcremes verwenden und sie in der Schweiz produzieren, sondern auch mit Engagements wie diesen.\u00bb \u2013 so Oliver L\u00fcscher, unser CEO. Durch den Verkauf der Handcremes konnten somit viele Kinderlachen geschenkt werden. \u00abDie gro\u00dfz\u00fcgige Spende der Parsenn-Produkte AG ist ein unvergessliches Geschenk f\u00fcr unsere Kinder im Spital. Dank dieser wertvollen Unterst\u00fctzung erhalten sie die Besuche unserer Traumdoktoren und erleben kostbare Momente des Lachens und der Ablenkung, die in schwierigen Zeiten so wichtig sind. Wir sind zutiefst dankbar.\u00bb \u2013 so Andr\u00e9 Poulie, Gr\u00fcnder der Stiftung Theodora. Wahre Sch\u00f6nheit kommt sprichw\u00f6rtlich von innen. Dieses Engagement unterstreicht die intrinsische Haltung, dass Sch\u00f6nheit nicht nur in \u00e4u\u00dferen Merkmalen liegt, sondern auch in den Handlungen, die dazu beitragen, das Leben anderer zu bereichern und zu verbessern.","og_url":"https:\/\/tal.ch\/en\/wir-spenden-ueber-200-kinderlachen\/","og_site_name":"Tal","article_publisher":"https:\/\/www.facebook.com\/tal.schweiz\/","article_published_time":"2024-04-24T08:37:10+00:00","article_modified_time":"2024-11-21T09:23:19+00:00","og_image":[{"width":1600,"height":900,"url":"https:\/\/tal.ch\/wp-content\/uploads\/2024\/04\/Tal-Spendenuebergabe-Stiftung-Theodora.jpg","type":"image\/jpeg"}],"author":"admin","twitter_card":"summary_large_image","twitter_misc":{"Written by":"admin","Estimated reading time":"3 minutes"},"schema":{"@context":"https:\/\/schema.org","@graph":[{"@type":"Article","@id":"https:\/\/tal.ch\/wir-spenden-ueber-200-kinderlachen\/#article","isPartOf":{"@id":"https:\/\/tal.ch\/wir-spenden-ueber-200-kinderlachen\/"},"author":{"name":"admin","@id":"https:\/\/tal.ch\/#\/schema\/person\/c50274db3af3a2bef1f3324c4e0c9823"},"headline":"Wir spenden \u00fcber 200 Kinderlachen","datePublished":"2024-04-24T08:37:10+00:00","dateModified":"2024-11-21T09:23:19+00:00","mainEntityOfPage":{"@id":"https:\/\/tal.ch\/wir-spenden-ueber-200-kinderlachen\/"},"wordCount":364,"publisher":{"@id":"https:\/\/tal.ch\/#organization"},"image":{"@id":"https:\/\/tal.ch\/wir-spenden-ueber-200-kinderlachen\/#primaryimage"},"thumbnailUrl":"https:\/\/tal.ch\/wp-content\/uploads\/2024\/04\/Tal-Spendenuebergabe-Stiftung-Theodora.jpg","articleSection":["Uncategorized"],"inLanguage":"en-GB"},{"@type":"WebPage","@id":"https:\/\/tal.ch\/wir-spenden-ueber-200-kinderlachen\/","url":"https:\/\/tal.ch\/wir-spenden-ueber-200-kinderlachen\/","name":"We donate over 200 children's smiles - Tal","isPartOf":{"@id":"https:\/\/tal.ch\/#website"},"primaryImageOfPage":{"@id":"https:\/\/tal.ch\/wir-spenden-ueber-200-kinderlachen\/#primaryimage"},"image":{"@id":"https:\/\/tal.ch\/wir-spenden-ueber-200-kinderlachen\/#primaryimage"},"thumbnailUrl":"https:\/\/tal.ch\/wp-content\/uploads\/2024\/04\/Tal-Spendenuebergabe-Stiftung-Theodora.jpg","datePublished":"2024-04-24T08:37:10+00:00","dateModified":"2024-11-21T09:23:19+00:00","breadcrumb":{"@id":"https:\/\/tal.ch\/wir-spenden-ueber-200-kinderlachen\/#breadcrumb"},"inLanguage":"en-GB","potentialAction":[{"@type":"ReadAction","target":["https:\/\/tal.ch\/wir-spenden-ueber-200-kinderlachen\/"]}]},{"@type":"ImageObject","inLanguage":"en-GB","@id":"https:\/\/tal.ch\/wir-spenden-ueber-200-kinderlachen\/#primaryimage","url":"https:\/\/tal.ch\/wp-content\/uploads\/2024\/04\/Tal-Spendenuebergabe-Stiftung-Theodora.jpg","contentUrl":"https:\/\/tal.ch\/wp-content\/uploads\/2024\/04\/Tal-Spendenuebergabe-Stiftung-Theodora.jpg","width":1600,"height":900},{"@type":"BreadcrumbList","@id":"https:\/\/tal.ch\/wir-spenden-ueber-200-kinderlachen\/#breadcrumb","itemListElement":[{"@type":"ListItem","position":1,"name":"Startseite","item":"https:\/\/tal.ch\/"},{"@type":"ListItem","position":2,"name":"Wir spenden \u00fcber 200 Kinderlachen"}]},{"@type":"WebSite","@id":"https:\/\/tal.ch\/#website","url":"https:\/\/tal.ch\/","name":"Valley","description":"Plant extracts of the highest quality","publisher":{"@id":"https:\/\/tal.ch\/#organization"},"potentialAction":[{"@type":"SearchAction","target":{"@type":"EntryPoint","urlTemplate":"https:\/\/tal.ch\/?s={search_term_string}"},"query-input":{"@type":"PropertyValueSpecification","valueRequired":true,"valueName":"search_term_string"}}],"inLanguage":"en-GB"},{"@type":"Organization","@id":"https:\/\/tal.ch\/#organization","name":"Valley","url":"https:\/\/tal.ch\/","logo":{"@type":"ImageObject","inLanguage":"en-GB","@id":"https:\/\/tal.ch\/#\/schema\/logo\/image\/","url":"https:\/\/tal.ch\/wp-content\/uploads\/2024\/02\/Logo-Tal.png","contentUrl":"https:\/\/tal.ch\/wp-content\/uploads\/2024\/02\/Logo-Tal.png","width":100,"height":157,"caption":"Tal"},"image":{"@id":"https:\/\/tal.ch\/#\/schema\/logo\/image\/"},"sameAs":["https:\/\/www.facebook.com\/tal.schweiz\/"]},{"@type":"Person","@id":"https:\/\/tal.ch\/#\/schema\/person\/c50274db3af3a2bef1f3324c4e0c9823","name":"admin","image":{"@type":"ImageObject","inLanguage":"en-GB","@id":"https:\/\/secure.gravatar.com\/avatar\/26347d56374ce1c2e553058b7a25b5e9f82100f9312779b575f86f6d40684f9b?s=96&d=mm&r=g","url":"https:\/\/secure.gravatar.com\/avatar\/26347d56374ce1c2e553058b7a25b5e9f82100f9312779b575f86f6d40684f9b?s=96&d=mm&r=g","contentUrl":"https:\/\/secure.gravatar.com\/avatar\/26347d56374ce1c2e553058b7a25b5e9f82100f9312779b575f86f6d40684f9b?s=96&d=mm&r=g","caption":"admin"},"sameAs":["https:\/\/tal.ch"],"url":"https:\/\/tal.ch\/en\/author\/admin\/"}]}},"_links":{"self":[{"href":"https:\/\/tal.ch\/en\/wp-json\/wp\/v2\/posts\/8853","targetHints":{"allow":["GET"]}}],"collection":[{"href":"https:\/\/tal.ch\/en\/wp-json\/wp\/v2\/posts"}],"about":[{"href":"https:\/\/tal.ch\/en\/wp-json\/wp\/v2\/types\/post"}],"author":[{"embeddable":true,"href":"https:\/\/tal.ch\/en\/wp-json\/wp\/v2\/users\/1"}],"replies":[{"embeddable":true,"href":"https:\/\/tal.ch\/en\/wp-json\/wp\/v2\/comments?post=8853"}],"version-history":[{"count":28,"href":"https:\/\/tal.ch\/en\/wp-json\/wp\/v2\/posts\/8853\/revisions"}],"predecessor-version":[{"id":14390,"href":"https:\/\/tal.ch\/en\/wp-json\/wp\/v2\/posts\/8853\/revisions\/14390"}],"wp:featuredmedia":[{"embeddable":true,"href":"https:\/\/tal.ch\/en\/wp-json\/wp\/v2\/media\/8855"}],"wp:attachment":[{"href":"https:\/\/tal.ch\/en\/wp-json\/wp\/v2\/media?parent=8853"}],"wp:term":[{"taxonomy":"category","embeddable":true,"href":"https:\/\/tal.ch\/en\/wp-json\/wp\/v2\/categories?post=8853"},{"taxonomy":"post_tag","embeddable":true,"href":"https:\/\/tal.ch\/en\/wp-json\/wp\/v2\/tags?post=8853"}],"curies":[{"name":"wp","href":"https:\/\/api.w.org\/{rel}","templated":true}]}}