{"id":13730,"date":"2024-08-01T08:00:59","date_gmt":"2024-08-01T08:00:59","guid":{"rendered":"https:\/\/tal.ch\/wp\/?p=13730"},"modified":"2024-11-21T09:19:49","modified_gmt":"2024-11-21T09:19:49","slug":"alles-gute-zum-geburtstag","status":"publish","type":"post","link":"https:\/\/tal.ch\/fr\/alles-gute-zum-geburtstag\/","title":{"rendered":"Joyeux anniversaire !"},"content":{"rendered":"<div data-elementor-type=\"wp-post\" data-elementor-id=\"13730\" class=\"elementor elementor-13730\" data-elementor-post-type=\"post\">\n\t\t\t\t<div class=\"elementor-element elementor-element-a698437 e-con-full e-flex wpr-particle-no wpr-jarallax-no wpr-parallax-no wpr-sticky-section-no wpr-equal-height-no e-con e-parent\" data-id=\"a698437\" data-element_type=\"container\" data-e-type=\"container\">\n\t\t\t\t<div class=\"elementor-element elementor-element-20dabb0 elementor-widget elementor-widget-spacer\" data-id=\"20dabb0\" data-element_type=\"widget\" data-e-type=\"widget\" data-widget_type=\"spacer.default\">\n\t\t\t\t\t\t\t<div class=\"elementor-spacer\">\n\t\t\t<div class=\"elementor-spacer-inner\"><\/div>\n\t\t<\/div>\n\t\t\t\t\t\t<\/div>\n\t\t\t\t<\/div>\n\t\t<div class=\"elementor-element elementor-element-81416bd e-con-full e-flex wpr-particle-no wpr-jarallax-no wpr-parallax-no wpr-sticky-section-no wpr-equal-height-no e-con e-parent\" data-id=\"81416bd\" data-element_type=\"container\" data-e-type=\"container\">\n\t\t\t\t<div class=\"elementor-element elementor-element-f53dd21 elementor-widget elementor-widget-heading\" data-id=\"f53dd21\" data-element_type=\"widget\" data-e-type=\"widget\" data-widget_type=\"heading.default\">\n\t\t\t\t\t<h2 class=\"elementor-heading-title elementor-size-default\">Joyeux anniversaire !<\/h2>\t\t\t\t<\/div>\n\t\t\t\t<div class=\"elementor-element elementor-element-4d1f7b2 elementor-widget elementor-widget-image\" data-id=\"4d1f7b2\" data-element_type=\"widget\" data-e-type=\"widget\" data-widget_type=\"image.default\">\n\t\t\t\t\t\t\t\t\t\t\t\t\t\t\t<img fetchpriority=\"high\" decoding=\"async\" width=\"2560\" height=\"1920\" src=\"https:\/\/tal.ch\/wp-content\/uploads\/2024\/11\/Tal-Cervelat-1.-August-scaled.jpg\" class=\"attachment-full size-full wp-image-13731\" alt=\"\" srcset=\"https:\/\/tal.ch\/wp-content\/uploads\/2024\/11\/Tal-Cervelat-1.-August-scaled.jpg 2560w, https:\/\/tal.ch\/wp-content\/uploads\/2024\/11\/Tal-Cervelat-1.-August-300x225.jpg 300w, https:\/\/tal.ch\/wp-content\/uploads\/2024\/11\/Tal-Cervelat-1.-August-1024x768.jpg 1024w, https:\/\/tal.ch\/wp-content\/uploads\/2024\/11\/Tal-Cervelat-1.-August-768x576.jpg 768w, https:\/\/tal.ch\/wp-content\/uploads\/2024\/11\/Tal-Cervelat-1.-August-1536x1152.jpg 1536w, https:\/\/tal.ch\/wp-content\/uploads\/2024\/11\/Tal-Cervelat-1.-August-2048x1536.jpg 2048w, https:\/\/tal.ch\/wp-content\/uploads\/2024\/11\/Tal-Cervelat-1.-August-600x450.jpg 600w\" sizes=\"(max-width: 2560px) 100vw, 2560px\" \/>\t\t\t\t\t\t\t\t\t\t\t\t\t\t\t<\/div>\n\t\t\t\t<div class=\"elementor-element elementor-element-84ebfa6 elementor-widget elementor-widget-spacer\" data-id=\"84ebfa6\" data-element_type=\"widget\" data-e-type=\"widget\" data-widget_type=\"spacer.default\">\n\t\t\t\t\t\t\t<div class=\"elementor-spacer\">\n\t\t\t<div class=\"elementor-spacer-inner\"><\/div>\n\t\t<\/div>\n\t\t\t\t\t\t<\/div>\n\t\t\t\t<div class=\"elementor-element elementor-element-27c6b34 elementor-widget elementor-widget-text-editor\" data-id=\"27c6b34\" data-element_type=\"widget\" data-e-type=\"widget\" data-widget_type=\"text-editor.default\">\n\t\t\t\t\t\t\t\t\t<p>Le 1er ao\u00fbt, la Suisse c\u00e9l\u00e8bre sa f\u00eate nationale - un jour profond\u00e9ment enracin\u00e9 dans l'histoire et les valeurs de ce magnifique pays - ou, si l'on regarde l'image, quasiment \"verWURSTelt\". Le jour de la f\u00eate nationale, de nombreux Suisses mangent par tradition un \"cervelas\" - la saucisse nationale. Dans cet article de blog, il ne s'agit toutefois pas de la saucisse, mais des racines de Tal par rapport aux valeurs suisses.<\/p>\t\t\t\t\t\t\t\t<\/div>\n\t\t\t\t<div class=\"elementor-element elementor-element-5d42c83 elementor-widget elementor-widget-spacer\" data-id=\"5d42c83\" data-element_type=\"widget\" data-e-type=\"widget\" data-widget_type=\"spacer.default\">\n\t\t\t\t\t\t\t<div class=\"elementor-spacer\">\n\t\t\t<div class=\"elementor-spacer-inner\"><\/div>\n\t\t<\/div>\n\t\t\t\t\t\t<\/div>\n\t\t\t\t<\/div>\n\t\t<div class=\"elementor-element elementor-element-15c2d2a e-con-full e-flex wpr-particle-no wpr-jarallax-no wpr-parallax-no wpr-sticky-section-no wpr-equal-height-no e-con e-parent\" data-id=\"15c2d2a\" data-element_type=\"container\" data-e-type=\"container\">\n\t\t\t\t<div class=\"elementor-element elementor-element-dfef6f4 elementor-widget elementor-widget-heading\" data-id=\"dfef6f4\" data-element_type=\"widget\" data-e-type=\"widget\" data-widget_type=\"heading.default\">\n\t\t\t\t\t<h3 class=\"elementor-heading-title elementor-size-default\">L'essence de la Suisse<span style=\"color: inherit\"><\/span><\/h3>\t\t\t\t<\/div>\n\t\t\t\t<div class=\"elementor-element elementor-element-efc89fd elementor-widget elementor-widget-text-editor\" data-id=\"efc89fd\" data-element_type=\"widget\" data-e-type=\"widget\" data-widget_type=\"text-editor.default\">\n\t\t\t\t\t\t\t\t\t<p>Tal est plus qu'un simple soin de la peau. Elle repr\u00e9sente le meilleur de ce que la Suisse peut offrir. Ce n'est pas pour rien que Tal est le num\u00e9ro 1 des cr\u00e8mes pour les mains dans le commerce sp\u00e9cialis\u00e9 suisse : pr\u00e9cision, lien avec la nature et fiabilit\u00e9. Tout comme la culture suisse, fi\u00e8re de ses traditions et de ses innovations, Tal associe des recettes \u00e9prouv\u00e9es \u00e0 des ingr\u00e9dients modernes et scientifiquement fond\u00e9s.<\/p>\t\t\t\t\t\t\t\t<\/div>\n\t\t\t\t<div class=\"elementor-element elementor-element-b53522a elementor-widget elementor-widget-heading\" data-id=\"b53522a\" data-element_type=\"widget\" data-e-type=\"widget\" data-widget_type=\"heading.default\">\n\t\t\t\t\t<h3 class=\"elementor-heading-title elementor-size-default\">Puret\u00e9 naturelle et durabilit\u00e9<span style=\"color: inherit\"><\/span><\/h3>\t\t\t\t<\/div>\n\t\t\t\t<div class=\"elementor-element elementor-element-06f6cf4 elementor-widget elementor-widget-text-editor\" data-id=\"06f6cf4\" data-element_type=\"widget\" data-e-type=\"widget\" data-widget_type=\"text-editor.default\">\n\t\t\t\t\t\t\t\t\t<p>La Suisse est connue pour sa nature \u00e9poustouflante et ses efforts en mati\u00e8re de protection de l'environnement. Tal suit cet exemple en utilisant des ingr\u00e9dients naturels qui proviennent en grande partie de la nature pure et intacte des Alpes suisses. Ces ingr\u00e9dients de haute qualit\u00e9, comme l'extrait d'edelweiss et l'eau de source des montagnes suisses, ne sont pas seulement doux pour la peau, mais aussi durables et respectueux de l'environnement.<\/p>\t\t\t\t\t\t\t\t<\/div>\n\t\t\t\t<div class=\"elementor-element elementor-element-8f8bc5c elementor-widget elementor-widget-heading\" data-id=\"8f8bc5c\" data-element_type=\"widget\" data-e-type=\"widget\" data-widget_type=\"heading.default\">\n\t\t\t\t\t<h3 class=\"elementor-heading-title elementor-size-default\">Qualit\u00e9 et pr\u00e9cision<span style=\"color: inherit\"><\/span><\/h3>\t\t\t\t<\/div>\n\t\t\t\t<div class=\"elementor-element elementor-element-fe88beb elementor-widget elementor-widget-text-editor\" data-id=\"fe88beb\" data-element_type=\"widget\" data-e-type=\"widget\" data-widget_type=\"text-editor.default\">\n\t\t\t\t\t\t\t\t\t<p>Tout comme les montres suisses et le chocolat, Tal est synonyme de qualit\u00e9 sup\u00e9rieure. Chaque produit de soin de la peau est fabriqu\u00e9 avec le plus grand soin et selon les normes de qualit\u00e9 les plus strictes. Cette perfection et ce souci du d\u00e9tail refl\u00e8tent l'\u00e9thique de travail suisse, appr\u00e9ci\u00e9e dans le monde entier pour sa fiabilit\u00e9 et son excellence.<\/p>\t\t\t\t\t\t\t\t<\/div>\n\t\t\t\t<div class=\"elementor-element elementor-element-03b073b elementor-widget elementor-widget-heading\" data-id=\"03b073b\" data-element_type=\"widget\" data-e-type=\"widget\" data-widget_type=\"heading.default\">\n\t\t\t\t\t<h3 class=\"elementor-heading-title elementor-size-default\">Tradition et innovation<span style=\"color: inherit\"><\/span><\/h3>\t\t\t\t<\/div>\n\t\t\t\t<div class=\"elementor-element elementor-element-b3244f0 elementor-widget elementor-widget-text-editor\" data-id=\"b3244f0\" data-element_type=\"widget\" data-e-type=\"widget\" data-widget_type=\"text-editor.default\">\n\t\t\t\t\t\t\t\t\t<p>La f\u00eate nationale suisse est souvent l'occasion de rappeler la riche histoire et les nombreuses traditions du pays. En m\u00eame temps, la Suisse est un pays d'innovations. Tal r\u00e9unit ces deux aspects en associant des ingr\u00e9dients naturels \u00e0 une technologie de pointe en mati\u00e8re de soins de la peau. Il en r\u00e9sulte des produits de soin de la peau qui ne se contentent pas de prot\u00e9ger et de soigner, mais qui utilisent \u00e9galement les principes actifs naturels des plantes pour r\u00e9g\u00e9n\u00e9rer la peau.<\/p>\t\t\t\t\t\t\t\t<\/div>\n\t\t\t\t<div class=\"elementor-element elementor-element-2af17b6 elementor-widget elementor-widget-heading\" data-id=\"2af17b6\" data-element_type=\"widget\" data-e-type=\"widget\" data-widget_type=\"heading.default\">\n\t\t\t\t\t<h3 class=\"elementor-heading-title elementor-size-default\">Confiance et s\u00e9curit\u00e9<span style=\"color: inherit\"><\/span><\/h3>\t\t\t\t<\/div>\n\t\t\t\t<div class=\"elementor-element elementor-element-ef33997 elementor-widget elementor-widget-text-editor\" data-id=\"ef33997\" data-element_type=\"widget\" data-e-type=\"widget\" data-widget_type=\"text-editor.default\">\n\t\t\t\t\t\t\t\t\t<p>La Suisse est connue pour sa stabilit\u00e9 politique et sa s\u00e9curit\u00e9. Ces valeurs se refl\u00e8tent \u00e9galement chez Tal. Il y a pr\u00e8s de 50 ans, la premi\u00e8re cr\u00e8me pour les mains Tal a \u00e9t\u00e9 d\u00e9velopp\u00e9e \u00e0 K\u00fcblis. Depuis, Tal a connu un d\u00e9veloppement consid\u00e9rable. Des milliers de clientes et de clients font quotidiennement confiance \u00e0 ses produits de soin de la peau hautement efficaces. Les produits sont \u00e9galement tr\u00e8s appr\u00e9ci\u00e9s dans le commerce sp\u00e9cialis\u00e9 et sont tr\u00e8s volontiers recommand\u00e9s par les sp\u00e9cialistes. Vous pouvez donc avoir confiance en l'efficacit\u00e9 des produits de soin de la peau.<\/p>\t\t\t\t\t\t\t\t<\/div>\n\t\t\t\t<div class=\"elementor-element elementor-element-61b02aa elementor-widget elementor-widget-heading\" data-id=\"61b02aa\" data-element_type=\"widget\" data-e-type=\"widget\" data-widget_type=\"heading.default\">\n\t\t\t\t\t<h3 class=\"elementor-heading-title elementor-size-default\">Conclusion : Cr\u00e8me pour les mains Tal - Un morceau de Suisse pour votre peau<span style=\"color: inherit\"><\/span><\/h3>\t\t\t\t<\/div>\n\t\t\t\t<div class=\"elementor-element elementor-element-74a4858 elementor-widget elementor-widget-text-editor\" data-id=\"74a4858\" data-element_type=\"widget\" data-e-type=\"widget\" data-widget_type=\"text-editor.default\">\n\t\t\t\t\t\t\t\t\t<p>Le 1er ao\u00fbt, jour de la f\u00eate nationale suisse, nous c\u00e9l\u00e9brons les valeurs et la beaut\u00e9 de ce pays unique. Avec Tal, vous pouvez vivre ces valeurs au quotidien. Elle est synonyme de puret\u00e9 naturelle, de qualit\u00e9 sup\u00e9rieure, de tradition et d'innovation ainsi que de confiance et de s\u00e9curit\u00e9. Offrez \u00e0 votre peau les soins qu'elle m\u00e9rite.<\/p>\t\t\t\t\t\t\t\t<\/div>\n\t\t\t\t<\/div>\n\t\t<div class=\"elementor-element elementor-element-3c2d5c0 e-con-full e-flex wpr-particle-no wpr-jarallax-no wpr-parallax-no wpr-sticky-section-no wpr-equal-height-no e-con e-parent\" data-id=\"3c2d5c0\" data-element_type=\"container\" data-e-type=\"container\">\n\t\t\t\t<div class=\"elementor-element elementor-element-e4e406f elementor-widget elementor-widget-spacer\" data-id=\"e4e406f\" data-element_type=\"widget\" data-e-type=\"widget\" data-widget_type=\"spacer.default\">\n\t\t\t\t\t\t\t<div class=\"elementor-spacer\">\n\t\t\t<div class=\"elementor-spacer-inner\"><\/div>\n\t\t<\/div>\n\t\t\t\t\t\t<\/div>\n\t\t\t\t<\/div>\n\t\t<div class=\"elementor-element elementor-element-f2ade8c e-con-full e-flex wpr-particle-no wpr-jarallax-no wpr-parallax-no wpr-sticky-section-no wpr-equal-height-no e-con e-parent\" data-id=\"f2ade8c\" data-element_type=\"container\" data-e-type=\"container\" data-settings=\"{&quot;background_background&quot;:&quot;classic&quot;}\">\n\t\t\t\t<div class=\"elementor-element elementor-element-fc5776f elementor-post-navigation-borders-yes elementor-widget elementor-widget-global elementor-global-9032 elementor-widget-post-navigation\" data-id=\"fc5776f\" data-element_type=\"widget\" data-e-type=\"widget\" data-widget_type=\"post-navigation.default\">\n\t\t\t\t\t\t\t<div class=\"elementor-post-navigation\" role=\"navigation\" aria-label=\"Navigation de publication\">\n\t\t\t<div class=\"elementor-post-navigation__prev elementor-post-navigation__link\">\n\t\t\t\t<a href=\"https:\/\/tal.ch\/fr\/hautstress-im-digitalen-zeitalter\/\" rel=\"prev\"><span class=\"post-navigation__arrow-wrapper post-navigation__arrow-prev\"><svg aria-hidden=\"true\" class=\"e-font-icon-svg e-fas-angle-left\" viewbox=\"0 0 256 512\" xmlns=\"http:\/\/www.w3.org\/2000\/svg\"><path d=\"M31.7 239l136-136c9.4-9.4 24.6-9.4 33.9 0l22.6 22.6c9.4 9.4 9.4 24.6 0 33.9L127.9 256l96.4 96.4c9.4 9.4 9.4 24.6 0 33.9L201.7 409c-9.4 9.4-24.6 9.4-33.9 0l-136-136c-9.5-9.4-9.5-24.6-.1-34z\"><\/path><\/svg><span class=\"elementor-screen-only\">Pr\u00e9c\u00e9dent<\/span><\/span><span class=\"elementor-post-navigation__link__prev\"><span class=\"post-navigation__prev--label\">Pr\u00e9c\u00e9dent<\/span><span class=\"post-navigation__prev--title\">Le stress cutan\u00e9 \u00e0 l'\u00e8re du num\u00e9rique<\/span><\/span><\/a>\t\t\t<\/div>\n\t\t\t\t\t\t\t<div class=\"elementor-post-navigation__separator-wrapper\">\n\t\t\t\t\t<div class=\"elementor-post-navigation__separator\"><\/div>\n\t\t\t\t<\/div>\n\t\t\t\t\t\t<div class=\"elementor-post-navigation__next elementor-post-navigation__link\">\n\t\t\t\t<a href=\"https:\/\/tal.ch\/fr\/hautpflege-fuer-teenager\/\" rel=\"next\"><span class=\"elementor-post-navigation__link__next\"><span class=\"post-navigation__next--label\">Prochain<\/span><span class=\"post-navigation__next--title\">Soins de la peau pour les adolescents<\/span><\/span><span class=\"post-navigation__arrow-wrapper post-navigation__arrow-next\"><svg aria-hidden=\"true\" class=\"e-font-icon-svg e-fas-angle-right\" viewbox=\"0 0 256 512\" xmlns=\"http:\/\/www.w3.org\/2000\/svg\"><path d=\"M224.3 273l-136 136c-9.4 9.4-24.6 9.4-33.9 0l-22.6-22.6c-9.4-9.4-9.4-24.6 0-33.9l96.4-96.4-96.4-96.4c-9.4-9.4-9.4-24.6 0-33.9L54.3 103c9.4-9.4 24.6-9.4 33.9 0l136 136c9.5 9.4 9.5 24.6.1 34z\"><\/path><\/svg><span class=\"elementor-screen-only\">Suivant<\/span><\/span><\/a>\t\t\t<\/div>\n\t\t<\/div>\n\t\t\t\t\t\t<\/div>\n\t\t\t\t<\/div>\n\t\t<div class=\"elementor-element elementor-element-adf3517 e-flex e-con-boxed wpr-particle-no wpr-jarallax-no wpr-parallax-no wpr-sticky-section-no wpr-equal-height-no e-con e-parent\" data-id=\"adf3517\" data-element_type=\"container\" data-e-type=\"container\">\n\t\t\t\t\t<div class=\"e-con-inner\">\n\t\t\t\t<div class=\"elementor-element elementor-element-2039d09 elementor-widget elementor-widget-spacer\" data-id=\"2039d09\" data-element_type=\"widget\" data-e-type=\"widget\" data-widget_type=\"spacer.default\">\n\t\t\t\t\t\t\t<div class=\"elementor-spacer\">\n\t\t\t<div class=\"elementor-spacer-inner\"><\/div>\n\t\t<\/div>\n\t\t\t\t\t\t<\/div>\n\t\t\t\t\t<\/div>\n\t\t\t\t<\/div>\n\t\t\t\t<\/div>","protected":false},"excerpt":{"rendered":"<p>Joyeux anniversaire ! Le 1er ao\u00fbt, la Suisse c\u00e9l\u00e8bre sa f\u00eate nationale - un jour profond\u00e9ment enracin\u00e9 dans l'histoire et les valeurs de ce magnifique pays - ou, si l'on regarde l'image, quasiment \"verWURSTelt\". Le jour de la f\u00eate nationale, de nombreux Suisses mangent par tradition un \"cervelas\" - la saucisse nationale. Dans cet article de blog, il ne s'agit toutefois pas de la saucisse, mais des racines de Tal par rapport aux valeurs suisses. L'essence de la Suisse Tal est plus qu'un simple soin de la peau. Elle repr\u00e9sente ce que la Suisse a de meilleur \u00e0 offrir. Ce n'est pas pour rien que Tal est le num\u00e9ro 1 des cr\u00e8mes pour les mains dans le commerce sp\u00e9cialis\u00e9 suisse : pr\u00e9cision, lien avec la nature et fiabilit\u00e9. Tout comme la culture suisse, fi\u00e8re de ses traditions et de ses innovations, Tal associe des recettes \u00e9prouv\u00e9es \u00e0 des ingr\u00e9dients modernes et scientifiquement fond\u00e9s. Puret\u00e9 naturelle et durabilit\u00e9 La Suisse est connue pour sa nature \u00e9poustouflante et ses efforts en mati\u00e8re de protection de l'environnement. Tal suit cet exemple en utilisant des ingr\u00e9dients naturels qui proviennent en grande partie de la nature pure et intacte des Alpes suisses. Ces ingr\u00e9dients de haute qualit\u00e9, comme l'extrait d'edelweiss et l'eau de source des montagnes suisses, sont non seulement doux pour la peau, mais aussi durables et respectueux de l'environnement. Qualit\u00e9 et pr\u00e9cision Tout comme les montres et le chocolat suisses, Tal est synonyme de qualit\u00e9 sup\u00e9rieure. Chaque produit de soin de la peau est fabriqu\u00e9 avec le plus grand soin et selon les normes de qualit\u00e9 les plus strictes. Cette perfection et ce souci du d\u00e9tail refl\u00e8tent l'\u00e9thique de travail suisse, qui est appr\u00e9ci\u00e9e dans le monde entier pour sa fiabilit\u00e9 et son excellence. Tradition et innovation La f\u00eate nationale suisse est souvent l'occasion de rappeler la riche histoire et les nombreuses traditions du pays. En m\u00eame temps, la Suisse est un pays d'innovations. Tal allie ces deux aspects en combinant des ingr\u00e9dients naturels avec une technologie de pointe en mati\u00e8re de soins de la peau. Il en r\u00e9sulte des produits de soin de la peau qui non seulement prot\u00e8gent et soignent, mais qui utilisent \u00e9galement les principes actifs naturels des plantes pour r\u00e9g\u00e9n\u00e9rer la peau. Confiance et s\u00e9curit\u00e9 La Suisse est connue pour sa stabilit\u00e9 politique et sa s\u00e9curit\u00e9. Ces valeurs se refl\u00e8tent \u00e9galement chez Tal. Il y a pr\u00e8s de 50 ans, la premi\u00e8re cr\u00e8me pour les mains Tal a \u00e9t\u00e9 d\u00e9velopp\u00e9e \u00e0 K\u00fcblis. Depuis, Tal a connu un d\u00e9veloppement consid\u00e9rable. Des milliers de clientes et de clients font quotidiennement confiance \u00e0 ses produits de soin de la peau hautement efficaces. Les produits sont \u00e9galement tr\u00e8s appr\u00e9ci\u00e9s dans le commerce sp\u00e9cialis\u00e9 et sont tr\u00e8s volontiers recommand\u00e9s par les sp\u00e9cialistes. Vous pouvez donc avoir confiance dans l'efficacit\u00e9 des produits de soin de la peau. Conclusion : Cr\u00e8me pour les mains Tal - Un peu de Suisse pour votre peau Le 1er ao\u00fbt, jour de la f\u00eate nationale suisse, nous c\u00e9l\u00e9brons les valeurs et la beaut\u00e9 de ce pays unique. Avec Tal, vous pouvez vivre ces valeurs au quotidien. Elle est synonyme de puret\u00e9 naturelle, de qualit\u00e9 sup\u00e9rieure, de tradition et d'innovation ainsi que de confiance et de s\u00e9curit\u00e9. Offrez \u00e0 votre peau les soins qu'elle m\u00e9rite.<\/p>","protected":false},"author":2,"featured_media":13731,"comment_status":"closed","ping_status":"closed","sticky":false,"template":"elementor_header_footer","format":"standard","meta":{"footnotes":""},"categories":[1],"tags":[],"class_list":["post-13730","post","type-post","status-publish","format-standard","has-post-thumbnail","hentry","category-uncategorized"],"yoast_head":"<!-- This site is optimized with the Yoast SEO plugin v27.4 - https:\/\/yoast.com\/product\/yoast-seo-wordpress\/ -->\n<title>Alles Gute zum Geburtstag! - Tal<\/title>\n<meta name=\"robots\" content=\"index, follow, max-snippet:-1, max-image-preview:large, max-video-preview:-1\" \/>\n<link rel=\"canonical\" href=\"https:\/\/tal.ch\/fr\/alles-gute-zum-geburtstag\/\" \/>\n<meta property=\"og:locale\" content=\"fr_FR\" \/>\n<meta property=\"og:type\" content=\"article\" \/>\n<meta property=\"og:title\" content=\"Alles Gute zum Geburtstag! - Tal\" \/>\n<meta property=\"og:description\" content=\"Alles Gute zum Geburtstag! Am 1. August feiert die Schweiz ihren Nationalfeiertag \u2013 ein Tag, der tief in der Geschichte und den Werten dieses wundersch\u00f6nen Landes verwurzelt ist \u2013 oder wenn man das Bild betrachtet, quasi \u201everWURSTelt\u201c ist. Am Nationalfeiertag verspeisen viele Schweizerinnen und Schweizer aus Tradition eine \u201eCervelat\u201c \u2013 die Nationalwurst. Im Blogbeitrag geht\u2019s jedoch nicht um die Wurst, sondern um die Wurzeln von Tal in Bezug auf die Schweizer Werte. Die Essenz der Schweiz Tal ist mehr als nur Hautpflege. Sie repr\u00e4sentiert das Beste, was die Schweiz zu bieten hat. Nicht umsonst ist Tal bei den Handcremen die Nummer 1 im Schweizer Fachhandel: Pr\u00e4zision, Naturverbundenheit und Zuverl\u00e4ssigkeit. Genau wie die Schweizer Kultur, die stolz auf ihre Traditionen und Innovationen ist, kombiniert Tal bew\u00e4hrte Rezepturen mit modernen, wissenschaftlich fundierten Inhaltsstoffen. Nat\u00fcrliche Reinheit und Nachhaltigkeit Die Schweiz ist bekannt f\u00fcr ihre atemberaubende Natur und ihre Bem\u00fchungen um den Umweltschutz. Tal folgt diesem Beispiel, indem sie nat\u00fcrliche Inhaltsstoffe verwendet, die gr\u00f6sstenteils aus der reinen, unber\u00fchrten Natur der Schweizer Alpen stammen. Diese hochwertigen Inhaltsstoffe, wie Edelweiss-Extrakt und Schweizer Bergquellwasser, sind nicht nur schonend zur Haut, sondern auch nachhaltig und umweltfreundlich. Qualit\u00e4t und Pr\u00e4zision Wie Schweizer Uhren und Schokolade steht auch Tal f\u00fcr h\u00f6chste Qualit\u00e4t. Jedes Hautpflegeprodukt wird mit gr\u00f6\u00dfter Sorgfalt und nach strengsten Qualit\u00e4tsstandards hergestellt. Diese Perfektion und Liebe zum Detail spiegeln die schweizerische Arbeitsmoral wider, die weltweit f\u00fcr ihre Zuverl\u00e4ssigkeit und Exzellenz gesch\u00e4tzt wird. Tradition und Innovation Am Schweizer Nationalfeiertag wird oft an die reiche Geschichte und die vielen Traditionen des Landes erinnert. Gleichzeitig ist die Schweiz ein Land der Innovationen. Tal vereint diese beiden Aspekte, indem sie nat\u00fcrliche Inhaltsstoffe mit modernster Hautpflegetechnologie kombiniert. Das Ergebnis sind Hautpflegeprodukte, die nicht nur sch\u00fctzen und pflegen, sondern auch die nat\u00fcrlichen Wirkstoffe der Pflanzen nutzen, um die Haut zu regenerieren. Vertrauen und Sicherheit Die Schweiz ist bekannt f\u00fcr ihre politische Stabilit\u00e4t und Sicherheit. Diese Werte spiegeln sich auch bei Tal wider. Vor knapp 50 Jahren wurde die erste Tal Handcreme in K\u00fcblis entwickelt. Seither hat Tal eine beachtliche Entwicklung durchgemacht. Tausende Kundinnen und Kunden vertrauen t\u00e4glich auf die hochwirksamen Hautpflegeprodukte. Auch im Fachhandel erfreuen sich die Produkte grosser Beliebtheit und werden von den Fachspezialistinnen und Spezialisten sehr gerne empfohlen. Sie k\u00f6nnen also auf die Wirksamkeit der Hautpflegeprodukte vertrauen. Fazit: Tal Handcreme \u2013 Ein St\u00fcck Schweiz f\u00fcr Ihre Haut Am 1. August, dem Schweizer Nationalfeiertag, feiern wir die Werte und die Sch\u00f6nheit dieses einzigartigen Landes. Mit Tal k\u00f6nnen Sie diese Werte jeden Tag erleben. Sie steht f\u00fcr nat\u00fcrliche Reinheit, h\u00f6chste Qualit\u00e4t, Tradition und Innovation sowie Vertrauen und Sicherheit. G\u00f6nne Sie Ihrer Haut die Pflege, die sie verdient.\" \/>\n<meta property=\"og:url\" content=\"https:\/\/tal.ch\/fr\/alles-gute-zum-geburtstag\/\" \/>\n<meta property=\"og:site_name\" content=\"Tal\" \/>\n<meta property=\"article:publisher\" content=\"https:\/\/www.facebook.com\/tal.schweiz\/\" \/>\n<meta property=\"article:published_time\" content=\"2024-08-01T08:00:59+00:00\" \/>\n<meta property=\"article:modified_time\" content=\"2024-11-21T09:19:49+00:00\" \/>\n<meta property=\"og:image\" content=\"https:\/\/tal.ch\/wp-content\/uploads\/2024\/11\/Tal-Cervelat-1.-August-scaled.jpg\" \/>\n\t<meta property=\"og:image:width\" content=\"2560\" \/>\n\t<meta property=\"og:image:height\" content=\"1920\" \/>\n\t<meta property=\"og:image:type\" content=\"image\/jpeg\" \/>\n<meta name=\"author\" content=\"Raphael\" \/>\n<meta name=\"twitter:card\" content=\"summary_large_image\" \/>\n<meta name=\"twitter:label1\" content=\"\u00c9crit par\" \/>\n\t<meta name=\"twitter:data1\" content=\"Raphael\" \/>\n\t<meta name=\"twitter:label2\" content=\"Dur\u00e9e de lecture estim\u00e9e\" \/>\n\t<meta name=\"twitter:data2\" content=\"3 minutes\" \/>\n<script type=\"application\/ld+json\" class=\"yoast-schema-graph\">{\"@context\":\"https:\\\/\\\/schema.org\",\"@graph\":[{\"@type\":\"Article\",\"@id\":\"https:\\\/\\\/tal.ch\\\/alles-gute-zum-geburtstag\\\/#article\",\"isPartOf\":{\"@id\":\"https:\\\/\\\/tal.ch\\\/alles-gute-zum-geburtstag\\\/\"},\"author\":{\"name\":\"Raphael\",\"@id\":\"https:\\\/\\\/tal.ch\\\/#\\\/schema\\\/person\\\/8b9ffa10e1447c63c33b560fa799799c\"},\"headline\":\"Alles Gute zum Geburtstag!\",\"datePublished\":\"2024-08-01T08:00:59+00:00\",\"dateModified\":\"2024-11-21T09:19:49+00:00\",\"mainEntityOfPage\":{\"@id\":\"https:\\\/\\\/tal.ch\\\/alles-gute-zum-geburtstag\\\/\"},\"wordCount\":467,\"publisher\":{\"@id\":\"https:\\\/\\\/tal.ch\\\/#organization\"},\"image\":{\"@id\":\"https:\\\/\\\/tal.ch\\\/alles-gute-zum-geburtstag\\\/#primaryimage\"},\"thumbnailUrl\":\"https:\\\/\\\/tal.ch\\\/wp-content\\\/uploads\\\/2024\\\/11\\\/Tal-Cervelat-1.-August-scaled.jpg\",\"articleSection\":[\"Uncategorized\"],\"inLanguage\":\"fr-FR\"},{\"@type\":\"WebPage\",\"@id\":\"https:\\\/\\\/tal.ch\\\/alles-gute-zum-geburtstag\\\/\",\"url\":\"https:\\\/\\\/tal.ch\\\/alles-gute-zum-geburtstag\\\/\",\"name\":\"Alles Gute zum Geburtstag! - Tal\",\"isPartOf\":{\"@id\":\"https:\\\/\\\/tal.ch\\\/#website\"},\"primaryImageOfPage\":{\"@id\":\"https:\\\/\\\/tal.ch\\\/alles-gute-zum-geburtstag\\\/#primaryimage\"},\"image\":{\"@id\":\"https:\\\/\\\/tal.ch\\\/alles-gute-zum-geburtstag\\\/#primaryimage\"},\"thumbnailUrl\":\"https:\\\/\\\/tal.ch\\\/wp-content\\\/uploads\\\/2024\\\/11\\\/Tal-Cervelat-1.-August-scaled.jpg\",\"datePublished\":\"2024-08-01T08:00:59+00:00\",\"dateModified\":\"2024-11-21T09:19:49+00:00\",\"breadcrumb\":{\"@id\":\"https:\\\/\\\/tal.ch\\\/alles-gute-zum-geburtstag\\\/#breadcrumb\"},\"inLanguage\":\"fr-FR\",\"potentialAction\":[{\"@type\":\"ReadAction\",\"target\":[\"https:\\\/\\\/tal.ch\\\/alles-gute-zum-geburtstag\\\/\"]}]},{\"@type\":\"ImageObject\",\"inLanguage\":\"fr-FR\",\"@id\":\"https:\\\/\\\/tal.ch\\\/alles-gute-zum-geburtstag\\\/#primaryimage\",\"url\":\"https:\\\/\\\/tal.ch\\\/wp-content\\\/uploads\\\/2024\\\/11\\\/Tal-Cervelat-1.-August-scaled.jpg\",\"contentUrl\":\"https:\\\/\\\/tal.ch\\\/wp-content\\\/uploads\\\/2024\\\/11\\\/Tal-Cervelat-1.-August-scaled.jpg\",\"width\":2560,\"height\":1920},{\"@type\":\"BreadcrumbList\",\"@id\":\"https:\\\/\\\/tal.ch\\\/alles-gute-zum-geburtstag\\\/#breadcrumb\",\"itemListElement\":[{\"@type\":\"ListItem\",\"position\":1,\"name\":\"Startseite\",\"item\":\"https:\\\/\\\/tal.ch\\\/\"},{\"@type\":\"ListItem\",\"position\":2,\"name\":\"Alles Gute zum Geburtstag!\"}]},{\"@type\":\"WebSite\",\"@id\":\"https:\\\/\\\/tal.ch\\\/#website\",\"url\":\"https:\\\/\\\/tal.ch\\\/\",\"name\":\"Tal\",\"description\":\"Pflanzenextrakte von h\u00f6chster Qualit\u00e4t\",\"publisher\":{\"@id\":\"https:\\\/\\\/tal.ch\\\/#organization\"},\"potentialAction\":[{\"@type\":\"SearchAction\",\"target\":{\"@type\":\"EntryPoint\",\"urlTemplate\":\"https:\\\/\\\/tal.ch\\\/?s={search_term_string}\"},\"query-input\":{\"@type\":\"PropertyValueSpecification\",\"valueRequired\":true,\"valueName\":\"search_term_string\"}}],\"inLanguage\":\"fr-FR\"},{\"@type\":\"Organization\",\"@id\":\"https:\\\/\\\/tal.ch\\\/#organization\",\"name\":\"Tal\",\"url\":\"https:\\\/\\\/tal.ch\\\/\",\"logo\":{\"@type\":\"ImageObject\",\"inLanguage\":\"fr-FR\",\"@id\":\"https:\\\/\\\/tal.ch\\\/#\\\/schema\\\/logo\\\/image\\\/\",\"url\":\"https:\\\/\\\/tal.ch\\\/wp-content\\\/uploads\\\/2024\\\/02\\\/Logo-Tal.png\",\"contentUrl\":\"https:\\\/\\\/tal.ch\\\/wp-content\\\/uploads\\\/2024\\\/02\\\/Logo-Tal.png\",\"width\":100,\"height\":157,\"caption\":\"Tal\"},\"image\":{\"@id\":\"https:\\\/\\\/tal.ch\\\/#\\\/schema\\\/logo\\\/image\\\/\"},\"sameAs\":[\"https:\\\/\\\/www.facebook.com\\\/tal.schweiz\\\/\"]},{\"@type\":\"Person\",\"@id\":\"https:\\\/\\\/tal.ch\\\/#\\\/schema\\\/person\\\/8b9ffa10e1447c63c33b560fa799799c\",\"name\":\"Raphael\",\"image\":{\"@type\":\"ImageObject\",\"inLanguage\":\"fr-FR\",\"@id\":\"https:\\\/\\\/secure.gravatar.com\\\/avatar\\\/c7b37db84d350dcdacf9fa51c2818cce6ba2e874e3a6f666047ca5a022512106?s=96&d=mm&r=g\",\"url\":\"https:\\\/\\\/secure.gravatar.com\\\/avatar\\\/c7b37db84d350dcdacf9fa51c2818cce6ba2e874e3a6f666047ca5a022512106?s=96&d=mm&r=g\",\"contentUrl\":\"https:\\\/\\\/secure.gravatar.com\\\/avatar\\\/c7b37db84d350dcdacf9fa51c2818cce6ba2e874e3a6f666047ca5a022512106?s=96&d=mm&r=g\",\"caption\":\"Raphael\"},\"url\":\"https:\\\/\\\/tal.ch\\\/fr\\\/author\\\/raphael\\\/\"}]}<\/script>\n<!-- \/ Yoast SEO plugin. -->","yoast_head_json":{"title":"Alles Gute zum Geburtstag! - Tal","robots":{"index":"index","follow":"follow","max-snippet":"max-snippet:-1","max-image-preview":"max-image-preview:large","max-video-preview":"max-video-preview:-1"},"canonical":"https:\/\/tal.ch\/fr\/alles-gute-zum-geburtstag\/","og_locale":"fr_FR","og_type":"article","og_title":"Alles Gute zum Geburtstag! - Tal","og_description":"Alles Gute zum Geburtstag! Am 1. August feiert die Schweiz ihren Nationalfeiertag \u2013 ein Tag, der tief in der Geschichte und den Werten dieses wundersch\u00f6nen Landes verwurzelt ist \u2013 oder wenn man das Bild betrachtet, quasi \u201everWURSTelt\u201c ist. Am Nationalfeiertag verspeisen viele Schweizerinnen und Schweizer aus Tradition eine \u201eCervelat\u201c \u2013 die Nationalwurst. Im Blogbeitrag geht\u2019s jedoch nicht um die Wurst, sondern um die Wurzeln von Tal in Bezug auf die Schweizer Werte. Die Essenz der Schweiz Tal ist mehr als nur Hautpflege. Sie repr\u00e4sentiert das Beste, was die Schweiz zu bieten hat. Nicht umsonst ist Tal bei den Handcremen die Nummer 1 im Schweizer Fachhandel: Pr\u00e4zision, Naturverbundenheit und Zuverl\u00e4ssigkeit. Genau wie die Schweizer Kultur, die stolz auf ihre Traditionen und Innovationen ist, kombiniert Tal bew\u00e4hrte Rezepturen mit modernen, wissenschaftlich fundierten Inhaltsstoffen. Nat\u00fcrliche Reinheit und Nachhaltigkeit Die Schweiz ist bekannt f\u00fcr ihre atemberaubende Natur und ihre Bem\u00fchungen um den Umweltschutz. Tal folgt diesem Beispiel, indem sie nat\u00fcrliche Inhaltsstoffe verwendet, die gr\u00f6sstenteils aus der reinen, unber\u00fchrten Natur der Schweizer Alpen stammen. Diese hochwertigen Inhaltsstoffe, wie Edelweiss-Extrakt und Schweizer Bergquellwasser, sind nicht nur schonend zur Haut, sondern auch nachhaltig und umweltfreundlich. Qualit\u00e4t und Pr\u00e4zision Wie Schweizer Uhren und Schokolade steht auch Tal f\u00fcr h\u00f6chste Qualit\u00e4t. Jedes Hautpflegeprodukt wird mit gr\u00f6\u00dfter Sorgfalt und nach strengsten Qualit\u00e4tsstandards hergestellt. Diese Perfektion und Liebe zum Detail spiegeln die schweizerische Arbeitsmoral wider, die weltweit f\u00fcr ihre Zuverl\u00e4ssigkeit und Exzellenz gesch\u00e4tzt wird. Tradition und Innovation Am Schweizer Nationalfeiertag wird oft an die reiche Geschichte und die vielen Traditionen des Landes erinnert. Gleichzeitig ist die Schweiz ein Land der Innovationen. Tal vereint diese beiden Aspekte, indem sie nat\u00fcrliche Inhaltsstoffe mit modernster Hautpflegetechnologie kombiniert. Das Ergebnis sind Hautpflegeprodukte, die nicht nur sch\u00fctzen und pflegen, sondern auch die nat\u00fcrlichen Wirkstoffe der Pflanzen nutzen, um die Haut zu regenerieren. Vertrauen und Sicherheit Die Schweiz ist bekannt f\u00fcr ihre politische Stabilit\u00e4t und Sicherheit. Diese Werte spiegeln sich auch bei Tal wider. Vor knapp 50 Jahren wurde die erste Tal Handcreme in K\u00fcblis entwickelt. Seither hat Tal eine beachtliche Entwicklung durchgemacht. Tausende Kundinnen und Kunden vertrauen t\u00e4glich auf die hochwirksamen Hautpflegeprodukte. Auch im Fachhandel erfreuen sich die Produkte grosser Beliebtheit und werden von den Fachspezialistinnen und Spezialisten sehr gerne empfohlen. Sie k\u00f6nnen also auf die Wirksamkeit der Hautpflegeprodukte vertrauen. Fazit: Tal Handcreme \u2013 Ein St\u00fcck Schweiz f\u00fcr Ihre Haut Am 1. August, dem Schweizer Nationalfeiertag, feiern wir die Werte und die Sch\u00f6nheit dieses einzigartigen Landes. Mit Tal k\u00f6nnen Sie diese Werte jeden Tag erleben. Sie steht f\u00fcr nat\u00fcrliche Reinheit, h\u00f6chste Qualit\u00e4t, Tradition und Innovation sowie Vertrauen und Sicherheit. G\u00f6nne Sie Ihrer Haut die Pflege, die sie verdient.","og_url":"https:\/\/tal.ch\/fr\/alles-gute-zum-geburtstag\/","og_site_name":"Tal","article_publisher":"https:\/\/www.facebook.com\/tal.schweiz\/","article_published_time":"2024-08-01T08:00:59+00:00","article_modified_time":"2024-11-21T09:19:49+00:00","og_image":[{"width":2560,"height":1920,"url":"https:\/\/tal.ch\/wp-content\/uploads\/2024\/11\/Tal-Cervelat-1.-August-scaled.jpg","type":"image\/jpeg"}],"author":"Raphael","twitter_card":"summary_large_image","twitter_misc":{"\u00c9crit par":"Raphael","Dur\u00e9e de lecture estim\u00e9e":"3 minutes"},"schema":{"@context":"https:\/\/schema.org","@graph":[{"@type":"Article","@id":"https:\/\/tal.ch\/alles-gute-zum-geburtstag\/#article","isPartOf":{"@id":"https:\/\/tal.ch\/alles-gute-zum-geburtstag\/"},"author":{"name":"Raphael","@id":"https:\/\/tal.ch\/#\/schema\/person\/8b9ffa10e1447c63c33b560fa799799c"},"headline":"Alles Gute zum Geburtstag!","datePublished":"2024-08-01T08:00:59+00:00","dateModified":"2024-11-21T09:19:49+00:00","mainEntityOfPage":{"@id":"https:\/\/tal.ch\/alles-gute-zum-geburtstag\/"},"wordCount":467,"publisher":{"@id":"https:\/\/tal.ch\/#organization"},"image":{"@id":"https:\/\/tal.ch\/alles-gute-zum-geburtstag\/#primaryimage"},"thumbnailUrl":"https:\/\/tal.ch\/wp-content\/uploads\/2024\/11\/Tal-Cervelat-1.-August-scaled.jpg","articleSection":["Uncategorized"],"inLanguage":"fr-FR"},{"@type":"WebPage","@id":"https:\/\/tal.ch\/alles-gute-zum-geburtstag\/","url":"https:\/\/tal.ch\/alles-gute-zum-geburtstag\/","name":"Alles Gute zum Geburtstag! - Tal","isPartOf":{"@id":"https:\/\/tal.ch\/#website"},"primaryImageOfPage":{"@id":"https:\/\/tal.ch\/alles-gute-zum-geburtstag\/#primaryimage"},"image":{"@id":"https:\/\/tal.ch\/alles-gute-zum-geburtstag\/#primaryimage"},"thumbnailUrl":"https:\/\/tal.ch\/wp-content\/uploads\/2024\/11\/Tal-Cervelat-1.-August-scaled.jpg","datePublished":"2024-08-01T08:00:59+00:00","dateModified":"2024-11-21T09:19:49+00:00","breadcrumb":{"@id":"https:\/\/tal.ch\/alles-gute-zum-geburtstag\/#breadcrumb"},"inLanguage":"fr-FR","potentialAction":[{"@type":"ReadAction","target":["https:\/\/tal.ch\/alles-gute-zum-geburtstag\/"]}]},{"@type":"ImageObject","inLanguage":"fr-FR","@id":"https:\/\/tal.ch\/alles-gute-zum-geburtstag\/#primaryimage","url":"https:\/\/tal.ch\/wp-content\/uploads\/2024\/11\/Tal-Cervelat-1.-August-scaled.jpg","contentUrl":"https:\/\/tal.ch\/wp-content\/uploads\/2024\/11\/Tal-Cervelat-1.-August-scaled.jpg","width":2560,"height":1920},{"@type":"BreadcrumbList","@id":"https:\/\/tal.ch\/alles-gute-zum-geburtstag\/#breadcrumb","itemListElement":[{"@type":"ListItem","position":1,"name":"Startseite","item":"https:\/\/tal.ch\/"},{"@type":"ListItem","position":2,"name":"Alles Gute zum Geburtstag!"}]},{"@type":"WebSite","@id":"https:\/\/tal.ch\/#website","url":"https:\/\/tal.ch\/","name":"Vall\u00e9e","description":"Extraits de plantes de la plus haute qualit\u00e9","publisher":{"@id":"https:\/\/tal.ch\/#organization"},"potentialAction":[{"@type":"SearchAction","target":{"@type":"EntryPoint","urlTemplate":"https:\/\/tal.ch\/?s={search_term_string}"},"query-input":{"@type":"PropertyValueSpecification","valueRequired":true,"valueName":"search_term_string"}}],"inLanguage":"fr-FR"},{"@type":"Organization","@id":"https:\/\/tal.ch\/#organization","name":"Vall\u00e9e","url":"https:\/\/tal.ch\/","logo":{"@type":"ImageObject","inLanguage":"fr-FR","@id":"https:\/\/tal.ch\/#\/schema\/logo\/image\/","url":"https:\/\/tal.ch\/wp-content\/uploads\/2024\/02\/Logo-Tal.png","contentUrl":"https:\/\/tal.ch\/wp-content\/uploads\/2024\/02\/Logo-Tal.png","width":100,"height":157,"caption":"Tal"},"image":{"@id":"https:\/\/tal.ch\/#\/schema\/logo\/image\/"},"sameAs":["https:\/\/www.facebook.com\/tal.schweiz\/"]},{"@type":"Person","@id":"https:\/\/tal.ch\/#\/schema\/person\/8b9ffa10e1447c63c33b560fa799799c","name":"Rapha\u00ebl","image":{"@type":"ImageObject","inLanguage":"fr-FR","@id":"https:\/\/secure.gravatar.com\/avatar\/c7b37db84d350dcdacf9fa51c2818cce6ba2e874e3a6f666047ca5a022512106?s=96&d=mm&r=g","url":"https:\/\/secure.gravatar.com\/avatar\/c7b37db84d350dcdacf9fa51c2818cce6ba2e874e3a6f666047ca5a022512106?s=96&d=mm&r=g","contentUrl":"https:\/\/secure.gravatar.com\/avatar\/c7b37db84d350dcdacf9fa51c2818cce6ba2e874e3a6f666047ca5a022512106?s=96&d=mm&r=g","caption":"Raphael"},"url":"https:\/\/tal.ch\/fr\/author\/raphael\/"}]}},"_links":{"self":[{"href":"https:\/\/tal.ch\/fr\/wp-json\/wp\/v2\/posts\/13730","targetHints":{"allow":["GET"]}}],"collection":[{"href":"https:\/\/tal.ch\/fr\/wp-json\/wp\/v2\/posts"}],"about":[{"href":"https:\/\/tal.ch\/fr\/wp-json\/wp\/v2\/types\/post"}],"author":[{"embeddable":true,"href":"https:\/\/tal.ch\/fr\/wp-json\/wp\/v2\/users\/2"}],"replies":[{"embeddable":true,"href":"https:\/\/tal.ch\/fr\/wp-json\/wp\/v2\/comments?post=13730"}],"version-history":[{"count":16,"href":"https:\/\/tal.ch\/fr\/wp-json\/wp\/v2\/posts\/13730\/revisions"}],"predecessor-version":[{"id":14378,"href":"https:\/\/tal.ch\/fr\/wp-json\/wp\/v2\/posts\/13730\/revisions\/14378"}],"wp:featuredmedia":[{"embeddable":true,"href":"https:\/\/tal.ch\/fr\/wp-json\/wp\/v2\/media\/13731"}],"wp:attachment":[{"href":"https:\/\/tal.ch\/fr\/wp-json\/wp\/v2\/media?parent=13730"}],"wp:term":[{"taxonomy":"category","embeddable":true,"href":"https:\/\/tal.ch\/fr\/wp-json\/wp\/v2\/categories?post=13730"},{"taxonomy":"post_tag","embeddable":true,"href":"https:\/\/tal.ch\/fr\/wp-json\/wp\/v2\/tags?post=13730"}],"curies":[{"name":"wp","href":"https:\/\/api.w.org\/{rel}","templated":true}]}}