{"id":14843,"date":"2025-01-14T10:01:00","date_gmt":"2025-01-14T10:01:00","guid":{"rendered":"https:\/\/tal.ch\/?p=14843"},"modified":"2025-01-14T10:05:03","modified_gmt":"2025-01-14T10:05:03","slug":"richtige-hautpflege-im-winter","status":"publish","type":"post","link":"https:\/\/tal.ch\/fr\/richtige-hautpflege-im-winter\/","title":{"rendered":"Soins de la peau en hiver"},"content":{"rendered":"<div data-elementor-type=\"wp-post\" data-elementor-id=\"14843\" class=\"elementor elementor-14843\" data-elementor-post-type=\"post\">\n\t\t\t\t<div class=\"elementor-element elementor-element-7428a6a e-con-full e-flex wpr-particle-no wpr-jarallax-no wpr-parallax-no wpr-sticky-section-no wpr-equal-height-no e-con e-parent\" data-id=\"7428a6a\" data-element_type=\"container\" data-e-type=\"container\">\n\t\t\t\t<div class=\"elementor-element elementor-element-6361637 elementor-widget elementor-widget-spacer\" data-id=\"6361637\" data-element_type=\"widget\" data-e-type=\"widget\" data-widget_type=\"spacer.default\">\n\t\t\t\t\t\t\t<div class=\"elementor-spacer\">\n\t\t\t<div class=\"elementor-spacer-inner\"><\/div>\n\t\t<\/div>\n\t\t\t\t\t\t<\/div>\n\t\t\t\t<\/div>\n\t\t<div class=\"elementor-element elementor-element-bfb8d54 e-con-full e-flex wpr-particle-no wpr-jarallax-no wpr-parallax-no wpr-sticky-section-no wpr-equal-height-no e-con e-parent\" data-id=\"bfb8d54\" data-element_type=\"container\" data-e-type=\"container\">\n\t\t\t\t<div class=\"elementor-element elementor-element-bd2bc5f elementor-widget elementor-widget-heading\" data-id=\"bd2bc5f\" data-element_type=\"widget\" data-e-type=\"widget\" data-widget_type=\"heading.default\">\n\t\t\t\t\t<h2 class=\"elementor-heading-title elementor-size-default\">Soins de la peau en hiver<\/h2>\t\t\t\t<\/div>\n\t\t\t\t<div class=\"elementor-element elementor-element-73c64b2 elementor-widget elementor-widget-image\" data-id=\"73c64b2\" data-element_type=\"widget\" data-e-type=\"widget\" data-widget_type=\"image.default\">\n\t\t\t\t\t\t\t\t\t\t\t\t\t\t\t<img fetchpriority=\"high\" decoding=\"async\" width=\"2481\" height=\"1748\" src=\"https:\/\/tal.ch\/wp-content\/uploads\/2025\/01\/Bild-Marina-Haut-Winter-01.png\" class=\"attachment-full size-full wp-image-14855\" alt=\"\" srcset=\"https:\/\/tal.ch\/wp-content\/uploads\/2025\/01\/Bild-Marina-Haut-Winter-01.png 2481w, https:\/\/tal.ch\/wp-content\/uploads\/2025\/01\/Bild-Marina-Haut-Winter-01-300x211.png 300w, https:\/\/tal.ch\/wp-content\/uploads\/2025\/01\/Bild-Marina-Haut-Winter-01-1024x721.png 1024w, https:\/\/tal.ch\/wp-content\/uploads\/2025\/01\/Bild-Marina-Haut-Winter-01-768x541.png 768w, https:\/\/tal.ch\/wp-content\/uploads\/2025\/01\/Bild-Marina-Haut-Winter-01-1536x1082.png 1536w, https:\/\/tal.ch\/wp-content\/uploads\/2025\/01\/Bild-Marina-Haut-Winter-01-2048x1443.png 2048w, https:\/\/tal.ch\/wp-content\/uploads\/2025\/01\/Bild-Marina-Haut-Winter-01-18x12.png 18w, https:\/\/tal.ch\/wp-content\/uploads\/2025\/01\/Bild-Marina-Haut-Winter-01-600x423.png 600w\" sizes=\"(max-width: 2481px) 100vw, 2481px\" \/>\t\t\t\t\t\t\t\t\t\t\t\t\t\t\t<\/div>\n\t\t\t\t<div class=\"elementor-element elementor-element-917554c elementor-widget elementor-widget-text-editor\" data-id=\"917554c\" data-element_type=\"widget\" data-e-type=\"widget\" data-widget_type=\"text-editor.default\">\n\t\t\t\t\t\t\t\t\t<p>L'hiver pose des d\u00e9fis particuliers \u00e0 notre peau. Les temp\u00e9ratures froides, l'air sec du chauffage et le lavage fr\u00e9quent des mains peuvent mettre \u00e0 rude \u00e9preuve la peau des mains, des pieds et du visage. Dans cet article de blog, nous vous donnons des conseils complets sur les soins de la peau pendant la saison froide et vous montrons comment prot\u00e9ger et soigner votre peau de mani\u00e8re optimale avec les produits de qualit\u00e9 de Tal.<\/p>\t\t\t\t\t\t\t\t<\/div>\n\t\t\t\t<\/div>\n\t\t<div class=\"elementor-element elementor-element-1cf9902 e-con-full e-flex wpr-particle-no wpr-jarallax-no wpr-parallax-no wpr-sticky-section-no wpr-equal-height-no e-con e-parent\" data-id=\"1cf9902\" data-element_type=\"container\" data-e-type=\"container\">\n\t\t\t\t<div class=\"elementor-element elementor-element-f5e3653 elementor-widget elementor-widget-heading\" data-id=\"f5e3653\" data-element_type=\"widget\" data-e-type=\"widget\" data-widget_type=\"heading.default\">\n\t\t\t\t\t<h3 class=\"elementor-heading-title elementor-size-default\">Les d\u00e9fis de la peau en hiver<span style=\"color: inherit;text-align: var(--text-align)\"><\/span><\/h3>\t\t\t\t<\/div>\n\t\t\t\t<div class=\"elementor-element elementor-element-4673dc4 elementor-widget elementor-widget-text-editor\" data-id=\"4673dc4\" data-element_type=\"widget\" data-e-type=\"widget\" data-widget_type=\"text-editor.default\">\n\t\t\t\t\t\t\t\t\t<p><span style=\"text-align: var(--text-align); font-size: 1rem;\"><b>Froid<br \/><\/b><\/span><span style=\"text-align: var(--text-align); font-size: 1rem;\">Les temp\u00e9ratures froides r\u00e9tr\u00e9cissent les vaisseaux sanguins, ce qui rend la peau moins bien irrigu\u00e9e et moins bien aliment\u00e9e en nutriments.<\/span><\/p><p><strong>Air sec<br \/><\/strong>Le chauffage r\u00e9duit l'humidit\u00e9 de l'air \u00e0 l'int\u00e9rieur, ce qui entra\u00eene une perte d'hydratation de la peau.<\/p><p><strong>Se laver et se d\u00e9sinfecter les mains fr\u00e9quemment<br \/><\/strong>L'hygi\u00e8ne est particuli\u00e8rement importante pendant la saison de la grippe, mais se laver et se d\u00e9sinfecter fr\u00e9quemment peut ass\u00e9cher la peau.<\/p>\t\t\t\t\t\t\t\t<\/div>\n\t\t\t\t<\/div>\n\t\t<div class=\"elementor-element elementor-element-7be880a e-con-full e-flex wpr-particle-no wpr-jarallax-no wpr-parallax-no wpr-sticky-section-no wpr-equal-height-no e-con e-parent\" data-id=\"7be880a\" data-element_type=\"container\" data-e-type=\"container\">\n\t\t\t\t<div class=\"elementor-element elementor-element-74ce353 elementor-widget elementor-widget-heading\" data-id=\"74ce353\" data-element_type=\"widget\" data-e-type=\"widget\" data-widget_type=\"heading.default\">\n\t\t\t\t\t<h3 class=\"elementor-heading-title elementor-size-default\">Soins du visage en hiver\n<\/h3>\t\t\t\t<\/div>\n\t\t\t\t<div class=\"elementor-element elementor-element-b2b4897 elementor-widget elementor-widget-text-editor\" data-id=\"b2b4897\" data-element_type=\"widget\" data-e-type=\"widget\" data-widget_type=\"text-editor.default\">\n\t\t\t\t\t\t\t\t\t<p><strong>Nettoyage<\/strong><br \/>Un nettoyage doux est essentiel pour ne pas d\u00e9truire la barri\u00e8re protectrice naturelle de la peau. Utilisez de l'eau ti\u00e8de et des produits nettoyants doux pour d\u00e9barrasser la peau de la salet\u00e9 et de l'exc\u00e8s de s\u00e9bum sans la dess\u00e9cher.<\/p><p><strong>Humidit\u00e9 et protection<\/strong><br \/>Apr\u00e8s le nettoyage, la peau a besoin d'\u00eatre hydrat\u00e9e et prot\u00e9g\u00e9e. La ligne de soins du visage Tal Absolue offre ici des solutions optimales. Elle associe des principes actifs high-tech \u00e0 des extraits de plantes des hautes Alpes et prot\u00e8ge la peau des agressions ext\u00e9rieures comme les rayons UV et la pollution.<\/p><p>Pour la journ\u00e9e, il est recommand\u00e9 d'utiliser le soin de jour Tal Absolue, qui prot\u00e8ge la peau des agressions quotidiennes. Pour la nuit, le soin de nuit Tal Absolue apporte \u00e0 la peau des nutriments r\u00e9g\u00e9n\u00e9rants, l'hydrate et soutient la barri\u00e8re cutan\u00e9e.<\/p><p><strong>Soins sp\u00e9cifiques<\/strong><br \/>Pour les peaux particuli\u00e8rement s\u00e8ches ou irrit\u00e9es, le Tal Absolue Immediate Calming SOS Mask peut avoir un effet apaisant et hydrater intens\u00e9ment la peau.<\/p>\t\t\t\t\t\t\t\t<\/div>\n\t\t\t\t<\/div>\n\t\t<div class=\"elementor-element elementor-element-e080875 e-con-full e-flex wpr-particle-no wpr-jarallax-no wpr-parallax-no wpr-sticky-section-no wpr-equal-height-no e-con e-parent\" data-id=\"e080875\" data-element_type=\"container\" data-e-type=\"container\">\n\t\t\t\t<div class=\"elementor-element elementor-element-2eda0e8 elementor-widget elementor-widget-heading\" data-id=\"2eda0e8\" data-element_type=\"widget\" data-e-type=\"widget\" data-widget_type=\"heading.default\">\n\t\t\t\t\t<h3 class=\"elementor-heading-title elementor-size-default\">Soins des mains en hiver<span style=\"color: inherit;text-align: var(--text-align)\"><\/span><\/h3>\t\t\t\t<\/div>\n\t\t\t\t<div class=\"elementor-element elementor-element-917bdcb elementor-widget elementor-widget-text-editor\" data-id=\"917bdcb\" data-element_type=\"widget\" data-e-type=\"widget\" data-widget_type=\"text-editor.default\">\n\t\t\t\t\t\t\t\t\t<p><strong>Protection et entretien<\/strong><br \/>Nos mains sont particuli\u00e8rement expos\u00e9es en hiver et n\u00e9cessitent donc des soins sp\u00e9cifiques. La cr\u00e8me pour les mains Tal Med Repair Exklusiv est id\u00e9ale pour les peaux gerc\u00e9es et ab\u00eem\u00e9es des mains et des coudes. Elle contient des extraits de plantes de haute qualit\u00e9, comme l'edelweiss, connues pour leur action antioxydante, et offre un soin intensif aux mains fortement sollicit\u00e9es.<\/p><p><strong>D\u00e9sinfection et hygi\u00e8ne<\/strong><br \/>Pendant la saison de la grippe, il est indispensable de se laver et de se d\u00e9sinfecter les mains fr\u00e9quemment. Pour \u00e9viter de trop agresser la peau, il est recommand\u00e9 d'utiliser la lotion lavante pour les mains Tal Med. Elle est adapt\u00e9e au nettoyage des peaux sensibles et \u00e0 tendance allergique et prot\u00e8ge la peau du dess\u00e8chement.<\/p><p><strong>Soins intensifs<\/strong><br \/>Pour un soin en profondeur de temps en temps, le masque pour les mains Tal Med Repair est id\u00e9al. Ce masque pour les mains en forme de gant assure un effet imm\u00e9diat sur les peaux gerc\u00e9es et ab\u00eem\u00e9es. Il peut \u00eatre utilis\u00e9 r\u00e9guli\u00e8rement pour maintenir la souplesse de la peau.<\/p>\t\t\t\t\t\t\t\t<\/div>\n\t\t\t\t<\/div>\n\t\t<div class=\"elementor-element elementor-element-c83e106 e-con-full e-flex wpr-particle-no wpr-jarallax-no wpr-parallax-no wpr-sticky-section-no wpr-equal-height-no e-con e-parent\" data-id=\"c83e106\" data-element_type=\"container\" data-e-type=\"container\">\n\t\t\t\t<div class=\"elementor-element elementor-element-af962c1 elementor-widget elementor-widget-heading\" data-id=\"af962c1\" data-element_type=\"widget\" data-e-type=\"widget\" data-widget_type=\"heading.default\">\n\t\t\t\t\t<h3 class=\"elementor-heading-title elementor-size-default\">Soins des pieds en hiver<span style=\"color: inherit;text-align: var(--text-align)\"><\/span><\/h3>\t\t\t\t<\/div>\n\t\t\t\t<div class=\"elementor-element elementor-element-51b9d06 elementor-widget elementor-widget-text-editor\" data-id=\"51b9d06\" data-element_type=\"widget\" data-e-type=\"widget\" data-widget_type=\"text-editor.default\">\n\t\t\t\t\t\t\t\t\t<p><strong>Soins quotidiens<\/strong><br \/>Les pieds aussi m\u00e9ritent une attention particuli\u00e8re en hiver. La Cr\u00e8me de soin des pieds Tal offre un soin intensif \u00e0 l'ur\u00e9e et aux substances v\u00e9g\u00e9tales actives qui assouplissent la peau s\u00e8che et corn\u00e9e.<\/p><p><strong>Traitement intensif<\/strong><br \/>En cas de peau tr\u00e8s corn\u00e9e et fissur\u00e9e, il est recommand\u00e9 d'utiliser le baume de soin des pieds Tal. Ce soin SOS contient du calendula, de l'arnica et des aiguilles de pin qui ont un effet r\u00e9g\u00e9n\u00e9rant et soignent intensivement la peau.<\/p><p><strong>Masques pour les pieds<\/strong><br \/>Pour une dose de soin suppl\u00e9mentaire, vous pouvez utiliser le masque pour les pieds Tal Med Repair. Il offre un effet imm\u00e9diat pour les pieds gerc\u00e9s et ab\u00eem\u00e9s et peut \u00eatre utilis\u00e9 r\u00e9guli\u00e8rement pour garder la peau douce et souple.<\/p>\t\t\t\t\t\t\t\t<\/div>\n\t\t\t\t<\/div>\n\t\t<div class=\"elementor-element elementor-element-7c14c4f e-con-full e-flex wpr-particle-no wpr-jarallax-no wpr-parallax-no wpr-sticky-section-no wpr-equal-height-no e-con e-parent\" data-id=\"7c14c4f\" data-element_type=\"container\" data-e-type=\"container\">\n\t\t\t\t<div class=\"elementor-element elementor-element-8c311f4 elementor-widget elementor-widget-heading\" data-id=\"8c311f4\" data-element_type=\"widget\" data-e-type=\"widget\" data-widget_type=\"heading.default\">\n\t\t\t\t\t<h3 class=\"elementor-heading-title elementor-size-default\">Protection contre le froid et pr\u00e9vention<span style=\"color: inherit;text-align: var(--text-align)\"><\/span><\/h3>\t\t\t\t<\/div>\n\t\t\t\t<div class=\"elementor-element elementor-element-6109bb2 elementor-widget elementor-widget-text-editor\" data-id=\"6109bb2\" data-element_type=\"widget\" data-e-type=\"widget\" data-widget_type=\"text-editor.default\">\n\t\t\t\t\t\t\t\t\t<p><strong>V\u00eatements<\/strong><br>Prot\u00e9gez votre peau du froid en portant des gants, des chaussettes chaudes et des \u00e9charpes. Les mati\u00e8res naturelles comme la laine ou le coton sont particuli\u00e8rement recommand\u00e9es, car elles laissent la peau respirer et \u00e9vacuent l'humidit\u00e9.<\/p>\n<p><strong>Alimentation et hydratation<\/strong><br>Une alimentation \u00e9quilibr\u00e9e avec suffisamment de vitamines et de min\u00e9raux soutient la peau de l'int\u00e9rieur. Buvez en outre suffisamment d'eau.<\/p>\n<p><strong>Climat int\u00e9rieur<\/strong><br>Veillez \u00e0 ce que la temp\u00e9rature de la pi\u00e8ce soit mod\u00e9r\u00e9e et utilisez si n\u00e9cessaire des humidificateurs pour augmenter l'humidit\u00e9 de l'air. Cela permet d'\u00e9viter le dess\u00e8chement de la peau d\u00fb au chauffage.<\/p>\t\t\t\t\t\t\t\t<\/div>\n\t\t\t\t<\/div>\n\t\t<div class=\"elementor-element elementor-element-8a8c4ac e-con-full e-flex wpr-particle-no wpr-jarallax-no wpr-parallax-no wpr-sticky-section-no wpr-equal-height-no e-con e-parent\" data-id=\"8a8c4ac\" data-element_type=\"container\" data-e-type=\"container\">\n\t\t\t\t<div class=\"elementor-element elementor-element-73216b2 elementor-widget elementor-widget-heading\" data-id=\"73216b2\" data-element_type=\"widget\" data-e-type=\"widget\" data-widget_type=\"heading.default\">\n\t\t\t\t\t<h3 class=\"elementor-heading-title elementor-size-default\">Conclusion<\/h3>\t\t\t\t<\/div>\n\t\t\t\t<div class=\"elementor-element elementor-element-5394135 elementor-widget elementor-widget-text-editor\" data-id=\"5394135\" data-element_type=\"widget\" data-e-type=\"widget\" data-widget_type=\"text-editor.default\">\n\t\t\t\t\t\t\t\t\t<p>Les soins de la peau en hiver n\u00e9cessitent une attention particuli\u00e8re, notamment pour les mains, les pieds et le visage. Les produits de qualit\u00e9 de Tal vous permettent de prot\u00e9ger et de soigner votre peau de mani\u00e8re optimale. Pensez \u00e0 hydrater r\u00e9guli\u00e8rement votre peau, \u00e0 la prot\u00e9ger du froid et \u00e0 veiller \u00e0 une bonne hygi\u00e8ne de vie. Vous traverserez ainsi la saison froide avec une peau \u00e9clatante et saine.<\/p>\t\t\t\t\t\t\t\t<\/div>\n\t\t\t\t<div class=\"elementor-element elementor-element-b1ea16d elementor-widget elementor-widget-text-editor\" data-id=\"b1ea16d\" data-element_type=\"widget\" data-e-type=\"widget\" data-widget_type=\"text-editor.default\">\n\t\t\t\t\t\t\t\t\t<p>Demandez conseil \u00e0 votre pharmacie ou droguerie de confiance ou parcourez notre boutique en ligne.<\/p>\t\t\t\t\t\t\t\t<\/div>\n\t\t\t\t<\/div>\n\t\t<div class=\"elementor-element elementor-element-051d64b e-flex e-con-boxed wpr-particle-no wpr-jarallax-no wpr-parallax-no wpr-sticky-section-no wpr-equal-height-no e-con e-parent\" data-id=\"051d64b\" data-element_type=\"container\" data-e-type=\"container\">\n\t\t\t\t\t<div class=\"e-con-inner\">\n\t\t\t\t<div class=\"elementor-element elementor-element-f61bf86 elementor-align-center elementor-widget elementor-widget-button\" data-id=\"f61bf86\" data-element_type=\"widget\" data-e-type=\"widget\" data-widget_type=\"button.default\">\n\t\t\t\t\t\t\t\t\t\t<a class=\"elementor-button elementor-button-link elementor-size-sm\" href=\"https:\/\/shop.parsenn-produkte.ch\/collections\/tal\">\n\t\t\t\t\t\t<span class=\"elementor-button-content-wrapper\">\n\t\t\t\t\t\t\t\t\t<span class=\"elementor-button-text\">Vers la boutique en ligne<\/span>\n\t\t\t\t\t<\/span>\n\t\t\t\t\t<\/a>\n\t\t\t\t\t\t\t\t<\/div>\n\t\t\t\t\t<\/div>\n\t\t\t\t<\/div>\n\t\t<div class=\"elementor-element elementor-element-c6b0626 e-con-full e-flex wpr-particle-no wpr-jarallax-no wpr-parallax-no wpr-sticky-section-no wpr-equal-height-no e-con e-parent\" data-id=\"c6b0626\" data-element_type=\"container\" data-e-type=\"container\" data-settings=\"{&quot;background_background&quot;:&quot;classic&quot;}\">\n\t\t\t\t<div class=\"elementor-element elementor-element-c11ada0 elementor-post-navigation-borders-yes elementor-widget elementor-widget-global elementor-global-9032 elementor-widget-post-navigation\" data-id=\"c11ada0\" data-element_type=\"widget\" data-e-type=\"widget\" data-widget_type=\"post-navigation.default\">\n\t\t\t\t\t\t\t<div class=\"elementor-post-navigation\" role=\"navigation\" aria-label=\"Navigation de publication\">\n\t\t\t<div class=\"elementor-post-navigation__prev elementor-post-navigation__link\">\n\t\t\t\t<a href=\"https:\/\/tal.ch\/fr\/schenken-sie-gesunde-haut-zu-weihnachten\/\" rel=\"prev\"><span class=\"post-navigation__arrow-wrapper post-navigation__arrow-prev\"><svg aria-hidden=\"true\" class=\"e-font-icon-svg e-fas-angle-left\" viewbox=\"0 0 256 512\" xmlns=\"http:\/\/www.w3.org\/2000\/svg\"><path d=\"M31.7 239l136-136c9.4-9.4 24.6-9.4 33.9 0l22.6 22.6c9.4 9.4 9.4 24.6 0 33.9L127.9 256l96.4 96.4c9.4 9.4 9.4 24.6 0 33.9L201.7 409c-9.4 9.4-24.6 9.4-33.9 0l-136-136c-9.5-9.4-9.5-24.6-.1-34z\"><\/path><\/svg><span class=\"elementor-screen-only\">Pr\u00e9c\u00e9dent<\/span><\/span><span class=\"elementor-post-navigation__link__prev\"><span class=\"post-navigation__prev--label\">Pr\u00e9c\u00e9dent<\/span><span class=\"post-navigation__prev--title\">Offrez une peau saine !<\/span><\/span><\/a>\t\t\t<\/div>\n\t\t\t\t\t\t\t<div class=\"elementor-post-navigation__separator-wrapper\">\n\t\t\t\t\t<div class=\"elementor-post-navigation__separator\"><\/div>\n\t\t\t\t<\/div>\n\t\t\t\t\t\t<div class=\"elementor-post-navigation__next elementor-post-navigation__link\">\n\t\t\t\t<a href=\"https:\/\/tal.ch\/fr\/hautpflege-beim-wintersport\/\" rel=\"next\"><span class=\"elementor-post-navigation__link__next\"><span class=\"post-navigation__next--label\">Prochain<\/span><span class=\"post-navigation__next--title\">Soins de la peau aux sports d'hiver<\/span><\/span><span class=\"post-navigation__arrow-wrapper post-navigation__arrow-next\"><svg aria-hidden=\"true\" class=\"e-font-icon-svg e-fas-angle-right\" viewbox=\"0 0 256 512\" xmlns=\"http:\/\/www.w3.org\/2000\/svg\"><path d=\"M224.3 273l-136 136c-9.4 9.4-24.6 9.4-33.9 0l-22.6-22.6c-9.4-9.4-9.4-24.6 0-33.9l96.4-96.4-96.4-96.4c-9.4-9.4-9.4-24.6 0-33.9L54.3 103c9.4-9.4 24.6-9.4 33.9 0l136 136c9.5 9.4 9.5 24.6.1 34z\"><\/path><\/svg><span class=\"elementor-screen-only\">Suivant<\/span><\/span><\/a>\t\t\t<\/div>\n\t\t<\/div>\n\t\t\t\t\t\t<\/div>\n\t\t\t\t<\/div>\n\t\t<div class=\"elementor-element elementor-element-c8e97a1 e-flex e-con-boxed wpr-particle-no wpr-jarallax-no wpr-parallax-no wpr-sticky-section-no wpr-equal-height-no e-con e-parent\" data-id=\"c8e97a1\" data-element_type=\"container\" data-e-type=\"container\">\n\t\t\t\t\t<div class=\"e-con-inner\">\n\t\t\t\t<div class=\"elementor-element elementor-element-e27732d elementor-widget elementor-widget-spacer\" data-id=\"e27732d\" data-element_type=\"widget\" data-e-type=\"widget\" data-widget_type=\"spacer.default\">\n\t\t\t\t\t\t\t<div class=\"elementor-spacer\">\n\t\t\t<div class=\"elementor-spacer-inner\"><\/div>\n\t\t<\/div>\n\t\t\t\t\t\t<\/div>\n\t\t\t\t\t<\/div>\n\t\t\t\t<\/div>\n\t\t\t\t<\/div>","protected":false},"excerpt":{"rendered":"<p>Les soins de la peau en hiver L'hiver pose des d\u00e9fis particuliers \u00e0 notre peau. Les temp\u00e9ratures froides, l'air sec du chauffage et les lavages fr\u00e9quents des mains peuvent mettre \u00e0 rude \u00e9preuve la peau des mains, des pieds et du visage. Dans cet article de blog, nous vous donnons des conseils complets sur les soins de la peau pendant la saison froide et vous montrons comment prot\u00e9ger et soigner votre peau de mani\u00e8re optimale avec les produits de qualit\u00e9 de Tal. Les d\u00e9fis de la peau en hiver Le froidLes temp\u00e9ratures froides r\u00e9tr\u00e9cissent les vaisseaux sanguins, ce qui entra\u00eene une moins bonne irrigation de la peau et un moindre apport de nutriments. L'air secL'air chauff\u00e9 r\u00e9duit l'humidit\u00e9 de l'air \u00e0 l'int\u00e9rieur, ce qui entra\u00eene une perte d'hydratation de la peau. Lavage et d\u00e9sinfection fr\u00e9quents des mainsL'hygi\u00e8ne est importante, surtout pendant la saison de la grippe, mais le lavage et la d\u00e9sinfection fr\u00e9quents peuvent ass\u00e9cher la peau. Soins du visage en hiver NettoyageUn nettoyage doux est essentiel pour ne pas d\u00e9truire la barri\u00e8re protectrice naturelle de la peau. Utilisez de l'eau ti\u00e8de et des produits nettoyants doux pour d\u00e9barrasser la peau de la salet\u00e9 et de l'exc\u00e8s de s\u00e9bum sans la dess\u00e9cher. Hydratation et protectionApr\u00e8s le nettoyage, la peau a besoin d'\u00eatre hydrat\u00e9e et prot\u00e9g\u00e9e. La ligne de soins du visage Tal Absolue offre ici des solutions optimales. Elle associe des principes actifs high-tech \u00e0 des extraits de plantes des hautes Alpes et prot\u00e8ge la peau des agressions ext\u00e9rieures comme les rayons UV et la pollution. Pour la journ\u00e9e, il est recommand\u00e9 d'utiliser le soin de jour Tal Absolue, qui prot\u00e8ge la peau des agressions quotidiennes. Pour la nuit, le soin de nuit Tal Absolue apporte \u00e0 la peau des nutriments r\u00e9g\u00e9n\u00e9rants, l'hydrate et soutient la barri\u00e8re cutan\u00e9e. Soin sp\u00e9cialSi la peau est particuli\u00e8rement s\u00e8che ou irrit\u00e9e, le Tal Absolue Immediate Calming SOS Mask peut avoir un effet apaisant et hydrater intens\u00e9ment la peau. Soin des mains en hiver Protection et soinNos mains sont particuli\u00e8rement expos\u00e9es en hiver et n\u00e9cessitent donc un soin sp\u00e9cial. La cr\u00e8me pour les mains Tal Med Repair Exklusiv est id\u00e9ale pour la peau gerc\u00e9e et ab\u00eem\u00e9e des mains et des coudes. Elle contient des extraits de plantes de haute qualit\u00e9 comme l'edelweiss, connu pour son effet antioxydant, et offre un soin intensif pour les mains fortement sollicit\u00e9es. D\u00e9sinfection et hygi\u00e8neEn p\u00e9riode de grippe, il est indispensable de se laver et de se d\u00e9sinfecter les mains fr\u00e9quemment. Pour \u00e9viter de trop agresser la peau, il est recommand\u00e9 d'utiliser la lotion lavante pour les mains Tal Med. Elle est adapt\u00e9e au nettoyage des peaux sensibles et \u00e0 tendance allergique et prot\u00e8ge la peau du dess\u00e8chement. Soin intensifPour un soin en profondeur de temps en temps, le masque pour les mains Tal Med Repair est id\u00e9al. Ce masque pour les mains en forme de gant assure un effet imm\u00e9diat sur les peaux gerc\u00e9es et sollicit\u00e9es et peut \u00eatre utilis\u00e9 r\u00e9guli\u00e8rement pour maintenir la souplesse de la peau. Soins des pieds en hiver Soins quotidiensLes pieds m\u00e9ritent \u00e9galement une attention particuli\u00e8re en hiver. La cr\u00e8me Tal pour le soin des pieds offre un soin intensif avec de l'ur\u00e9e et des substances v\u00e9g\u00e9tales actives qui assouplissent la peau s\u00e8che et corn\u00e9e. Traitement intensifLorsque la peau est fortement corn\u00e9e et fissur\u00e9e, il est recommand\u00e9 d'utiliser le Baume Soin des Pieds Tal. Ce soin SOS contient du calendula, de l'arnica et des aiguilles de pin, qui ont un effet r\u00e9g\u00e9n\u00e9rant et soignent intensivement la peau. Masques pour les piedsPour une dose de soin suppl\u00e9mentaire, vous pouvez utiliser le masque pour les pieds Tal Med Repair. Il offre un effet imm\u00e9diat pour les pieds gerc\u00e9s et ab\u00eem\u00e9s et peut \u00eatre utilis\u00e9 r\u00e9guli\u00e8rement pour garder la peau douce et souple. Protection contre le froid et pr\u00e9vention V\u00eatementsProt\u00e9gez votre peau du froid en portant des gants, des chaussettes chaudes et des \u00e9charpes. Les mati\u00e8res naturelles comme la laine ou le coton sont particuli\u00e8rement recommand\u00e9es, car elles laissent la peau respirer et \u00e9vacuent l'humidit\u00e9. Alimentation et hydratationUne alimentation \u00e9quilibr\u00e9e avec suffisamment de vitamines et de min\u00e9raux soutient la peau de l'int\u00e9rieur. Buvez \u00e9galement suffisamment d'eau. Climat ambiantVeillez \u00e0 ce que la temp\u00e9rature de la pi\u00e8ce soit mod\u00e9r\u00e9e et utilisez si n\u00e9cessaire des humidificateurs pour augmenter l'humidit\u00e9 de l'air. Cela \u00e9vite le dess\u00e8chement de la peau d\u00fb \u00e0 l'air de chauffage Conclusion Les soins de la peau en hiver n\u00e9cessitent une attention particuli\u00e8re, notamment pour les mains, les pieds et le visage. Les produits de qualit\u00e9 de Tal vous permettent de prot\u00e9ger et de soigner votre peau de mani\u00e8re optimale. Pensez \u00e0 hydrater r\u00e9guli\u00e8rement votre peau, \u00e0 la prot\u00e9ger du froid et \u00e0 veiller \u00e0 une bonne hygi\u00e8ne de vie. Vous traverserez ainsi la saison froide avec une peau \u00e9clatante et saine. Demandez conseil \u00e0 votre pharmacie ou droguerie de confiance ou parcourez notre boutique en ligne. Vers la boutique en ligne<\/p>","protected":false},"author":2,"featured_media":14855,"comment_status":"closed","ping_status":"closed","sticky":false,"template":"elementor_header_footer","format":"standard","meta":{"footnotes":""},"categories":[1],"tags":[],"class_list":["post-14843","post","type-post","status-publish","format-standard","has-post-thumbnail","hentry","category-uncategorized"],"yoast_head":"<!-- This site is optimized with the Yoast SEO plugin v27.4 - https:\/\/yoast.com\/product\/yoast-seo-wordpress\/ -->\n<title>Hautpflege im Winter - Tal<\/title>\n<meta name=\"robots\" content=\"index, follow, max-snippet:-1, max-image-preview:large, max-video-preview:-1\" \/>\n<link rel=\"canonical\" href=\"https:\/\/tal.ch\/fr\/richtige-hautpflege-im-winter\/\" \/>\n<meta property=\"og:locale\" content=\"fr_FR\" \/>\n<meta property=\"og:type\" content=\"article\" \/>\n<meta property=\"og:title\" content=\"Hautpflege im Winter - Tal\" \/>\n<meta property=\"og:description\" content=\"Hautpflege im Winter Der Winter stellt unsere Haut vor besondere Herausforderungen. Kalte Temperaturen, trockene Heizungsluft und h\u00e4ufiges H\u00e4ndewaschen k\u00f6nnen die Haut an H\u00e4nden, F\u00fcssen und im Gesicht stark beanspruchen. In diesem Blogbeitrag geben wir Ihnen umfassende Tipps zur Hautpflege in der kalten Jahreszeit und zeigen, wie Sie mit den hochwertigen Produkten von Tal Ihre Haut optimal sch\u00fctzen und pflegen k\u00f6nnen. Die Herausforderungen der Winterhaut K\u00e4lteKalte Temperaturen verengen die Blutgef\u00e4sse, wodurch die Haut schlechter durchblutet und weniger mit N\u00e4hrstoffen versorgt wird. Trockene LuftHeizungsluft reduziert die Luftfeuchtigkeit in Innenr\u00e4umen, was zu Feuchtigkeitsverlust der Haut f\u00fchrt. H\u00e4ufiges H\u00e4ndewaschen und DesinfizierenBesonders in der Grippesaison ist Hygiene wichtig, doch h\u00e4ufiges Waschen und Desinfizieren kann die Haut austrocknen. Gesichtspflege im Winter ReinigungEine milde Reinigung ist essenziell, um die nat\u00fcrliche Schutzbarriere der Haut nicht zu zerst\u00f6ren. Verwenden Sie lauwarmes Wasser und sanfte Reinigungsprodukte, um die Haut von Schmutz und \u00fcbersch\u00fcssigem Talg zu befreien, ohne sie auszutrocknen. Feuchtigkeit und SchutzNach der Reinigung ben\u00f6tigt die Haut Feuchtigkeit und Schutz. Die Gesichtspflegelinie Tal Absolue bietet hier optimale L\u00f6sungen. Sie kombiniert Hightech-Wirkstoffe mit hochalpinen Pflanzenextrakten und sch\u00fctzt die Haut vor Umwelteinfl\u00fcssen wie UV-Strahlung und Umweltverschmutzung. F\u00fcr den Tag empfiehlt sich die Tal Absolue Tagespflege, die die Haut vor t\u00e4glichen Belastungen sch\u00fctzt. In der Nacht versorgt die Tal Absolue Nachtpflege die Haut mit regenerierenden N\u00e4hrstoffen, spendet Feuchtigkeit und unterst\u00fctzt die Hautbarriere. Spezielle PflegeBei besonders trockener oder irritierter Haut kann die Tal Absolue Immediate Calming SOS Mask beruhigend wirken und der Haut intensive Feuchtigkeit spenden. Handpflege im Winter Schutz und PflegeUnsere H\u00e4nde sind im Winter besonders exponiert und ben\u00f6tigen daher spezielle Pflege. Die Tal Med Handcreme Repair Exklusiv ist ideal f\u00fcr rissige und spr\u00f6de Haut an H\u00e4nden und Ellenbogen. Sie enth\u00e4lt hochwertige Pflanzenextrakte wie Edelweiss, die f\u00fcr ihre antioxidative Wirkung bekannt sind, und bietet intensive Pflege f\u00fcr stark beanspruchte H\u00e4nde. Desinfektion und HygieneIn der Grippesaison ist h\u00e4ufiges H\u00e4ndewaschen und Desinfizieren unerl\u00e4sslich. Um die Haut dabei nicht zu sehr zu belasten, empfiehlt sich die Verwendung der Tal Med Hand Waschlotion. Sie ist f\u00fcr die Reinigung empfindlicher und zu Allergien neigender Haut geeignet und sch\u00fctzt die Haut vor dem Austrocknen. Intensive PflegeF\u00fcr eine tiefenwirksame Pflege zwischendurch bietet sich die Tal Med Handmaske Repair an. Diese Handmaske in Handschuh-Form sorgt f\u00fcr einen Soforteffekt bei rissiger und beanspruchter Haut und kann regelm\u00e4ssig angewendet werden, um die Haut geschmeidig zu halten. Fusspflege im Winter T\u00e4gliche PflegeAuch die F\u00fcsse verdienen im Winter besondere Aufmerksamkeit. Die Tal Fusspflege Creme bietet intensive Pflege mit Urea und aktiven Pflanzenstoffen, die trockene und verhornte Haut geschmeidig machen. Intensive BehandlungBei stark verhornter und rissiger Haut empfiehlt sich der Tal Fusspflege Balsam. Diese SOS-Pflege enth\u00e4lt Ringelblume, Arnika und Kiefernadel, die regenerierend wirken und die Haut intensiv pflegen. FussmaskenF\u00fcr eine Extraportion Pflege k\u00f6nnen Sie die Tal Med Fussmaske Repair verwenden. Sie bietet einen Soforteffekt f\u00fcr rissige und beanspruchte F\u00fcsse und kann regelm\u00e4ssig angewendet werden, um die Haut weich und geschmeidig zu halten. K\u00e4lteschutz und Pr\u00e4vention KleidungSch\u00fctzen Sie Ihre Haut vor K\u00e4lte, indem Sie Handschuhe, warme Socken und Schals tragen. Nat\u00fcrliche Materialien wie Wolle oder Baumwolle sind dabei besonders empfehlenswert, da sie die Haut atmen lassen und Feuchtigkeit ableiten. Ern\u00e4hrung und Fl\u00fcssigkeitszufuhrEine ausgewogene Ern\u00e4hrung mit ausreichend Vitaminen und Mineralstoffen unterst\u00fctzt die Haut von innen. Trinken Sie zudem gen\u00fcgend Wasser. RaumklimaAchten Sie auf eine moderate Raumtemperatur und verwenden Sie bei Bedarf Luftbefeuchter, um die Luftfeuchtigkeit zu erh\u00f6hen. Dies verhindert das Austrocknen der Haut durch Heizungsluft Fazit Die Hautpflege im Winter erfordert besondere Aufmerksamkeit, insbesondere f\u00fcr H\u00e4nde, F\u00fcsse und Gesicht. Mit den hochwertigen Produkten von Tal k\u00f6nnen Sie Ihre Haut optimal sch\u00fctzen und pflegen. Denken Sie daran, regelm\u00e4ssig Feuchtigkeit zu spenden, die Haut vor K\u00e4lte zu sch\u00fctzen und auf eine gesunde Lebensweise zu achten. So kommen Sie mit strahlender und gesunder Haut durch die kalte Jahreszeit. Lassen Sie sich in der Apotheke oder Drogerie Ihres Vertrauens beraten oder st\u00f6bern Sie auf unserem Webshop. Zum Webshop\" \/>\n<meta property=\"og:url\" content=\"https:\/\/tal.ch\/fr\/richtige-hautpflege-im-winter\/\" \/>\n<meta property=\"og:site_name\" content=\"Tal\" \/>\n<meta property=\"article:publisher\" content=\"https:\/\/www.facebook.com\/tal.schweiz\/\" \/>\n<meta property=\"article:published_time\" content=\"2025-01-14T10:01:00+00:00\" \/>\n<meta property=\"article:modified_time\" content=\"2025-01-14T10:05:03+00:00\" \/>\n<meta property=\"og:image\" content=\"https:\/\/tal.ch\/wp-content\/uploads\/2025\/01\/Bild-Marina-Haut-Winter-01-1024x721.png\" \/>\n\t<meta property=\"og:image:width\" content=\"1024\" \/>\n\t<meta property=\"og:image:height\" content=\"721\" \/>\n\t<meta property=\"og:image:type\" content=\"image\/png\" \/>\n<meta name=\"author\" content=\"Raphael\" \/>\n<meta name=\"twitter:card\" content=\"summary_large_image\" \/>\n<meta name=\"twitter:label1\" content=\"\u00c9crit par\" \/>\n\t<meta name=\"twitter:data1\" content=\"Raphael\" \/>\n\t<meta name=\"twitter:label2\" content=\"Dur\u00e9e de lecture estim\u00e9e\" \/>\n\t<meta name=\"twitter:data2\" content=\"4 minutes\" \/>\n<script type=\"application\/ld+json\" class=\"yoast-schema-graph\">{\"@context\":\"https:\\\/\\\/schema.org\",\"@graph\":[{\"@type\":\"Article\",\"@id\":\"https:\\\/\\\/tal.ch\\\/richtige-hautpflege-im-winter\\\/#article\",\"isPartOf\":{\"@id\":\"https:\\\/\\\/tal.ch\\\/richtige-hautpflege-im-winter\\\/\"},\"author\":{\"name\":\"Raphael\",\"@id\":\"https:\\\/\\\/tal.ch\\\/#\\\/schema\\\/person\\\/8b9ffa10e1447c63c33b560fa799799c\"},\"headline\":\"Hautpflege im Winter\",\"datePublished\":\"2025-01-14T10:01:00+00:00\",\"dateModified\":\"2025-01-14T10:05:03+00:00\",\"mainEntityOfPage\":{\"@id\":\"https:\\\/\\\/tal.ch\\\/richtige-hautpflege-im-winter\\\/\"},\"wordCount\":726,\"publisher\":{\"@id\":\"https:\\\/\\\/tal.ch\\\/#organization\"},\"image\":{\"@id\":\"https:\\\/\\\/tal.ch\\\/richtige-hautpflege-im-winter\\\/#primaryimage\"},\"thumbnailUrl\":\"https:\\\/\\\/tal.ch\\\/wp-content\\\/uploads\\\/2025\\\/01\\\/Bild-Marina-Haut-Winter-01.png\",\"articleSection\":[\"Uncategorized\"],\"inLanguage\":\"fr-FR\"},{\"@type\":\"WebPage\",\"@id\":\"https:\\\/\\\/tal.ch\\\/richtige-hautpflege-im-winter\\\/\",\"url\":\"https:\\\/\\\/tal.ch\\\/richtige-hautpflege-im-winter\\\/\",\"name\":\"Hautpflege im Winter - Tal\",\"isPartOf\":{\"@id\":\"https:\\\/\\\/tal.ch\\\/#website\"},\"primaryImageOfPage\":{\"@id\":\"https:\\\/\\\/tal.ch\\\/richtige-hautpflege-im-winter\\\/#primaryimage\"},\"image\":{\"@id\":\"https:\\\/\\\/tal.ch\\\/richtige-hautpflege-im-winter\\\/#primaryimage\"},\"thumbnailUrl\":\"https:\\\/\\\/tal.ch\\\/wp-content\\\/uploads\\\/2025\\\/01\\\/Bild-Marina-Haut-Winter-01.png\",\"datePublished\":\"2025-01-14T10:01:00+00:00\",\"dateModified\":\"2025-01-14T10:05:03+00:00\",\"breadcrumb\":{\"@id\":\"https:\\\/\\\/tal.ch\\\/richtige-hautpflege-im-winter\\\/#breadcrumb\"},\"inLanguage\":\"fr-FR\",\"potentialAction\":[{\"@type\":\"ReadAction\",\"target\":[\"https:\\\/\\\/tal.ch\\\/richtige-hautpflege-im-winter\\\/\"]}]},{\"@type\":\"ImageObject\",\"inLanguage\":\"fr-FR\",\"@id\":\"https:\\\/\\\/tal.ch\\\/richtige-hautpflege-im-winter\\\/#primaryimage\",\"url\":\"https:\\\/\\\/tal.ch\\\/wp-content\\\/uploads\\\/2025\\\/01\\\/Bild-Marina-Haut-Winter-01.png\",\"contentUrl\":\"https:\\\/\\\/tal.ch\\\/wp-content\\\/uploads\\\/2025\\\/01\\\/Bild-Marina-Haut-Winter-01.png\",\"width\":2481,\"height\":1748},{\"@type\":\"BreadcrumbList\",\"@id\":\"https:\\\/\\\/tal.ch\\\/richtige-hautpflege-im-winter\\\/#breadcrumb\",\"itemListElement\":[{\"@type\":\"ListItem\",\"position\":1,\"name\":\"Startseite\",\"item\":\"https:\\\/\\\/tal.ch\\\/\"},{\"@type\":\"ListItem\",\"position\":2,\"name\":\"Hautpflege im Winter\"}]},{\"@type\":\"WebSite\",\"@id\":\"https:\\\/\\\/tal.ch\\\/#website\",\"url\":\"https:\\\/\\\/tal.ch\\\/\",\"name\":\"Tal\",\"description\":\"Pflanzenextrakte von h\u00f6chster Qualit\u00e4t\",\"publisher\":{\"@id\":\"https:\\\/\\\/tal.ch\\\/#organization\"},\"potentialAction\":[{\"@type\":\"SearchAction\",\"target\":{\"@type\":\"EntryPoint\",\"urlTemplate\":\"https:\\\/\\\/tal.ch\\\/?s={search_term_string}\"},\"query-input\":{\"@type\":\"PropertyValueSpecification\",\"valueRequired\":true,\"valueName\":\"search_term_string\"}}],\"inLanguage\":\"fr-FR\"},{\"@type\":\"Organization\",\"@id\":\"https:\\\/\\\/tal.ch\\\/#organization\",\"name\":\"Tal\",\"url\":\"https:\\\/\\\/tal.ch\\\/\",\"logo\":{\"@type\":\"ImageObject\",\"inLanguage\":\"fr-FR\",\"@id\":\"https:\\\/\\\/tal.ch\\\/#\\\/schema\\\/logo\\\/image\\\/\",\"url\":\"https:\\\/\\\/tal.ch\\\/wp-content\\\/uploads\\\/2024\\\/02\\\/Logo-Tal.png\",\"contentUrl\":\"https:\\\/\\\/tal.ch\\\/wp-content\\\/uploads\\\/2024\\\/02\\\/Logo-Tal.png\",\"width\":100,\"height\":157,\"caption\":\"Tal\"},\"image\":{\"@id\":\"https:\\\/\\\/tal.ch\\\/#\\\/schema\\\/logo\\\/image\\\/\"},\"sameAs\":[\"https:\\\/\\\/www.facebook.com\\\/tal.schweiz\\\/\"]},{\"@type\":\"Person\",\"@id\":\"https:\\\/\\\/tal.ch\\\/#\\\/schema\\\/person\\\/8b9ffa10e1447c63c33b560fa799799c\",\"name\":\"Raphael\",\"image\":{\"@type\":\"ImageObject\",\"inLanguage\":\"fr-FR\",\"@id\":\"https:\\\/\\\/secure.gravatar.com\\\/avatar\\\/c7b37db84d350dcdacf9fa51c2818cce6ba2e874e3a6f666047ca5a022512106?s=96&d=mm&r=g\",\"url\":\"https:\\\/\\\/secure.gravatar.com\\\/avatar\\\/c7b37db84d350dcdacf9fa51c2818cce6ba2e874e3a6f666047ca5a022512106?s=96&d=mm&r=g\",\"contentUrl\":\"https:\\\/\\\/secure.gravatar.com\\\/avatar\\\/c7b37db84d350dcdacf9fa51c2818cce6ba2e874e3a6f666047ca5a022512106?s=96&d=mm&r=g\",\"caption\":\"Raphael\"},\"url\":\"https:\\\/\\\/tal.ch\\\/fr\\\/author\\\/raphael\\\/\"}]}<\/script>\n<!-- \/ Yoast SEO plugin. -->","yoast_head_json":{"title":"Hautpflege im Winter - Tal","robots":{"index":"index","follow":"follow","max-snippet":"max-snippet:-1","max-image-preview":"max-image-preview:large","max-video-preview":"max-video-preview:-1"},"canonical":"https:\/\/tal.ch\/fr\/richtige-hautpflege-im-winter\/","og_locale":"fr_FR","og_type":"article","og_title":"Hautpflege im Winter - Tal","og_description":"Hautpflege im Winter Der Winter stellt unsere Haut vor besondere Herausforderungen. Kalte Temperaturen, trockene Heizungsluft und h\u00e4ufiges H\u00e4ndewaschen k\u00f6nnen die Haut an H\u00e4nden, F\u00fcssen und im Gesicht stark beanspruchen. In diesem Blogbeitrag geben wir Ihnen umfassende Tipps zur Hautpflege in der kalten Jahreszeit und zeigen, wie Sie mit den hochwertigen Produkten von Tal Ihre Haut optimal sch\u00fctzen und pflegen k\u00f6nnen. Die Herausforderungen der Winterhaut K\u00e4lteKalte Temperaturen verengen die Blutgef\u00e4sse, wodurch die Haut schlechter durchblutet und weniger mit N\u00e4hrstoffen versorgt wird. Trockene LuftHeizungsluft reduziert die Luftfeuchtigkeit in Innenr\u00e4umen, was zu Feuchtigkeitsverlust der Haut f\u00fchrt. H\u00e4ufiges H\u00e4ndewaschen und DesinfizierenBesonders in der Grippesaison ist Hygiene wichtig, doch h\u00e4ufiges Waschen und Desinfizieren kann die Haut austrocknen. Gesichtspflege im Winter ReinigungEine milde Reinigung ist essenziell, um die nat\u00fcrliche Schutzbarriere der Haut nicht zu zerst\u00f6ren. Verwenden Sie lauwarmes Wasser und sanfte Reinigungsprodukte, um die Haut von Schmutz und \u00fcbersch\u00fcssigem Talg zu befreien, ohne sie auszutrocknen. Feuchtigkeit und SchutzNach der Reinigung ben\u00f6tigt die Haut Feuchtigkeit und Schutz. Die Gesichtspflegelinie Tal Absolue bietet hier optimale L\u00f6sungen. Sie kombiniert Hightech-Wirkstoffe mit hochalpinen Pflanzenextrakten und sch\u00fctzt die Haut vor Umwelteinfl\u00fcssen wie UV-Strahlung und Umweltverschmutzung. F\u00fcr den Tag empfiehlt sich die Tal Absolue Tagespflege, die die Haut vor t\u00e4glichen Belastungen sch\u00fctzt. In der Nacht versorgt die Tal Absolue Nachtpflege die Haut mit regenerierenden N\u00e4hrstoffen, spendet Feuchtigkeit und unterst\u00fctzt die Hautbarriere. Spezielle PflegeBei besonders trockener oder irritierter Haut kann die Tal Absolue Immediate Calming SOS Mask beruhigend wirken und der Haut intensive Feuchtigkeit spenden. Handpflege im Winter Schutz und PflegeUnsere H\u00e4nde sind im Winter besonders exponiert und ben\u00f6tigen daher spezielle Pflege. Die Tal Med Handcreme Repair Exklusiv ist ideal f\u00fcr rissige und spr\u00f6de Haut an H\u00e4nden und Ellenbogen. Sie enth\u00e4lt hochwertige Pflanzenextrakte wie Edelweiss, die f\u00fcr ihre antioxidative Wirkung bekannt sind, und bietet intensive Pflege f\u00fcr stark beanspruchte H\u00e4nde. Desinfektion und HygieneIn der Grippesaison ist h\u00e4ufiges H\u00e4ndewaschen und Desinfizieren unerl\u00e4sslich. Um die Haut dabei nicht zu sehr zu belasten, empfiehlt sich die Verwendung der Tal Med Hand Waschlotion. Sie ist f\u00fcr die Reinigung empfindlicher und zu Allergien neigender Haut geeignet und sch\u00fctzt die Haut vor dem Austrocknen. Intensive PflegeF\u00fcr eine tiefenwirksame Pflege zwischendurch bietet sich die Tal Med Handmaske Repair an. Diese Handmaske in Handschuh-Form sorgt f\u00fcr einen Soforteffekt bei rissiger und beanspruchter Haut und kann regelm\u00e4ssig angewendet werden, um die Haut geschmeidig zu halten. Fusspflege im Winter T\u00e4gliche PflegeAuch die F\u00fcsse verdienen im Winter besondere Aufmerksamkeit. Die Tal Fusspflege Creme bietet intensive Pflege mit Urea und aktiven Pflanzenstoffen, die trockene und verhornte Haut geschmeidig machen. Intensive BehandlungBei stark verhornter und rissiger Haut empfiehlt sich der Tal Fusspflege Balsam. Diese SOS-Pflege enth\u00e4lt Ringelblume, Arnika und Kiefernadel, die regenerierend wirken und die Haut intensiv pflegen. FussmaskenF\u00fcr eine Extraportion Pflege k\u00f6nnen Sie die Tal Med Fussmaske Repair verwenden. Sie bietet einen Soforteffekt f\u00fcr rissige und beanspruchte F\u00fcsse und kann regelm\u00e4ssig angewendet werden, um die Haut weich und geschmeidig zu halten. K\u00e4lteschutz und Pr\u00e4vention KleidungSch\u00fctzen Sie Ihre Haut vor K\u00e4lte, indem Sie Handschuhe, warme Socken und Schals tragen. Nat\u00fcrliche Materialien wie Wolle oder Baumwolle sind dabei besonders empfehlenswert, da sie die Haut atmen lassen und Feuchtigkeit ableiten. Ern\u00e4hrung und Fl\u00fcssigkeitszufuhrEine ausgewogene Ern\u00e4hrung mit ausreichend Vitaminen und Mineralstoffen unterst\u00fctzt die Haut von innen. Trinken Sie zudem gen\u00fcgend Wasser. RaumklimaAchten Sie auf eine moderate Raumtemperatur und verwenden Sie bei Bedarf Luftbefeuchter, um die Luftfeuchtigkeit zu erh\u00f6hen. Dies verhindert das Austrocknen der Haut durch Heizungsluft Fazit Die Hautpflege im Winter erfordert besondere Aufmerksamkeit, insbesondere f\u00fcr H\u00e4nde, F\u00fcsse und Gesicht. Mit den hochwertigen Produkten von Tal k\u00f6nnen Sie Ihre Haut optimal sch\u00fctzen und pflegen. Denken Sie daran, regelm\u00e4ssig Feuchtigkeit zu spenden, die Haut vor K\u00e4lte zu sch\u00fctzen und auf eine gesunde Lebensweise zu achten. So kommen Sie mit strahlender und gesunder Haut durch die kalte Jahreszeit. Lassen Sie sich in der Apotheke oder Drogerie Ihres Vertrauens beraten oder st\u00f6bern Sie auf unserem Webshop. Zum Webshop","og_url":"https:\/\/tal.ch\/fr\/richtige-hautpflege-im-winter\/","og_site_name":"Tal","article_publisher":"https:\/\/www.facebook.com\/tal.schweiz\/","article_published_time":"2025-01-14T10:01:00+00:00","article_modified_time":"2025-01-14T10:05:03+00:00","og_image":[{"width":1024,"height":721,"url":"https:\/\/tal.ch\/wp-content\/uploads\/2025\/01\/Bild-Marina-Haut-Winter-01-1024x721.png","type":"image\/png"}],"author":"Raphael","twitter_card":"summary_large_image","twitter_misc":{"\u00c9crit par":"Raphael","Dur\u00e9e de lecture estim\u00e9e":"4 minutes"},"schema":{"@context":"https:\/\/schema.org","@graph":[{"@type":"Article","@id":"https:\/\/tal.ch\/richtige-hautpflege-im-winter\/#article","isPartOf":{"@id":"https:\/\/tal.ch\/richtige-hautpflege-im-winter\/"},"author":{"name":"Raphael","@id":"https:\/\/tal.ch\/#\/schema\/person\/8b9ffa10e1447c63c33b560fa799799c"},"headline":"Hautpflege im Winter","datePublished":"2025-01-14T10:01:00+00:00","dateModified":"2025-01-14T10:05:03+00:00","mainEntityOfPage":{"@id":"https:\/\/tal.ch\/richtige-hautpflege-im-winter\/"},"wordCount":726,"publisher":{"@id":"https:\/\/tal.ch\/#organization"},"image":{"@id":"https:\/\/tal.ch\/richtige-hautpflege-im-winter\/#primaryimage"},"thumbnailUrl":"https:\/\/tal.ch\/wp-content\/uploads\/2025\/01\/Bild-Marina-Haut-Winter-01.png","articleSection":["Uncategorized"],"inLanguage":"fr-FR"},{"@type":"WebPage","@id":"https:\/\/tal.ch\/richtige-hautpflege-im-winter\/","url":"https:\/\/tal.ch\/richtige-hautpflege-im-winter\/","name":"Hautpflege im Winter - Tal","isPartOf":{"@id":"https:\/\/tal.ch\/#website"},"primaryImageOfPage":{"@id":"https:\/\/tal.ch\/richtige-hautpflege-im-winter\/#primaryimage"},"image":{"@id":"https:\/\/tal.ch\/richtige-hautpflege-im-winter\/#primaryimage"},"thumbnailUrl":"https:\/\/tal.ch\/wp-content\/uploads\/2025\/01\/Bild-Marina-Haut-Winter-01.png","datePublished":"2025-01-14T10:01:00+00:00","dateModified":"2025-01-14T10:05:03+00:00","breadcrumb":{"@id":"https:\/\/tal.ch\/richtige-hautpflege-im-winter\/#breadcrumb"},"inLanguage":"fr-FR","potentialAction":[{"@type":"ReadAction","target":["https:\/\/tal.ch\/richtige-hautpflege-im-winter\/"]}]},{"@type":"ImageObject","inLanguage":"fr-FR","@id":"https:\/\/tal.ch\/richtige-hautpflege-im-winter\/#primaryimage","url":"https:\/\/tal.ch\/wp-content\/uploads\/2025\/01\/Bild-Marina-Haut-Winter-01.png","contentUrl":"https:\/\/tal.ch\/wp-content\/uploads\/2025\/01\/Bild-Marina-Haut-Winter-01.png","width":2481,"height":1748},{"@type":"BreadcrumbList","@id":"https:\/\/tal.ch\/richtige-hautpflege-im-winter\/#breadcrumb","itemListElement":[{"@type":"ListItem","position":1,"name":"Startseite","item":"https:\/\/tal.ch\/"},{"@type":"ListItem","position":2,"name":"Hautpflege im Winter"}]},{"@type":"WebSite","@id":"https:\/\/tal.ch\/#website","url":"https:\/\/tal.ch\/","name":"Vall\u00e9e","description":"Extraits de plantes de la plus haute qualit\u00e9","publisher":{"@id":"https:\/\/tal.ch\/#organization"},"potentialAction":[{"@type":"SearchAction","target":{"@type":"EntryPoint","urlTemplate":"https:\/\/tal.ch\/?s={search_term_string}"},"query-input":{"@type":"PropertyValueSpecification","valueRequired":true,"valueName":"search_term_string"}}],"inLanguage":"fr-FR"},{"@type":"Organization","@id":"https:\/\/tal.ch\/#organization","name":"Vall\u00e9e","url":"https:\/\/tal.ch\/","logo":{"@type":"ImageObject","inLanguage":"fr-FR","@id":"https:\/\/tal.ch\/#\/schema\/logo\/image\/","url":"https:\/\/tal.ch\/wp-content\/uploads\/2024\/02\/Logo-Tal.png","contentUrl":"https:\/\/tal.ch\/wp-content\/uploads\/2024\/02\/Logo-Tal.png","width":100,"height":157,"caption":"Tal"},"image":{"@id":"https:\/\/tal.ch\/#\/schema\/logo\/image\/"},"sameAs":["https:\/\/www.facebook.com\/tal.schweiz\/"]},{"@type":"Person","@id":"https:\/\/tal.ch\/#\/schema\/person\/8b9ffa10e1447c63c33b560fa799799c","name":"Rapha\u00ebl","image":{"@type":"ImageObject","inLanguage":"fr-FR","@id":"https:\/\/secure.gravatar.com\/avatar\/c7b37db84d350dcdacf9fa51c2818cce6ba2e874e3a6f666047ca5a022512106?s=96&d=mm&r=g","url":"https:\/\/secure.gravatar.com\/avatar\/c7b37db84d350dcdacf9fa51c2818cce6ba2e874e3a6f666047ca5a022512106?s=96&d=mm&r=g","contentUrl":"https:\/\/secure.gravatar.com\/avatar\/c7b37db84d350dcdacf9fa51c2818cce6ba2e874e3a6f666047ca5a022512106?s=96&d=mm&r=g","caption":"Raphael"},"url":"https:\/\/tal.ch\/fr\/author\/raphael\/"}]}},"_links":{"self":[{"href":"https:\/\/tal.ch\/fr\/wp-json\/wp\/v2\/posts\/14843","targetHints":{"allow":["GET"]}}],"collection":[{"href":"https:\/\/tal.ch\/fr\/wp-json\/wp\/v2\/posts"}],"about":[{"href":"https:\/\/tal.ch\/fr\/wp-json\/wp\/v2\/types\/post"}],"author":[{"embeddable":true,"href":"https:\/\/tal.ch\/fr\/wp-json\/wp\/v2\/users\/2"}],"replies":[{"embeddable":true,"href":"https:\/\/tal.ch\/fr\/wp-json\/wp\/v2\/comments?post=14843"}],"version-history":[{"count":44,"href":"https:\/\/tal.ch\/fr\/wp-json\/wp\/v2\/posts\/14843\/revisions"}],"predecessor-version":[{"id":14893,"href":"https:\/\/tal.ch\/fr\/wp-json\/wp\/v2\/posts\/14843\/revisions\/14893"}],"wp:featuredmedia":[{"embeddable":true,"href":"https:\/\/tal.ch\/fr\/wp-json\/wp\/v2\/media\/14855"}],"wp:attachment":[{"href":"https:\/\/tal.ch\/fr\/wp-json\/wp\/v2\/media?parent=14843"}],"wp:term":[{"taxonomy":"category","embeddable":true,"href":"https:\/\/tal.ch\/fr\/wp-json\/wp\/v2\/categories?post=14843"},{"taxonomy":"post_tag","embeddable":true,"href":"https:\/\/tal.ch\/fr\/wp-json\/wp\/v2\/tags?post=14843"}],"curies":[{"name":"wp","href":"https:\/\/api.w.org\/{rel}","templated":true}]}}