{"id":8618,"date":"2024-07-01T07:25:26","date_gmt":"2024-07-01T07:25:26","guid":{"rendered":"https:\/\/tal.ch\/?p=8618"},"modified":"2024-11-21T09:20:28","modified_gmt":"2024-11-21T09:20:28","slug":"hautstress-im-digitalen-zeitalter","status":"publish","type":"post","link":"https:\/\/tal.ch\/fr\/hautstress-im-digitalen-zeitalter\/","title":{"rendered":"Le stress cutan\u00e9 \u00e0 l'\u00e8re du num\u00e9rique"},"content":{"rendered":"<div data-elementor-type=\"wp-post\" data-elementor-id=\"8618\" class=\"elementor elementor-8618\" data-elementor-post-type=\"post\">\n\t\t\t\t<div class=\"elementor-element elementor-element-ead4c1d e-con-full e-flex wpr-particle-no wpr-jarallax-no wpr-parallax-no wpr-sticky-section-no wpr-equal-height-no e-con e-parent\" data-id=\"ead4c1d\" data-element_type=\"container\" data-e-type=\"container\">\n\t\t\t\t<div class=\"elementor-element elementor-element-81b2f6c elementor-widget elementor-widget-spacer\" data-id=\"81b2f6c\" data-element_type=\"widget\" data-e-type=\"widget\" data-widget_type=\"spacer.default\">\n\t\t\t\t\t\t\t<div class=\"elementor-spacer\">\n\t\t\t<div class=\"elementor-spacer-inner\"><\/div>\n\t\t<\/div>\n\t\t\t\t\t\t<\/div>\n\t\t\t\t<\/div>\n\t\t<div class=\"elementor-element elementor-element-9e8b298 e-con-full e-flex wpr-particle-no wpr-jarallax-no wpr-parallax-no wpr-sticky-section-no wpr-equal-height-no e-con e-parent\" data-id=\"9e8b298\" data-element_type=\"container\" data-e-type=\"container\">\n\t\t\t\t<div class=\"elementor-element elementor-element-9bb2244 elementor-widget elementor-widget-heading\" data-id=\"9bb2244\" data-element_type=\"widget\" data-e-type=\"widget\" data-widget_type=\"heading.default\">\n\t\t\t\t\t<h2 class=\"elementor-heading-title elementor-size-default\">Le stress cutan\u00e9 \u00e0 l'\u00e8re du num\u00e9rique<\/h2>\t\t\t\t<\/div>\n\t\t\t\t<div class=\"elementor-element elementor-element-3970144 elementor-widget elementor-widget-image\" data-id=\"3970144\" data-element_type=\"widget\" data-e-type=\"widget\" data-widget_type=\"image.default\">\n\t\t\t\t\t\t\t\t\t\t\t\t\t\t\t<img fetchpriority=\"high\" decoding=\"async\" width=\"1600\" height=\"900\" src=\"https:\/\/tal.ch\/wp-content\/uploads\/2024\/07\/Frau-Stress-Skin-Burnout.jpg\" class=\"attachment-full size-full wp-image-8619\" alt=\"\" srcset=\"https:\/\/tal.ch\/wp-content\/uploads\/2024\/07\/Frau-Stress-Skin-Burnout.jpg 1600w, https:\/\/tal.ch\/wp-content\/uploads\/2024\/07\/Frau-Stress-Skin-Burnout-300x169.jpg 300w, https:\/\/tal.ch\/wp-content\/uploads\/2024\/07\/Frau-Stress-Skin-Burnout-1024x576.jpg 1024w, https:\/\/tal.ch\/wp-content\/uploads\/2024\/07\/Frau-Stress-Skin-Burnout-768x432.jpg 768w, https:\/\/tal.ch\/wp-content\/uploads\/2024\/07\/Frau-Stress-Skin-Burnout-1536x864.jpg 1536w, https:\/\/tal.ch\/wp-content\/uploads\/2024\/07\/Frau-Stress-Skin-Burnout-600x338.jpg 600w\" sizes=\"(max-width: 1600px) 100vw, 1600px\" \/>\t\t\t\t\t\t\t\t\t\t\t\t\t\t\t<\/div>\n\t\t\t\t<div class=\"elementor-element elementor-element-8d3fb5f elementor-widget elementor-widget-spacer\" data-id=\"8d3fb5f\" data-element_type=\"widget\" data-e-type=\"widget\" data-widget_type=\"spacer.default\">\n\t\t\t\t\t\t\t<div class=\"elementor-spacer\">\n\t\t\t<div class=\"elementor-spacer-inner\"><\/div>\n\t\t<\/div>\n\t\t\t\t\t\t<\/div>\n\t\t\t\t<div class=\"elementor-element elementor-element-5eea077 elementor-widget elementor-widget-text-editor\" data-id=\"5eea077\" data-element_type=\"widget\" data-e-type=\"widget\" data-widget_type=\"text-editor.default\">\n\t\t\t\t\t\t\t\t\t<p>Dans notre monde au rythme effr\u00e9n\u00e9, o\u00f9 nous jonglons constamment entre le travail, les obligations familiales et les loisirs, un aspect important est souvent n\u00e9glig\u00e9 : la sant\u00e9 de notre peau. La peau du visage, en particulier, est expos\u00e9e quotidiennement \u00e0 de nombreux facteurs de stress qui peuvent avoir une influence n\u00e9gative non seulement sur son apparence, mais aussi sur son fonctionnement.<\/p>\t\t\t\t\t\t\t\t<\/div>\n\t\t\t\t<div class=\"elementor-element elementor-element-b49a90e elementor-widget elementor-widget-spacer\" data-id=\"b49a90e\" data-element_type=\"widget\" data-e-type=\"widget\" data-widget_type=\"spacer.default\">\n\t\t\t\t\t\t\t<div class=\"elementor-spacer\">\n\t\t\t<div class=\"elementor-spacer-inner\"><\/div>\n\t\t<\/div>\n\t\t\t\t\t\t<\/div>\n\t\t\t\t<\/div>\n\t\t<div class=\"elementor-element elementor-element-97efc0a e-con-full e-flex wpr-particle-no wpr-jarallax-no wpr-parallax-no wpr-sticky-section-no wpr-equal-height-no e-con e-parent\" data-id=\"97efc0a\" data-element_type=\"container\" data-e-type=\"container\">\n\t\t\t\t<div class=\"elementor-element elementor-element-2d9b1d3 elementor-widget elementor-widget-heading\" data-id=\"2d9b1d3\" data-element_type=\"widget\" data-e-type=\"widget\" data-widget_type=\"heading.default\">\n\t\t\t\t\t<h3 class=\"elementor-heading-title elementor-size-default\">Les facteurs de stress invisibles : Temps d'\u00e9cran et pollution de l'environnement<\/h3>\t\t\t\t<\/div>\n\t\t\t\t<div class=\"elementor-element elementor-element-25f9363 elementor-widget elementor-widget-text-editor\" data-id=\"25f9363\" data-element_type=\"widget\" data-e-type=\"widget\" data-widget_type=\"text-editor.default\">\n\t\t\t\t\t\t\t\t\t<p>L'un des plus grands facteurs de stress pour notre peau est l'augmentation du temps pass\u00e9 devant les \u00e9crans - c'est-\u00e0-dire le temps que nous passons chaque jour \u00e0 regarder un \u00e9cran. Que ce soit au bureau, en d\u00e9placement ou \u00e0 la maison, notre peau est presque constamment expos\u00e9e \u00e0 la lumi\u00e8re bleue des ordinateurs, des smartphones et des tablettes. Des \u00e9tudes ont montr\u00e9 que cette lumi\u00e8re bleue peut endommager les cellules de la peau et provoquer un vieillissement pr\u00e9matur\u00e9. Il en r\u00e9sulte des ridules, des taches de pigmentation et un teint irr\u00e9gulier.<\/p><p>De plus, des facteurs environnementaux tels que la pollution de l'air, les rayons UV et m\u00eame les changements climatiques affectent notre peau. Ces influences externes peuvent affaiblir le manteau protecteur naturel de la peau et la rendre plus vuln\u00e9rable aux dommages. Dans les zones urbaines en particulier, l'air est souvent charg\u00e9 de polluants qui p\u00e9n\u00e8trent profond\u00e9ment dans la peau et peuvent y provoquer des inflammations et des r\u00e9actions de stress.<\/p>\t\t\t\t\t\t\t\t<\/div>\n\t\t\t\t<div class=\"elementor-element elementor-element-0b3e153 elementor-widget elementor-widget-heading\" data-id=\"0b3e153\" data-element_type=\"widget\" data-e-type=\"widget\" data-widget_type=\"heading.default\">\n\t\t\t\t\t<h3 class=\"elementor-heading-title elementor-size-default\">Le stress au quotidien : un d\u00e9fi pour la peau<\/h3>\t\t\t\t<\/div>\n\t\t\t\t<div class=\"elementor-element elementor-element-f1ad85a elementor-widget elementor-widget-text-editor\" data-id=\"f1ad85a\" data-element_type=\"widget\" data-e-type=\"widget\" data-widget_type=\"text-editor.default\">\n\t\t\t\t\t\t\t\t\t<p>La vie quotidienne tr\u00e9pidante de nombreux Suisses est souvent source de stress, qui se r\u00e9percute \u00e9galement sur la peau. Les hormones du stress telles que le cortisol peuvent augmenter la production de s\u00e9bum, ce qui peut entra\u00eener des probl\u00e8mes de peau tels que l'acn\u00e9 et la peau grasse. Parall\u00e8lement, le stress peut affaiblir la barri\u00e8re cutan\u00e9e, ce qui entra\u00eene une perte d'hydratation et la rend plus vuln\u00e9rable aux irritations. De nombreuses personnes constatent une d\u00e9t\u00e9rioration de l'aspect de leur peau en p\u00e9riode de stress - un signe \u00e9vident de l'impact que notre bien-\u00eatre int\u00e9rieur peut avoir sur notre apparence ext\u00e9rieure.<\/p>\t\t\t\t\t\t\t\t<\/div>\n\t\t\t\t<div class=\"elementor-element elementor-element-daa7d1f elementor-widget elementor-widget-heading\" data-id=\"daa7d1f\" data-element_type=\"widget\" data-e-type=\"widget\" data-widget_type=\"heading.default\">\n\t\t\t\t\t<h3 class=\"elementor-heading-title elementor-size-default\">Soins du visage de qualit\u00e9 : un must pour les peaux stress\u00e9es<\/h3>\t\t\t\t<\/div>\n\t\t\t\t<div class=\"elementor-element elementor-element-0048546 elementor-widget elementor-widget-text-editor\" data-id=\"0048546\" data-element_type=\"widget\" data-e-type=\"widget\" data-widget_type=\"text-editor.default\">\n\t\t\t\t\t\t\t\t\t<p>Face \u00e0 ces d\u00e9fis, il est tr\u00e8s important de miser sur des produits de soins du visage de qualit\u00e9, sp\u00e9cialement con\u00e7us pour prot\u00e9ger et r\u00e9g\u00e9n\u00e9rer la peau. Un bon soin du visage doit avoir les caract\u00e9ristiques suivantes :.<\/p>\t\t\t\t\t\t\t\t<\/div>\n\t\t\t\t<div class=\"elementor-element elementor-element-1ed2288 elementor-widget elementor-widget-text-editor\" data-id=\"1ed2288\" data-element_type=\"widget\" data-e-type=\"widget\" data-widget_type=\"text-editor.default\">\n\t\t\t\t\t\t\t\t\t<ol><li>Protection contre la lumi\u00e8re bleue : les produits contenant des antioxydants comme les vitamines C et E peuvent aider \u00e0 prot\u00e9ger la peau contre les effets nocifs de la lumi\u00e8re bleue et \u00e0 r\u00e9parer les cellules.<\/li><li>Des ingr\u00e9dients hydratants : L'acide hyaluronique et la glyc\u00e9rine sont d'excellents agents hydratants qui hydratent la peau en profondeur et renforcent la barri\u00e8re cutan\u00e9e.<\/li><li>Des ingr\u00e9dients actifs apaisants : Des ingr\u00e9dients comme l'aloe vera et la camomille ont un effet apaisant sur la peau irrit\u00e9e et aident \u00e0 r\u00e9duire l'inflammation.<\/li><li>Formules anti-pollution : des produits de soin sp\u00e9ciaux qui agissent contre la pollution peuvent contribuer \u00e0 \u00e9loigner les substances nocives de la peau et donc \u00e0 ralentir le processus de vieillissement.<\/li><\/ol>\t\t\t\t\t\t\t\t<\/div>\n\t\t\t\t<div class=\"elementor-element elementor-element-c4c2d1b elementor-widget elementor-widget-spacer\" data-id=\"c4c2d1b\" data-element_type=\"widget\" data-e-type=\"widget\" data-widget_type=\"spacer.default\">\n\t\t\t\t\t\t\t<div class=\"elementor-spacer\">\n\t\t\t<div class=\"elementor-spacer-inner\"><\/div>\n\t\t<\/div>\n\t\t\t\t\t\t<\/div>\n\t\t\t\t<div class=\"elementor-element elementor-element-8fe2f80 elementor-widget elementor-widget-heading\" data-id=\"8fe2f80\" data-element_type=\"widget\" data-e-type=\"widget\" data-widget_type=\"heading.default\">\n\t\t\t\t\t<h3 class=\"elementor-heading-title elementor-size-default\">Une routine de soins adapt\u00e9e \u00e0 chaque type de peau<\/h3>\t\t\t\t<\/div>\n\t\t\t\t<div class=\"elementor-element elementor-element-8e7f4e9 elementor-widget elementor-widget-text-editor\" data-id=\"8e7f4e9\" data-element_type=\"widget\" data-e-type=\"widget\" data-widget_type=\"text-editor.default\">\n\t\t\t\t\t\t\t\t\t<p>Il est important de mettre en place une routine de soins adapt\u00e9e \u00e0 son type de peau et \u00e0 ses besoins sp\u00e9cifiques. Voici quelques conseils pour minimiser le stress de la peau :<\/p>\t\t\t\t\t\t\t\t<\/div>\n\t\t\t\t<div class=\"elementor-element elementor-element-5a5939f elementor-widget elementor-widget-heading\" data-id=\"5a5939f\" data-element_type=\"widget\" data-e-type=\"widget\" data-widget_type=\"heading.default\">\n\t\t\t\t\t<h3 class=\"elementor-heading-title elementor-size-default\">Nettoyage de la peau : Tal ABSOLUE Cleansing Gel<\/h3>\t\t\t\t<\/div>\n\t\t\t\t<div class=\"elementor-element elementor-element-e39aec2 elementor-widget elementor-widget-text-editor\" data-id=\"e39aec2\" data-element_type=\"widget\" data-e-type=\"widget\" data-widget_type=\"text-editor.default\">\n\t\t\t\t\t\t\t\t\t<p>Commencez \u00e0 prendre soin de votre peau avec un gel nettoyant doux qui nettoie votre peau en profondeur tout en pr\u00e9servant le film hydrolipidique protecteur de votre peau, gr\u00e2ce \u00e0 un principe actif issu de la pulpe de pomme. Votre peau est imm\u00e9diatement propre, fra\u00eeche et hydrat\u00e9e.<\/p>\t\t\t\t\t\t\t\t<\/div>\n\t\t\t\t<\/div>\n\t\t<div class=\"elementor-element elementor-element-4f31007 e-con-full e-flex wpr-particle-no wpr-jarallax-no wpr-parallax-no wpr-sticky-section-no wpr-equal-height-no e-con e-parent\" data-id=\"4f31007\" data-element_type=\"container\" data-e-type=\"container\">\n\t\t\t\t<div class=\"elementor-element elementor-element-1feec6d elementor-widget elementor-widget-image\" data-id=\"1feec6d\" data-element_type=\"widget\" data-e-type=\"widget\" data-widget_type=\"image.default\">\n\t\t\t\t\t\t\t\t\t\t\t\t\t\t\t<img decoding=\"async\" width=\"1600\" height=\"900\" src=\"https:\/\/tal.ch\/wp-content\/uploads\/2024\/07\/Cleansing_Gel.jpg\" class=\"attachment-full size-full wp-image-8623\" alt=\"\" srcset=\"https:\/\/tal.ch\/wp-content\/uploads\/2024\/07\/Cleansing_Gel.jpg 1600w, https:\/\/tal.ch\/wp-content\/uploads\/2024\/07\/Cleansing_Gel-300x169.jpg 300w, https:\/\/tal.ch\/wp-content\/uploads\/2024\/07\/Cleansing_Gel-1024x576.jpg 1024w, https:\/\/tal.ch\/wp-content\/uploads\/2024\/07\/Cleansing_Gel-768x432.jpg 768w, https:\/\/tal.ch\/wp-content\/uploads\/2024\/07\/Cleansing_Gel-1536x864.jpg 1536w, https:\/\/tal.ch\/wp-content\/uploads\/2024\/07\/Cleansing_Gel-600x338.jpg 600w\" sizes=\"(max-width: 1600px) 100vw, 1600px\" \/>\t\t\t\t\t\t\t\t\t\t\t\t\t\t\t<\/div>\n\t\t\t\t<div class=\"elementor-element elementor-element-435645b elementor-widget elementor-widget-spacer\" data-id=\"435645b\" data-element_type=\"widget\" data-e-type=\"widget\" data-widget_type=\"spacer.default\">\n\t\t\t\t\t\t\t<div class=\"elementor-spacer\">\n\t\t\t<div class=\"elementor-spacer-inner\"><\/div>\n\t\t<\/div>\n\t\t\t\t\t\t<\/div>\n\t\t\t\t<\/div>\n\t\t<div class=\"elementor-element elementor-element-70b933f e-con-full e-flex wpr-particle-no wpr-jarallax-no wpr-parallax-no wpr-sticky-section-no wpr-equal-height-no e-con e-parent\" data-id=\"70b933f\" data-element_type=\"container\" data-e-type=\"container\">\n\t\t\t\t<div class=\"elementor-element elementor-element-8aafa7f elementor-align-center elementor-widget elementor-widget-button\" data-id=\"8aafa7f\" data-element_type=\"widget\" data-e-type=\"widget\" data-widget_type=\"button.default\">\n\t\t\t\t\t\t\t\t\t\t<a class=\"elementor-button elementor-button-link elementor-size-sm\" href=\"https:\/\/shop.parsenn-produkte.ch\/products\/cleansing-gel-200ml\" target=\"_blank\">\n\t\t\t\t\t\t<span class=\"elementor-button-content-wrapper\">\n\t\t\t\t\t\t\t\t\t<span class=\"elementor-button-text\">Commander maintenant<\/span>\n\t\t\t\t\t<\/span>\n\t\t\t\t\t<\/a>\n\t\t\t\t\t\t\t\t<\/div>\n\t\t\t\t<div class=\"elementor-element elementor-element-fcb7a80 elementor-widget elementor-widget-spacer\" data-id=\"fcb7a80\" data-element_type=\"widget\" data-e-type=\"widget\" data-widget_type=\"spacer.default\">\n\t\t\t\t\t\t\t<div class=\"elementor-spacer\">\n\t\t\t<div class=\"elementor-spacer-inner\"><\/div>\n\t\t<\/div>\n\t\t\t\t\t\t<\/div>\n\t\t\t\t<\/div>\n\t\t<div class=\"elementor-element elementor-element-ff07c59 e-con-full e-flex wpr-particle-no wpr-jarallax-no wpr-parallax-no wpr-sticky-section-no wpr-equal-height-no e-con e-parent\" data-id=\"ff07c59\" data-element_type=\"container\" data-e-type=\"container\">\n\t\t\t\t<div class=\"elementor-element elementor-element-9a916b4 elementor-widget elementor-widget-heading\" data-id=\"9a916b4\" data-element_type=\"widget\" data-e-type=\"widget\" data-widget_type=\"heading.default\">\n\t\t\t\t\t<h3 class=\"elementor-heading-title elementor-size-default\">Tonifiant : Tal ABSOLUE Balancing Toner<\/h3>\t\t\t\t<\/div>\n\t\t\t\t<div class=\"elementor-element elementor-element-8c8daed elementor-widget elementor-widget-text-editor\" data-id=\"8c8daed\" data-element_type=\"widget\" data-e-type=\"widget\" data-widget_type=\"text-editor.default\">\n\t\t\t\t\t\t\t\t\t<p>La lotion sans alcool est id\u00e9ale pour le nettoyage ult\u00e9rieur de tous les types de peau. Les r\u00e9sidus de nettoyage et d'eau ind\u00e9sirables sont \u00e9limin\u00e9s en douceur et la peau est neutralis\u00e9e. Un complexe sp\u00e9cial de substances actives \u00e0 base d'algues brunes et d'aloe vera hydrate la peau, la tonifie et lui procure une agr\u00e9able sensation de fra\u00eecheur.<\/p>\t\t\t\t\t\t\t\t<\/div>\n\t\t\t\t<\/div>\n\t\t<div class=\"elementor-element elementor-element-2ba0c6f e-con-full e-flex wpr-particle-no wpr-jarallax-no wpr-parallax-no wpr-sticky-section-no wpr-equal-height-no e-con e-parent\" data-id=\"2ba0c6f\" data-element_type=\"container\" data-e-type=\"container\">\n\t\t\t\t<div class=\"elementor-element elementor-element-c1bf73e elementor-widget elementor-widget-image\" data-id=\"c1bf73e\" data-element_type=\"widget\" data-e-type=\"widget\" data-widget_type=\"image.default\">\n\t\t\t\t\t\t\t\t\t\t\t\t\t\t\t<img decoding=\"async\" width=\"1600\" height=\"900\" src=\"https:\/\/tal.ch\/wp-content\/uploads\/2024\/07\/Balancing_Toner.jpg\" class=\"attachment-full size-full wp-image-8633\" alt=\"\" srcset=\"https:\/\/tal.ch\/wp-content\/uploads\/2024\/07\/Balancing_Toner.jpg 1600w, https:\/\/tal.ch\/wp-content\/uploads\/2024\/07\/Balancing_Toner-300x169.jpg 300w, https:\/\/tal.ch\/wp-content\/uploads\/2024\/07\/Balancing_Toner-1024x576.jpg 1024w, https:\/\/tal.ch\/wp-content\/uploads\/2024\/07\/Balancing_Toner-768x432.jpg 768w, https:\/\/tal.ch\/wp-content\/uploads\/2024\/07\/Balancing_Toner-1536x864.jpg 1536w, https:\/\/tal.ch\/wp-content\/uploads\/2024\/07\/Balancing_Toner-600x338.jpg 600w\" sizes=\"(max-width: 1600px) 100vw, 1600px\" \/>\t\t\t\t\t\t\t\t\t\t\t\t\t\t\t<\/div>\n\t\t\t\t<div class=\"elementor-element elementor-element-8401205 elementor-widget elementor-widget-spacer\" data-id=\"8401205\" data-element_type=\"widget\" data-e-type=\"widget\" data-widget_type=\"spacer.default\">\n\t\t\t\t\t\t\t<div class=\"elementor-spacer\">\n\t\t\t<div class=\"elementor-spacer-inner\"><\/div>\n\t\t<\/div>\n\t\t\t\t\t\t<\/div>\n\t\t\t\t<\/div>\n\t\t<div class=\"elementor-element elementor-element-328277e e-con-full e-flex wpr-particle-no wpr-jarallax-no wpr-parallax-no wpr-sticky-section-no wpr-equal-height-no e-con e-parent\" data-id=\"328277e\" data-element_type=\"container\" data-e-type=\"container\">\n\t\t\t\t<div class=\"elementor-element elementor-element-d7029e4 elementor-align-center elementor-widget elementor-widget-button\" data-id=\"d7029e4\" data-element_type=\"widget\" data-e-type=\"widget\" data-widget_type=\"button.default\">\n\t\t\t\t\t\t\t\t\t\t<a class=\"elementor-button elementor-button-link elementor-size-sm\" href=\"https:\/\/shop.parsenn-produkte.ch\/products\/balancing-toner-200ml\" target=\"_blank\">\n\t\t\t\t\t\t<span class=\"elementor-button-content-wrapper\">\n\t\t\t\t\t\t\t\t\t<span class=\"elementor-button-text\">Commander maintenant<\/span>\n\t\t\t\t\t<\/span>\n\t\t\t\t\t<\/a>\n\t\t\t\t\t\t\t\t<\/div>\n\t\t\t\t<div class=\"elementor-element elementor-element-af6a75a elementor-widget elementor-widget-spacer\" data-id=\"af6a75a\" data-element_type=\"widget\" data-e-type=\"widget\" data-widget_type=\"spacer.default\">\n\t\t\t\t\t\t\t<div class=\"elementor-spacer\">\n\t\t\t<div class=\"elementor-spacer-inner\"><\/div>\n\t\t<\/div>\n\t\t\t\t\t\t<\/div>\n\t\t\t\t<\/div>\n\t\t<div class=\"elementor-element elementor-element-5ff111a e-con-full e-flex wpr-particle-no wpr-jarallax-no wpr-parallax-no wpr-sticky-section-no wpr-equal-height-no e-con e-parent\" data-id=\"5ff111a\" data-element_type=\"container\" data-e-type=\"container\">\n\t\t\t\t<div class=\"elementor-element elementor-element-554dcd1 elementor-widget elementor-widget-heading\" data-id=\"554dcd1\" data-element_type=\"widget\" data-e-type=\"widget\" data-widget_type=\"heading.default\">\n\t\t\t\t\t<h3 class=\"elementor-heading-title elementor-size-default\">S\u00e9rum : Tal ABSOLUE S\u00e9rum \/ Booster<\/h3>\t\t\t\t<\/div>\n\t\t\t\t<div class=\"elementor-element elementor-element-ebda5ab elementor-widget elementor-widget-text-editor\" data-id=\"ebda5ab\" data-element_type=\"widget\" data-e-type=\"widget\" data-widget_type=\"text-editor.default\">\n\t\t\t\t\t\t\t\t\t<p>Notre joyau, le s\u00e9rum\/booster, agit simultan\u00e9ment sur tous les signes du vieillissement cutan\u00e9. Gr\u00e2ce au peptide high-tech Matrixyl Synthe 6\u00ae, qui stimule la synth\u00e8se des six principaux \u00e9l\u00e9ments constitutifs de la matrice cutan\u00e9e et de la zone de jonction dermo-\u00e9pidermique, il est prouv\u00e9 que la profondeur des rides est r\u00e9duite.<\/p>\t\t\t\t\t\t\t\t<\/div>\n\t\t\t\t<\/div>\n\t\t<div class=\"elementor-element elementor-element-8868e0e e-con-full e-flex wpr-particle-no wpr-jarallax-no wpr-parallax-no wpr-sticky-section-no wpr-equal-height-no e-con e-parent\" data-id=\"8868e0e\" data-element_type=\"container\" data-e-type=\"container\">\n\t\t\t\t<div class=\"elementor-element elementor-element-280c1fb elementor-widget elementor-widget-image\" data-id=\"280c1fb\" data-element_type=\"widget\" data-e-type=\"widget\" data-widget_type=\"image.default\">\n\t\t\t\t\t\t\t\t\t\t\t\t\t\t\t<img loading=\"lazy\" decoding=\"async\" width=\"1600\" height=\"900\" src=\"https:\/\/tal.ch\/wp-content\/uploads\/2024\/07\/Serum_Booster.jpg\" class=\"attachment-full size-full wp-image-8637\" alt=\"\" srcset=\"https:\/\/tal.ch\/wp-content\/uploads\/2024\/07\/Serum_Booster.jpg 1600w, https:\/\/tal.ch\/wp-content\/uploads\/2024\/07\/Serum_Booster-300x169.jpg 300w, https:\/\/tal.ch\/wp-content\/uploads\/2024\/07\/Serum_Booster-1024x576.jpg 1024w, https:\/\/tal.ch\/wp-content\/uploads\/2024\/07\/Serum_Booster-768x432.jpg 768w, https:\/\/tal.ch\/wp-content\/uploads\/2024\/07\/Serum_Booster-1536x864.jpg 1536w, https:\/\/tal.ch\/wp-content\/uploads\/2024\/07\/Serum_Booster-600x338.jpg 600w\" sizes=\"(max-width: 1600px) 100vw, 1600px\" \/>\t\t\t\t\t\t\t\t\t\t\t\t\t\t\t<\/div>\n\t\t\t\t<div class=\"elementor-element elementor-element-f8347de elementor-widget elementor-widget-spacer\" data-id=\"f8347de\" data-element_type=\"widget\" data-e-type=\"widget\" data-widget_type=\"spacer.default\">\n\t\t\t\t\t\t\t<div class=\"elementor-spacer\">\n\t\t\t<div class=\"elementor-spacer-inner\"><\/div>\n\t\t<\/div>\n\t\t\t\t\t\t<\/div>\n\t\t\t\t<\/div>\n\t\t<div class=\"elementor-element elementor-element-be385e7 e-con-full e-flex wpr-particle-no wpr-jarallax-no wpr-parallax-no wpr-sticky-section-no wpr-equal-height-no e-con e-parent\" data-id=\"be385e7\" data-element_type=\"container\" data-e-type=\"container\">\n\t\t\t\t<div class=\"elementor-element elementor-element-f3546c9 elementor-align-center elementor-widget elementor-widget-button\" data-id=\"f3546c9\" data-element_type=\"widget\" data-e-type=\"widget\" data-widget_type=\"button.default\">\n\t\t\t\t\t\t\t\t\t\t<a class=\"elementor-button elementor-button-link elementor-size-sm\" href=\"https:\/\/shop.parsenn-produkte.ch\/products\/global-anti-ageing-serum-booster-30ml\" target=\"_blank\">\n\t\t\t\t\t\t<span class=\"elementor-button-content-wrapper\">\n\t\t\t\t\t\t\t\t\t<span class=\"elementor-button-text\">Commander maintenant<\/span>\n\t\t\t\t\t<\/span>\n\t\t\t\t\t<\/a>\n\t\t\t\t\t\t\t\t<\/div>\n\t\t\t\t<div class=\"elementor-element elementor-element-252714b elementor-widget elementor-widget-spacer\" data-id=\"252714b\" data-element_type=\"widget\" data-e-type=\"widget\" data-widget_type=\"spacer.default\">\n\t\t\t\t\t\t\t<div class=\"elementor-spacer\">\n\t\t\t<div class=\"elementor-spacer-inner\"><\/div>\n\t\t<\/div>\n\t\t\t\t\t\t<\/div>\n\t\t\t\t<\/div>\n\t\t<div class=\"elementor-element elementor-element-f087c36 e-con-full e-flex wpr-particle-no wpr-jarallax-no wpr-parallax-no wpr-sticky-section-no wpr-equal-height-no e-con e-parent\" data-id=\"f087c36\" data-element_type=\"container\" data-e-type=\"container\">\n\t\t\t\t<div class=\"elementor-element elementor-element-695099a elementor-widget elementor-widget-heading\" data-id=\"695099a\" data-element_type=\"widget\" data-e-type=\"widget\" data-widget_type=\"heading.default\">\n\t\t\t\t\t<h3 class=\"elementor-heading-title elementor-size-default\">Hydratation : Tal ABSOLUE Detoxifying Day Cream Rich<\/h3>\t\t\t\t<\/div>\n\t\t\t\t<div class=\"elementor-element elementor-element-3e2c00f elementor-widget elementor-widget-text-editor\" data-id=\"3e2c00f\" data-element_type=\"widget\" data-e-type=\"widget\" data-widget_type=\"text-editor.default\">\n\t\t\t\t\t\t\t\t\t<p>La cr\u00e8me de jour \"Rich\" de Tal ABSOLUE apporte une hydratation suppl\u00e9mentaire aux types de peaux s\u00e8ches ou sensibles. L'extrait d'edelweiss alpin combin\u00e9 \u00e0 un extrait de cam\u00e9lia rouge renforce la fonction de barri\u00e8re de votre peau et la rend plus r\u00e9sistante aux agressions ext\u00e9rieures. Parall\u00e8lement, l'acide hyaluronique et la pentavitine lissent les ridules et les rides de la surface de la peau.<\/p>\t\t\t\t\t\t\t\t<\/div>\n\t\t\t\t<\/div>\n\t\t<div class=\"elementor-element elementor-element-b109fd7 e-con-full e-flex wpr-particle-no wpr-jarallax-no wpr-parallax-no wpr-sticky-section-no wpr-equal-height-no e-con e-parent\" data-id=\"b109fd7\" data-element_type=\"container\" data-e-type=\"container\">\n\t\t\t\t<div class=\"elementor-element elementor-element-fd06c01 elementor-widget elementor-widget-image\" data-id=\"fd06c01\" data-element_type=\"widget\" data-e-type=\"widget\" data-widget_type=\"image.default\">\n\t\t\t\t\t\t\t\t\t\t\t\t\t\t\t<img loading=\"lazy\" decoding=\"async\" width=\"1600\" height=\"900\" src=\"https:\/\/tal.ch\/wp-content\/uploads\/2024\/07\/Day_Cream_Rich.jpg\" class=\"attachment-full size-full wp-image-8644\" alt=\"\" srcset=\"https:\/\/tal.ch\/wp-content\/uploads\/2024\/07\/Day_Cream_Rich.jpg 1600w, https:\/\/tal.ch\/wp-content\/uploads\/2024\/07\/Day_Cream_Rich-300x169.jpg 300w, https:\/\/tal.ch\/wp-content\/uploads\/2024\/07\/Day_Cream_Rich-1024x576.jpg 1024w, https:\/\/tal.ch\/wp-content\/uploads\/2024\/07\/Day_Cream_Rich-768x432.jpg 768w, https:\/\/tal.ch\/wp-content\/uploads\/2024\/07\/Day_Cream_Rich-1536x864.jpg 1536w, https:\/\/tal.ch\/wp-content\/uploads\/2024\/07\/Day_Cream_Rich-600x338.jpg 600w\" sizes=\"(max-width: 1600px) 100vw, 1600px\" \/>\t\t\t\t\t\t\t\t\t\t\t\t\t\t\t<\/div>\n\t\t\t\t<div class=\"elementor-element elementor-element-ad729f2 elementor-widget elementor-widget-spacer\" data-id=\"ad729f2\" data-element_type=\"widget\" data-e-type=\"widget\" data-widget_type=\"spacer.default\">\n\t\t\t\t\t\t\t<div class=\"elementor-spacer\">\n\t\t\t<div class=\"elementor-spacer-inner\"><\/div>\n\t\t<\/div>\n\t\t\t\t\t\t<\/div>\n\t\t\t\t<\/div>\n\t\t<div class=\"elementor-element elementor-element-e914559 e-con-full e-flex wpr-particle-no wpr-jarallax-no wpr-parallax-no wpr-sticky-section-no wpr-equal-height-no e-con e-parent\" data-id=\"e914559\" data-element_type=\"container\" data-e-type=\"container\">\n\t\t\t\t<div class=\"elementor-element elementor-element-c847094 elementor-align-center elementor-widget elementor-widget-button\" data-id=\"c847094\" data-element_type=\"widget\" data-e-type=\"widget\" data-widget_type=\"button.default\">\n\t\t\t\t\t\t\t\t\t\t<a class=\"elementor-button elementor-button-link elementor-size-sm\" href=\"https:\/\/shop.parsenn-produkte.ch\/products\/detoxifying-day-cream-rich-50ml\" target=\"_blank\">\n\t\t\t\t\t\t<span class=\"elementor-button-content-wrapper\">\n\t\t\t\t\t\t\t\t\t<span class=\"elementor-button-text\">Commander maintenant<\/span>\n\t\t\t\t\t<\/span>\n\t\t\t\t\t<\/a>\n\t\t\t\t\t\t\t\t<\/div>\n\t\t\t\t<div class=\"elementor-element elementor-element-452dc31 elementor-widget elementor-widget-spacer\" data-id=\"452dc31\" data-element_type=\"widget\" data-e-type=\"widget\" data-widget_type=\"spacer.default\">\n\t\t\t\t\t\t\t<div class=\"elementor-spacer\">\n\t\t\t<div class=\"elementor-spacer-inner\"><\/div>\n\t\t<\/div>\n\t\t\t\t\t\t<\/div>\n\t\t\t\t<\/div>\n\t\t<div class=\"elementor-element elementor-element-c1837f0 e-con-full e-flex wpr-particle-no wpr-jarallax-no wpr-parallax-no wpr-sticky-section-no wpr-equal-height-no e-con e-parent\" data-id=\"c1837f0\" data-element_type=\"container\" data-e-type=\"container\">\n\t\t\t\t<div class=\"elementor-element elementor-element-0363d68 elementor-widget elementor-widget-heading\" data-id=\"0363d68\" data-element_type=\"widget\" data-e-type=\"widget\" data-widget_type=\"heading.default\">\n\t\t\t\t\t<h3 class=\"elementor-heading-title elementor-size-default\">Conclusion<\/h3>\t\t\t\t<\/div>\n\t\t\t\t<div class=\"elementor-element elementor-element-e4ced39 elementor-widget elementor-widget-text-editor\" data-id=\"e4ced39\" data-element_type=\"widget\" data-e-type=\"widget\" data-widget_type=\"text-editor.default\">\n\t\t\t\t\t\t\t\t\t<p>Dans un monde o\u00f9 le stress cutan\u00e9 d\u00fb aux appareils num\u00e9riques et \u00e0 l'influence de l'environnement ne cesse d'augmenter, il est plus important que jamais de veiller \u00e0 prendre soin de son visage avec des produits de qualit\u00e9. \u00c9tant donn\u00e9 que la vie quotidienne est souvent tr\u00e9pidante et que la qualit\u00e9 de l'air dans les villes est pollu\u00e9e, des soins cutan\u00e9s appropri\u00e9s peuvent aider \u00e0 garder votre peau saine et \u00e9clatante. Investissez dans de bons produits et une routine de soins r\u00e9guli\u00e8re pour prot\u00e9ger votre peau et minimiser le stress quotidien.<\/p>\t\t\t\t\t\t\t\t<\/div>\n\t\t\t\t<\/div>\n\t\t<div class=\"elementor-element elementor-element-ef457f7 e-con-full e-flex wpr-particle-no wpr-jarallax-no wpr-parallax-no wpr-sticky-section-no wpr-equal-height-no e-con e-parent\" data-id=\"ef457f7\" data-element_type=\"container\" data-e-type=\"container\">\n\t\t\t\t<div class=\"elementor-element elementor-element-af7018f elementor-widget elementor-widget-spacer\" data-id=\"af7018f\" data-element_type=\"widget\" data-e-type=\"widget\" data-widget_type=\"spacer.default\">\n\t\t\t\t\t\t\t<div class=\"elementor-spacer\">\n\t\t\t<div class=\"elementor-spacer-inner\"><\/div>\n\t\t<\/div>\n\t\t\t\t\t\t<\/div>\n\t\t\t\t<\/div>\n\t\t<div class=\"elementor-element elementor-element-ebae90d e-con-full e-flex wpr-particle-no wpr-jarallax-no wpr-parallax-no wpr-sticky-section-no wpr-equal-height-no e-con e-parent\" data-id=\"ebae90d\" data-element_type=\"container\" data-e-type=\"container\" data-settings=\"{&quot;background_background&quot;:&quot;classic&quot;}\">\n\t\t\t\t<div class=\"elementor-element elementor-element-01914b2 elementor-post-navigation-borders-yes elementor-widget elementor-widget-global elementor-global-9032 elementor-widget-post-navigation\" data-id=\"01914b2\" data-element_type=\"widget\" data-e-type=\"widget\" data-widget_type=\"post-navigation.default\">\n\t\t\t\t\t\t\t<div class=\"elementor-post-navigation\" role=\"navigation\" aria-label=\"Navigation de publication\">\n\t\t\t<div class=\"elementor-post-navigation__prev elementor-post-navigation__link\">\n\t\t\t\t<a href=\"https:\/\/tal.ch\/fr\/so-pflegen-sie-ihre-fuesse-im-sommer\/\" rel=\"prev\"><span class=\"post-navigation__arrow-wrapper post-navigation__arrow-prev\"><svg aria-hidden=\"true\" class=\"e-font-icon-svg e-fas-angle-left\" viewbox=\"0 0 256 512\" xmlns=\"http:\/\/www.w3.org\/2000\/svg\"><path d=\"M31.7 239l136-136c9.4-9.4 24.6-9.4 33.9 0l22.6 22.6c9.4 9.4 9.4 24.6 0 33.9L127.9 256l96.4 96.4c9.4 9.4 9.4 24.6 0 33.9L201.7 409c-9.4 9.4-24.6 9.4-33.9 0l-136-136c-9.5-9.4-9.5-24.6-.1-34z\"><\/path><\/svg><span class=\"elementor-screen-only\">Pr\u00e9c\u00e9dent<\/span><\/span><span class=\"elementor-post-navigation__link__prev\"><span class=\"post-navigation__prev--label\">Pr\u00e9c\u00e9dent<\/span><span class=\"post-navigation__prev--title\">Voici comment prendre soin de vos pieds en \u00e9t\u00e9 !<\/span><\/span><\/a>\t\t\t<\/div>\n\t\t\t\t\t\t\t<div class=\"elementor-post-navigation__separator-wrapper\">\n\t\t\t\t\t<div class=\"elementor-post-navigation__separator\"><\/div>\n\t\t\t\t<\/div>\n\t\t\t\t\t\t<div class=\"elementor-post-navigation__next elementor-post-navigation__link\">\n\t\t\t\t<a href=\"https:\/\/tal.ch\/fr\/alles-gute-zum-geburtstag\/\" rel=\"next\"><span class=\"elementor-post-navigation__link__next\"><span class=\"post-navigation__next--label\">Prochain<\/span><span class=\"post-navigation__next--title\">Joyeux anniversaire !<\/span><\/span><span class=\"post-navigation__arrow-wrapper post-navigation__arrow-next\"><svg aria-hidden=\"true\" class=\"e-font-icon-svg e-fas-angle-right\" viewbox=\"0 0 256 512\" xmlns=\"http:\/\/www.w3.org\/2000\/svg\"><path d=\"M224.3 273l-136 136c-9.4 9.4-24.6 9.4-33.9 0l-22.6-22.6c-9.4-9.4-9.4-24.6 0-33.9l96.4-96.4-96.4-96.4c-9.4-9.4-9.4-24.6 0-33.9L54.3 103c9.4-9.4 24.6-9.4 33.9 0l136 136c9.5 9.4 9.5 24.6.1 34z\"><\/path><\/svg><span class=\"elementor-screen-only\">Suivant<\/span><\/span><\/a>\t\t\t<\/div>\n\t\t<\/div>\n\t\t\t\t\t\t<\/div>\n\t\t\t\t<\/div>\n\t\t<div class=\"elementor-element elementor-element-adab87a e-flex e-con-boxed wpr-particle-no wpr-jarallax-no wpr-parallax-no wpr-sticky-section-no wpr-equal-height-no e-con e-parent\" data-id=\"adab87a\" data-element_type=\"container\" data-e-type=\"container\">\n\t\t\t\t\t<div class=\"e-con-inner\">\n\t\t\t\t<div class=\"elementor-element elementor-element-f9a6731 elementor-widget elementor-widget-spacer\" data-id=\"f9a6731\" data-element_type=\"widget\" data-e-type=\"widget\" data-widget_type=\"spacer.default\">\n\t\t\t\t\t\t\t<div class=\"elementor-spacer\">\n\t\t\t<div class=\"elementor-spacer-inner\"><\/div>\n\t\t<\/div>\n\t\t\t\t\t\t<\/div>\n\t\t\t\t\t<\/div>\n\t\t\t\t<\/div>\n\t\t\t\t<\/div>","protected":false},"excerpt":{"rendered":"<p>Le stress de la peau \u00e0 l'\u00e8re du num\u00e9rique Dans notre monde en perp\u00e9tuel mouvement, o\u00f9 nous jonglons constamment entre le travail, les obligations familiales et les activit\u00e9s de loisirs, un aspect important est souvent n\u00e9glig\u00e9 : la sant\u00e9 de notre peau. La peau du visage, en particulier, est expos\u00e9e quotidiennement \u00e0 de nombreux facteurs de stress qui peuvent avoir une influence n\u00e9gative non seulement sur son apparence, mais aussi sur sa fonction. Les facteurs de stress invisibles : Temps pass\u00e9 devant un \u00e9cran et pollution de l'environnement L'un des plus grands facteurs de stress pour notre peau est le temps croissant pass\u00e9 devant un \u00e9cran - c'est-\u00e0-dire le temps que nous passons chaque jour \u00e0 regarder un \u00e9cran. Que ce soit au bureau, en d\u00e9placement ou \u00e0 la maison, notre peau est presque constamment expos\u00e9e \u00e0 la lumi\u00e8re bleue des ordinateurs, des smartphones et des tablettes. Des \u00e9tudes ont montr\u00e9 que cette lumi\u00e8re bleue peut endommager les cellules de la peau et provoquer un vieillissement pr\u00e9matur\u00e9. Il en r\u00e9sulte des ridules, des taches de pigmentation et un teint irr\u00e9gulier. De plus, des facteurs environnementaux tels que la pollution de l'air, les rayons UV et m\u00eame les changements climatiques affectent notre peau. Ces influences externes peuvent affaiblir le manteau protecteur naturel de la peau et la rendre plus vuln\u00e9rable aux dommages. Dans les zones urbaines en particulier, l'air est souvent charg\u00e9 de polluants qui p\u00e9n\u00e8trent profond\u00e9ment dans la peau et peuvent y provoquer des inflammations et des r\u00e9actions de stress. Le stress au quotidien : un d\u00e9fi pour la peau Le quotidien tr\u00e9pidant de nombreux Suisses entra\u00eene souvent un stress qui se r\u00e9percute \u00e9galement sur la peau. Les hormones du stress telles que le cortisol peuvent augmenter la production de s\u00e9bum et entra\u00eener ainsi des probl\u00e8mes de peau tels que l'acn\u00e9 et la peau grasse. Parall\u00e8lement, le stress peut affaiblir la barri\u00e8re cutan\u00e9e, ce qui entra\u00eene une perte d'hydratation et la rend plus vuln\u00e9rable aux irritations. De nombreuses personnes constatent une d\u00e9t\u00e9rioration de l'aspect de leur peau en p\u00e9riode de stress - un signe \u00e9vident de l'impact que notre bien-\u00eatre int\u00e9rieur peut avoir sur notre apparence ext\u00e9rieure. Soins du visage de qualit\u00e9 : un must pour les peaux stress\u00e9es Face \u00e0 ces d\u00e9fis, il est tr\u00e8s important de miser sur des produits de soins du visage de qualit\u00e9, sp\u00e9cialement con\u00e7us pour prot\u00e9ger et r\u00e9g\u00e9n\u00e9rer la peau. Un bon soin du visage doit avoir les caract\u00e9ristiques suivantes :. Protection contre la lumi\u00e8re bleue : les produits contenant des antioxydants tels que les vitamines C et E peuvent aider \u00e0 prot\u00e9ger la peau contre les effets nocifs de la lumi\u00e8re bleue et \u00e0 r\u00e9parer les cellules. Des ingr\u00e9dients hydratants : L'acide hyaluronique et la glyc\u00e9rine sont d'excellents hydratants qui hydratent la peau en profondeur et renforcent la barri\u00e8re cutan\u00e9e. Des ingr\u00e9dients apaisants : Des ingr\u00e9dients tels que l'aloe vera et la camomille ont un effet apaisant sur les peaux irrit\u00e9es et aident \u00e0 r\u00e9duire l'inflammation. Formules anti-pollution : des produits de soin sp\u00e9ciaux qui agissent contre la pollution peuvent contribuer \u00e0 \u00e9loigner les substances nocives de la peau et \u00e0 ralentir ainsi le processus de vieillissement. Une routine de soins adapt\u00e9e \u00e0 chaque type de peau Il est important de mettre au point une routine de soins adapt\u00e9e \u00e0 chaque type de peau et \u00e0 ses besoins sp\u00e9cifiques. Voici quelques conseils pour minimiser le stress de la peau : Nettoyage : Tal ABSOLUE Cleansing Gel Commencez vos soins de la peau avec un gel nettoyant doux qui nettoie votre peau en profondeur tout en pr\u00e9servant le film hydrolipidique protecteur de votre peau, gr\u00e2ce \u00e0 un principe actif extrait de la pulpe de pomme. Votre peau est imm\u00e9diatement propre, fra\u00eeche et hydrat\u00e9e. Commander maintenant Tonifiant : Tal ABSOLUE Balancing Toner Cette lotion sans alcool convient \u00e0 tous les types de peau pour un nettoyage ult\u00e9rieur id\u00e9al. Les r\u00e9sidus de nettoyage et d'eau ind\u00e9sirables sont \u00e9limin\u00e9s en douceur et la peau est neutralis\u00e9e. Un complexe sp\u00e9cial de substances actives \u00e0 base d'algues brunes et d'aloe vera hydrate la peau, la tonifie et lui procure une agr\u00e9able sensation de fra\u00eecheur. Commander maintenant S\u00e9rum : Tal ABSOLUE S\u00e9rum \/ Booster Notre joyau, le s\u00e9rum \/ booster, agit simultan\u00e9ment contre tous les signes de vieillissement de la peau. Gr\u00e2ce au peptide high-tech Matrixyl Synthe 6\u00ae, qui stimule la synth\u00e8se des six principaux \u00e9l\u00e9ments constitutifs de la matrice cutan\u00e9e et de la zone de jonction dermo-\u00e9pidermique, il est prouv\u00e9 que la profondeur des rides est r\u00e9duite. Commander maintenant Soin hydratant : Tal ABSOLUE Detoxifying Day Cream Rich La cr\u00e8me de jour \"Rich\" de Tal ABSOLUE apporte une hydratation suppl\u00e9mentaire aux types de peau s\u00e8che ou sensible. L'extrait d'edelweiss alpin combin\u00e9 \u00e0 un extrait de cam\u00e9lia rouge renforce la fonction de barri\u00e8re de votre peau et la rend plus r\u00e9sistante aux agressions ext\u00e9rieures. Parall\u00e8lement, l'acide hyaluronique et la pentavitine lissent les ridules et les rides \u00e0 la surface de la peau. Commander maintenant Conclusion Dans un monde o\u00f9 le stress cutan\u00e9 d\u00fb aux appareils num\u00e9riques et aux influences environnementales ne cesse d'augmenter, il est plus important que jamais de veiller \u00e0 prendre soin de son visage avec des produits de qualit\u00e9. \u00c9tant donn\u00e9 que la vie quotidienne est souvent tr\u00e9pidante et que la qualit\u00e9 de l'air dans les villes est pollu\u00e9e, des soins cutan\u00e9s adapt\u00e9s peuvent vous aider \u00e0 garder une peau saine et \u00e9clatante. Investissez dans de bons produits et une routine de soins r\u00e9guli\u00e8re pour prot\u00e9ger votre peau et minimiser le stress quotidien.<\/p>","protected":false},"author":2,"featured_media":8619,"comment_status":"closed","ping_status":"closed","sticky":false,"template":"elementor_header_footer","format":"standard","meta":{"footnotes":""},"categories":[1],"tags":[],"class_list":["post-8618","post","type-post","status-publish","format-standard","has-post-thumbnail","hentry","category-uncategorized"],"yoast_head":"<!-- This site is optimized with the Yoast SEO plugin v27.4 - https:\/\/yoast.com\/product\/yoast-seo-wordpress\/ -->\n<title>Hautstress im digitalen Zeitalter - Tal<\/title>\n<meta name=\"robots\" content=\"index, follow, max-snippet:-1, max-image-preview:large, max-video-preview:-1\" \/>\n<link rel=\"canonical\" href=\"https:\/\/tal.ch\/fr\/hautstress-im-digitalen-zeitalter\/\" \/>\n<meta property=\"og:locale\" content=\"fr_FR\" \/>\n<meta property=\"og:type\" content=\"article\" \/>\n<meta property=\"og:title\" content=\"Hautstress im digitalen Zeitalter - Tal\" \/>\n<meta property=\"og:description\" content=\"Hautstress im digitalen Zeitalter In unserer schnelllebigen Welt, in der wir st\u00e4ndig zwischen Arbeit, famili\u00e4ren Verpflichtungen und Freizeitaktivit\u00e4ten jonglieren, wird oft ein wichtiger Aspekt vernachl\u00e4ssigt: unsere Hautgesundheit. Besonders die Gesichtshaut ist t\u00e4glich zahlreichen Stressfaktoren ausgesetzt, die nicht nur ihr Aussehen, sondern auch ihre Funktion negativ beeinflussen k\u00f6nnen. Die unsichtbaren Stress&shy;faktoren: Bildschirm&shy;zeit und Umwelt&shy;belastungen Einer der gr\u00f6\u00dften Stressfaktoren f\u00fcr unsere Haut ist die zunehmende Bildschirmzeit \u2013 sprich die Zeit, die wir t\u00e4glich in einen Bildschirm schauen. Ob im B\u00fcro, unterwegs oder zu Hause \u2013 unsere Haut ist fast st\u00e4ndig dem blauen Licht von Computern, Smartphones und Tablets ausgesetzt. Studien haben gezeigt, dass dieses Blaulicht die Hautzellen sch\u00e4digen und vorzeitige Alterung verursachen kann. Die Folge sind feine Linien, Pigmentflecken und ein ungleichm\u00e4\u00dfiger Hautton. Zus\u00e4tzlich belasten Umweltfaktoren wie Luftverschmutzung, UV-Strahlung und sogar Klimaver\u00e4nderungen unsere Haut. Diese externen Einfl\u00fcsse k\u00f6nnen den nat\u00fcrlichen Schutzmantel der Haut schw\u00e4chen und sie anf\u00e4lliger f\u00fcr Sch\u00e4den machen. Besonders in st\u00e4dtischen Gebieten ist die Luft oft mit Schadstoffen belastet, die tief in die Haut eindringen und dort Entz\u00fcndungen und Stressreaktionen hervorrufen k\u00f6nnen. Stress im Alltag: Eine Herausforderung f\u00fcr die Haut Der hektische Alltag vieler Schweizerinnern und Schweizer f\u00fchrt h\u00e4ufig zu Stress, der sich auch auf die Haut auswirkt. Stresshormone wie Cortisol k\u00f6nnen die Talgproduktion erh\u00f6hen und so zu Hautproblemen wie Akne und fettiger Haut f\u00fchren. Gleichzeitig kann Stress die Hautbarriere schw\u00e4chen, wodurch sie Feuchtigkeit verliert und anf\u00e4lliger f\u00fcr Irritationen wird. Viele Menschen bemerken eine Verschlechterung ihres Hautbildes in stressigen Zeiten \u2013 ein deutliches Zeichen daf\u00fcr, wie sehr sich unser inneres Wohlbefinden auf unser \u00e4u\u00dferes Erscheinungsbild auswirken kann. Hochwertige Gesichtspflege: Ein Muss f\u00fcr stressgeplagte Haut Angesichts dieser Herausforderungen ist es sehr wichtig, auf hochwertige Gesichtspflegeprodukte zu setzen, die speziell entwickelt wurden, um die Haut zu sch\u00fctzen und zu regenerieren. Eine gute Gesichtspflege sollte folgende Eigenschaften haben:. Schutz vor blauem Licht: Produkte mit Antioxidantien wie Vitamin C und E k\u00f6nnen helfen, die Haut vor den sch\u00e4dlichen Auswirkungen von blauem Licht zu sch\u00fctzen und die Zellen zu reparieren. Feuchtigkeitsspendende Inhaltsstoffe: Hyalurons\u00e4ure und Glycerin sind hervorragende Feuchtigkeitsspender, die die Haut tiefenwirksam hydratisieren und die Hautbarriere st\u00e4rken. Beruhigende Wirkstoffe: Inhaltsstoffe wie Aloe Vera und Kamille wirken beruhigend auf gereizte Haut und helfen, Entz\u00fcndungen zu reduzieren. Anti-Pollution-Formeln: Spezielle Pflegeprodukte, die gegen Umweltverschmutzung wirken, k\u00f6nnen dazu beitragen, Schadstoffe von der Haut fernzuhalten und so den Alterungsprozess zu verlangsamen. Die richtige Pflegeroutine f\u00fcr jeden Hauttyp Es ist wichtig, eine Pflegeroutine zu entwickeln, die auf den individuellen Hauttyp und die speziellen Bed\u00fcrfnisse abgestimmt ist. Hier sind einige Tipps, um den Hautstress zu minimieren: Reinigung: Tal ABSOLUE Cleansing Gel Starten Sie Ihre Hautpflege mit einem sanften Reinigungsgel, das Ihre Haut gr\u00fcndlich reinigt und zugleich den sch\u00fctzenden Hydro-Lipid-Film Ihrer Haut bewahrt, dank einem Wirkstoff aus dem Apfelfruchtfleisch. Ihre Haut wird sofort rein, frisch und mit Feuchtigkeit versorgt. Jetzt bestellen Tonisierung: Tal ABSOLUE Balancing Toner Die alkoholfreie Lotion ist zur idealen Nachreinigung f\u00fcr jeden Hauttyp geeignet. Unerw\u00fcnschte Reinigungs- und Wasserr\u00fcckst\u00e4nde werden sanft entfernt und die Haut neutralisiert. Ein spezieller Wirkstoff komplex aus der Braunalge und Aloe Vera befeuchtet die Haut, belebt sie und sorgt f\u00fcr ein angenehmes Frischegef\u00fchl. Jetzt bestellen Serum: Tal ABSOLUE Serum \/ Booster Unser Juwel, das Serum\/Booster, wirkt gegen alle Anzeichen der Hautalterung zugleich. Dank des High-Tech-Peptides Matrixyl Synthe 6\u00ae, das die Synthese der sechs wichtigsten Bausteine der Hautmatrix und der dermoepidermalen Verbindungszone anregt, wird die Faltentiefe nachweislich reduziert. Jetzt bestellen Feuchtigkeitspflege: Tal ABSOLUE Detoxifying Day Cream Rich Die Tagescreme \u00abRich\u00bb von Tal ABSOLUE verleiht zus\u00e4tzliche Feuchtigkeit f\u00fcr trockene oder empfindliche Hauttypen. Der alpine Edelweissextrakt kombiniert mit einem Extrakt aus der roten Kamelie st\u00e4rkt die Barrierefunktion Ihrer Haut und macht sie widerstandsf\u00e4higer gegen\u00fcber \u00e4usseren Einfl\u00fcssen. Gleichzeitig gl\u00e4tten Hyalurons\u00e4ure und Pentavitin feine Linien und F\u00e4ltchen der Hautoberfl\u00e4che. Jetzt bestellen Fazit In einer Welt, in der Hautstress durch digitale Ger\u00e4te und Umwelteinfl\u00fcsse immer mehr zunimmt, ist es wichtiger denn je, auf eine hochwertige Gesichtspflege zu achten. Da der Alltag oft hektisch und die Luftqualit\u00e4t in St\u00e4dten belastet ist, kann die richtige Hautpflege helfen, Ihre Haut gesund und strahlend zu halten. Investieren Sie in gute Produkte und eine regelm\u00e4\u00dfige Pflegeroutine, um Ihre Haut zu sch\u00fctzen und den t\u00e4glichen Stress zu minimieren.\" \/>\n<meta property=\"og:url\" content=\"https:\/\/tal.ch\/fr\/hautstress-im-digitalen-zeitalter\/\" \/>\n<meta property=\"og:site_name\" content=\"Tal\" \/>\n<meta property=\"article:publisher\" content=\"https:\/\/www.facebook.com\/tal.schweiz\/\" \/>\n<meta property=\"article:published_time\" content=\"2024-07-01T07:25:26+00:00\" \/>\n<meta property=\"article:modified_time\" content=\"2024-11-21T09:20:28+00:00\" \/>\n<meta property=\"og:image\" content=\"https:\/\/tal.ch\/wp-content\/uploads\/2024\/07\/Frau-Stress-Skin-Burnout.jpg\" \/>\n\t<meta property=\"og:image:width\" content=\"1600\" \/>\n\t<meta property=\"og:image:height\" content=\"900\" \/>\n\t<meta property=\"og:image:type\" content=\"image\/jpeg\" \/>\n<meta name=\"author\" content=\"Raphael\" \/>\n<meta name=\"twitter:card\" content=\"summary_large_image\" \/>\n<meta name=\"twitter:label1\" content=\"\u00c9crit par\" \/>\n\t<meta name=\"twitter:data1\" content=\"Raphael\" \/>\n\t<meta name=\"twitter:label2\" content=\"Dur\u00e9e de lecture estim\u00e9e\" \/>\n\t<meta name=\"twitter:data2\" content=\"5 minutes\" \/>\n<script type=\"application\/ld+json\" class=\"yoast-schema-graph\">{\"@context\":\"https:\\\/\\\/schema.org\",\"@graph\":[{\"@type\":\"Article\",\"@id\":\"https:\\\/\\\/tal.ch\\\/hautstress-im-digitalen-zeitalter\\\/#article\",\"isPartOf\":{\"@id\":\"https:\\\/\\\/tal.ch\\\/hautstress-im-digitalen-zeitalter\\\/\"},\"author\":{\"name\":\"Raphael\",\"@id\":\"https:\\\/\\\/tal.ch\\\/#\\\/schema\\\/person\\\/8b9ffa10e1447c63c33b560fa799799c\"},\"headline\":\"Hautstress im digitalen Zeitalter\",\"datePublished\":\"2024-07-01T07:25:26+00:00\",\"dateModified\":\"2024-11-21T09:20:28+00:00\",\"mainEntityOfPage\":{\"@id\":\"https:\\\/\\\/tal.ch\\\/hautstress-im-digitalen-zeitalter\\\/\"},\"wordCount\":757,\"publisher\":{\"@id\":\"https:\\\/\\\/tal.ch\\\/#organization\"},\"image\":{\"@id\":\"https:\\\/\\\/tal.ch\\\/hautstress-im-digitalen-zeitalter\\\/#primaryimage\"},\"thumbnailUrl\":\"https:\\\/\\\/tal.ch\\\/wp-content\\\/uploads\\\/2024\\\/07\\\/Frau-Stress-Skin-Burnout.jpg\",\"articleSection\":[\"Uncategorized\"],\"inLanguage\":\"fr-FR\"},{\"@type\":\"WebPage\",\"@id\":\"https:\\\/\\\/tal.ch\\\/hautstress-im-digitalen-zeitalter\\\/\",\"url\":\"https:\\\/\\\/tal.ch\\\/hautstress-im-digitalen-zeitalter\\\/\",\"name\":\"Hautstress im digitalen Zeitalter - Tal\",\"isPartOf\":{\"@id\":\"https:\\\/\\\/tal.ch\\\/#website\"},\"primaryImageOfPage\":{\"@id\":\"https:\\\/\\\/tal.ch\\\/hautstress-im-digitalen-zeitalter\\\/#primaryimage\"},\"image\":{\"@id\":\"https:\\\/\\\/tal.ch\\\/hautstress-im-digitalen-zeitalter\\\/#primaryimage\"},\"thumbnailUrl\":\"https:\\\/\\\/tal.ch\\\/wp-content\\\/uploads\\\/2024\\\/07\\\/Frau-Stress-Skin-Burnout.jpg\",\"datePublished\":\"2024-07-01T07:25:26+00:00\",\"dateModified\":\"2024-11-21T09:20:28+00:00\",\"breadcrumb\":{\"@id\":\"https:\\\/\\\/tal.ch\\\/hautstress-im-digitalen-zeitalter\\\/#breadcrumb\"},\"inLanguage\":\"fr-FR\",\"potentialAction\":[{\"@type\":\"ReadAction\",\"target\":[\"https:\\\/\\\/tal.ch\\\/hautstress-im-digitalen-zeitalter\\\/\"]}]},{\"@type\":\"ImageObject\",\"inLanguage\":\"fr-FR\",\"@id\":\"https:\\\/\\\/tal.ch\\\/hautstress-im-digitalen-zeitalter\\\/#primaryimage\",\"url\":\"https:\\\/\\\/tal.ch\\\/wp-content\\\/uploads\\\/2024\\\/07\\\/Frau-Stress-Skin-Burnout.jpg\",\"contentUrl\":\"https:\\\/\\\/tal.ch\\\/wp-content\\\/uploads\\\/2024\\\/07\\\/Frau-Stress-Skin-Burnout.jpg\",\"width\":1600,\"height\":900},{\"@type\":\"BreadcrumbList\",\"@id\":\"https:\\\/\\\/tal.ch\\\/hautstress-im-digitalen-zeitalter\\\/#breadcrumb\",\"itemListElement\":[{\"@type\":\"ListItem\",\"position\":1,\"name\":\"Startseite\",\"item\":\"https:\\\/\\\/tal.ch\\\/\"},{\"@type\":\"ListItem\",\"position\":2,\"name\":\"Hautstress im digitalen Zeitalter\"}]},{\"@type\":\"WebSite\",\"@id\":\"https:\\\/\\\/tal.ch\\\/#website\",\"url\":\"https:\\\/\\\/tal.ch\\\/\",\"name\":\"Tal\",\"description\":\"Pflanzenextrakte von h\u00f6chster Qualit\u00e4t\",\"publisher\":{\"@id\":\"https:\\\/\\\/tal.ch\\\/#organization\"},\"potentialAction\":[{\"@type\":\"SearchAction\",\"target\":{\"@type\":\"EntryPoint\",\"urlTemplate\":\"https:\\\/\\\/tal.ch\\\/?s={search_term_string}\"},\"query-input\":{\"@type\":\"PropertyValueSpecification\",\"valueRequired\":true,\"valueName\":\"search_term_string\"}}],\"inLanguage\":\"fr-FR\"},{\"@type\":\"Organization\",\"@id\":\"https:\\\/\\\/tal.ch\\\/#organization\",\"name\":\"Tal\",\"url\":\"https:\\\/\\\/tal.ch\\\/\",\"logo\":{\"@type\":\"ImageObject\",\"inLanguage\":\"fr-FR\",\"@id\":\"https:\\\/\\\/tal.ch\\\/#\\\/schema\\\/logo\\\/image\\\/\",\"url\":\"https:\\\/\\\/tal.ch\\\/wp-content\\\/uploads\\\/2024\\\/02\\\/Logo-Tal.png\",\"contentUrl\":\"https:\\\/\\\/tal.ch\\\/wp-content\\\/uploads\\\/2024\\\/02\\\/Logo-Tal.png\",\"width\":100,\"height\":157,\"caption\":\"Tal\"},\"image\":{\"@id\":\"https:\\\/\\\/tal.ch\\\/#\\\/schema\\\/logo\\\/image\\\/\"},\"sameAs\":[\"https:\\\/\\\/www.facebook.com\\\/tal.schweiz\\\/\"]},{\"@type\":\"Person\",\"@id\":\"https:\\\/\\\/tal.ch\\\/#\\\/schema\\\/person\\\/8b9ffa10e1447c63c33b560fa799799c\",\"name\":\"Raphael\",\"image\":{\"@type\":\"ImageObject\",\"inLanguage\":\"fr-FR\",\"@id\":\"https:\\\/\\\/secure.gravatar.com\\\/avatar\\\/c7b37db84d350dcdacf9fa51c2818cce6ba2e874e3a6f666047ca5a022512106?s=96&d=mm&r=g\",\"url\":\"https:\\\/\\\/secure.gravatar.com\\\/avatar\\\/c7b37db84d350dcdacf9fa51c2818cce6ba2e874e3a6f666047ca5a022512106?s=96&d=mm&r=g\",\"contentUrl\":\"https:\\\/\\\/secure.gravatar.com\\\/avatar\\\/c7b37db84d350dcdacf9fa51c2818cce6ba2e874e3a6f666047ca5a022512106?s=96&d=mm&r=g\",\"caption\":\"Raphael\"},\"url\":\"https:\\\/\\\/tal.ch\\\/fr\\\/author\\\/raphael\\\/\"}]}<\/script>\n<!-- \/ Yoast SEO plugin. -->","yoast_head_json":{"title":"Hautstress im digitalen Zeitalter - Tal","robots":{"index":"index","follow":"follow","max-snippet":"max-snippet:-1","max-image-preview":"max-image-preview:large","max-video-preview":"max-video-preview:-1"},"canonical":"https:\/\/tal.ch\/fr\/hautstress-im-digitalen-zeitalter\/","og_locale":"fr_FR","og_type":"article","og_title":"Hautstress im digitalen Zeitalter - Tal","og_description":"Hautstress im digitalen Zeitalter In unserer schnelllebigen Welt, in der wir st\u00e4ndig zwischen Arbeit, famili\u00e4ren Verpflichtungen und Freizeitaktivit\u00e4ten jonglieren, wird oft ein wichtiger Aspekt vernachl\u00e4ssigt: unsere Hautgesundheit. Besonders die Gesichtshaut ist t\u00e4glich zahlreichen Stressfaktoren ausgesetzt, die nicht nur ihr Aussehen, sondern auch ihre Funktion negativ beeinflussen k\u00f6nnen. Die unsichtbaren Stress&shy;faktoren: Bildschirm&shy;zeit und Umwelt&shy;belastungen Einer der gr\u00f6\u00dften Stressfaktoren f\u00fcr unsere Haut ist die zunehmende Bildschirmzeit \u2013 sprich die Zeit, die wir t\u00e4glich in einen Bildschirm schauen. Ob im B\u00fcro, unterwegs oder zu Hause \u2013 unsere Haut ist fast st\u00e4ndig dem blauen Licht von Computern, Smartphones und Tablets ausgesetzt. Studien haben gezeigt, dass dieses Blaulicht die Hautzellen sch\u00e4digen und vorzeitige Alterung verursachen kann. Die Folge sind feine Linien, Pigmentflecken und ein ungleichm\u00e4\u00dfiger Hautton. Zus\u00e4tzlich belasten Umweltfaktoren wie Luftverschmutzung, UV-Strahlung und sogar Klimaver\u00e4nderungen unsere Haut. Diese externen Einfl\u00fcsse k\u00f6nnen den nat\u00fcrlichen Schutzmantel der Haut schw\u00e4chen und sie anf\u00e4lliger f\u00fcr Sch\u00e4den machen. Besonders in st\u00e4dtischen Gebieten ist die Luft oft mit Schadstoffen belastet, die tief in die Haut eindringen und dort Entz\u00fcndungen und Stressreaktionen hervorrufen k\u00f6nnen. Stress im Alltag: Eine Herausforderung f\u00fcr die Haut Der hektische Alltag vieler Schweizerinnern und Schweizer f\u00fchrt h\u00e4ufig zu Stress, der sich auch auf die Haut auswirkt. Stresshormone wie Cortisol k\u00f6nnen die Talgproduktion erh\u00f6hen und so zu Hautproblemen wie Akne und fettiger Haut f\u00fchren. Gleichzeitig kann Stress die Hautbarriere schw\u00e4chen, wodurch sie Feuchtigkeit verliert und anf\u00e4lliger f\u00fcr Irritationen wird. Viele Menschen bemerken eine Verschlechterung ihres Hautbildes in stressigen Zeiten \u2013 ein deutliches Zeichen daf\u00fcr, wie sehr sich unser inneres Wohlbefinden auf unser \u00e4u\u00dferes Erscheinungsbild auswirken kann. Hochwertige Gesichtspflege: Ein Muss f\u00fcr stressgeplagte Haut Angesichts dieser Herausforderungen ist es sehr wichtig, auf hochwertige Gesichtspflegeprodukte zu setzen, die speziell entwickelt wurden, um die Haut zu sch\u00fctzen und zu regenerieren. Eine gute Gesichtspflege sollte folgende Eigenschaften haben:. Schutz vor blauem Licht: Produkte mit Antioxidantien wie Vitamin C und E k\u00f6nnen helfen, die Haut vor den sch\u00e4dlichen Auswirkungen von blauem Licht zu sch\u00fctzen und die Zellen zu reparieren. Feuchtigkeitsspendende Inhaltsstoffe: Hyalurons\u00e4ure und Glycerin sind hervorragende Feuchtigkeitsspender, die die Haut tiefenwirksam hydratisieren und die Hautbarriere st\u00e4rken. Beruhigende Wirkstoffe: Inhaltsstoffe wie Aloe Vera und Kamille wirken beruhigend auf gereizte Haut und helfen, Entz\u00fcndungen zu reduzieren. Anti-Pollution-Formeln: Spezielle Pflegeprodukte, die gegen Umweltverschmutzung wirken, k\u00f6nnen dazu beitragen, Schadstoffe von der Haut fernzuhalten und so den Alterungsprozess zu verlangsamen. Die richtige Pflegeroutine f\u00fcr jeden Hauttyp Es ist wichtig, eine Pflegeroutine zu entwickeln, die auf den individuellen Hauttyp und die speziellen Bed\u00fcrfnisse abgestimmt ist. Hier sind einige Tipps, um den Hautstress zu minimieren: Reinigung: Tal ABSOLUE Cleansing Gel Starten Sie Ihre Hautpflege mit einem sanften Reinigungsgel, das Ihre Haut gr\u00fcndlich reinigt und zugleich den sch\u00fctzenden Hydro-Lipid-Film Ihrer Haut bewahrt, dank einem Wirkstoff aus dem Apfelfruchtfleisch. Ihre Haut wird sofort rein, frisch und mit Feuchtigkeit versorgt. Jetzt bestellen Tonisierung: Tal ABSOLUE Balancing Toner Die alkoholfreie Lotion ist zur idealen Nachreinigung f\u00fcr jeden Hauttyp geeignet. Unerw\u00fcnschte Reinigungs- und Wasserr\u00fcckst\u00e4nde werden sanft entfernt und die Haut neutralisiert. Ein spezieller Wirkstoff komplex aus der Braunalge und Aloe Vera befeuchtet die Haut, belebt sie und sorgt f\u00fcr ein angenehmes Frischegef\u00fchl. Jetzt bestellen Serum: Tal ABSOLUE Serum \/ Booster Unser Juwel, das Serum\/Booster, wirkt gegen alle Anzeichen der Hautalterung zugleich. Dank des High-Tech-Peptides Matrixyl Synthe 6\u00ae, das die Synthese der sechs wichtigsten Bausteine der Hautmatrix und der dermoepidermalen Verbindungszone anregt, wird die Faltentiefe nachweislich reduziert. Jetzt bestellen Feuchtigkeitspflege: Tal ABSOLUE Detoxifying Day Cream Rich Die Tagescreme \u00abRich\u00bb von Tal ABSOLUE verleiht zus\u00e4tzliche Feuchtigkeit f\u00fcr trockene oder empfindliche Hauttypen. Der alpine Edelweissextrakt kombiniert mit einem Extrakt aus der roten Kamelie st\u00e4rkt die Barrierefunktion Ihrer Haut und macht sie widerstandsf\u00e4higer gegen\u00fcber \u00e4usseren Einfl\u00fcssen. Gleichzeitig gl\u00e4tten Hyalurons\u00e4ure und Pentavitin feine Linien und F\u00e4ltchen der Hautoberfl\u00e4che. Jetzt bestellen Fazit In einer Welt, in der Hautstress durch digitale Ger\u00e4te und Umwelteinfl\u00fcsse immer mehr zunimmt, ist es wichtiger denn je, auf eine hochwertige Gesichtspflege zu achten. Da der Alltag oft hektisch und die Luftqualit\u00e4t in St\u00e4dten belastet ist, kann die richtige Hautpflege helfen, Ihre Haut gesund und strahlend zu halten. Investieren Sie in gute Produkte und eine regelm\u00e4\u00dfige Pflegeroutine, um Ihre Haut zu sch\u00fctzen und den t\u00e4glichen Stress zu minimieren.","og_url":"https:\/\/tal.ch\/fr\/hautstress-im-digitalen-zeitalter\/","og_site_name":"Tal","article_publisher":"https:\/\/www.facebook.com\/tal.schweiz\/","article_published_time":"2024-07-01T07:25:26+00:00","article_modified_time":"2024-11-21T09:20:28+00:00","og_image":[{"width":1600,"height":900,"url":"https:\/\/tal.ch\/wp-content\/uploads\/2024\/07\/Frau-Stress-Skin-Burnout.jpg","type":"image\/jpeg"}],"author":"Raphael","twitter_card":"summary_large_image","twitter_misc":{"\u00c9crit par":"Raphael","Dur\u00e9e de lecture estim\u00e9e":"5 minutes"},"schema":{"@context":"https:\/\/schema.org","@graph":[{"@type":"Article","@id":"https:\/\/tal.ch\/hautstress-im-digitalen-zeitalter\/#article","isPartOf":{"@id":"https:\/\/tal.ch\/hautstress-im-digitalen-zeitalter\/"},"author":{"name":"Raphael","@id":"https:\/\/tal.ch\/#\/schema\/person\/8b9ffa10e1447c63c33b560fa799799c"},"headline":"Hautstress im digitalen Zeitalter","datePublished":"2024-07-01T07:25:26+00:00","dateModified":"2024-11-21T09:20:28+00:00","mainEntityOfPage":{"@id":"https:\/\/tal.ch\/hautstress-im-digitalen-zeitalter\/"},"wordCount":757,"publisher":{"@id":"https:\/\/tal.ch\/#organization"},"image":{"@id":"https:\/\/tal.ch\/hautstress-im-digitalen-zeitalter\/#primaryimage"},"thumbnailUrl":"https:\/\/tal.ch\/wp-content\/uploads\/2024\/07\/Frau-Stress-Skin-Burnout.jpg","articleSection":["Uncategorized"],"inLanguage":"fr-FR"},{"@type":"WebPage","@id":"https:\/\/tal.ch\/hautstress-im-digitalen-zeitalter\/","url":"https:\/\/tal.ch\/hautstress-im-digitalen-zeitalter\/","name":"Hautstress im digitalen Zeitalter - Tal","isPartOf":{"@id":"https:\/\/tal.ch\/#website"},"primaryImageOfPage":{"@id":"https:\/\/tal.ch\/hautstress-im-digitalen-zeitalter\/#primaryimage"},"image":{"@id":"https:\/\/tal.ch\/hautstress-im-digitalen-zeitalter\/#primaryimage"},"thumbnailUrl":"https:\/\/tal.ch\/wp-content\/uploads\/2024\/07\/Frau-Stress-Skin-Burnout.jpg","datePublished":"2024-07-01T07:25:26+00:00","dateModified":"2024-11-21T09:20:28+00:00","breadcrumb":{"@id":"https:\/\/tal.ch\/hautstress-im-digitalen-zeitalter\/#breadcrumb"},"inLanguage":"fr-FR","potentialAction":[{"@type":"ReadAction","target":["https:\/\/tal.ch\/hautstress-im-digitalen-zeitalter\/"]}]},{"@type":"ImageObject","inLanguage":"fr-FR","@id":"https:\/\/tal.ch\/hautstress-im-digitalen-zeitalter\/#primaryimage","url":"https:\/\/tal.ch\/wp-content\/uploads\/2024\/07\/Frau-Stress-Skin-Burnout.jpg","contentUrl":"https:\/\/tal.ch\/wp-content\/uploads\/2024\/07\/Frau-Stress-Skin-Burnout.jpg","width":1600,"height":900},{"@type":"BreadcrumbList","@id":"https:\/\/tal.ch\/hautstress-im-digitalen-zeitalter\/#breadcrumb","itemListElement":[{"@type":"ListItem","position":1,"name":"Startseite","item":"https:\/\/tal.ch\/"},{"@type":"ListItem","position":2,"name":"Hautstress im digitalen Zeitalter"}]},{"@type":"WebSite","@id":"https:\/\/tal.ch\/#website","url":"https:\/\/tal.ch\/","name":"Vall\u00e9e","description":"Extraits de plantes de la plus haute qualit\u00e9","publisher":{"@id":"https:\/\/tal.ch\/#organization"},"potentialAction":[{"@type":"SearchAction","target":{"@type":"EntryPoint","urlTemplate":"https:\/\/tal.ch\/?s={search_term_string}"},"query-input":{"@type":"PropertyValueSpecification","valueRequired":true,"valueName":"search_term_string"}}],"inLanguage":"fr-FR"},{"@type":"Organization","@id":"https:\/\/tal.ch\/#organization","name":"Vall\u00e9e","url":"https:\/\/tal.ch\/","logo":{"@type":"ImageObject","inLanguage":"fr-FR","@id":"https:\/\/tal.ch\/#\/schema\/logo\/image\/","url":"https:\/\/tal.ch\/wp-content\/uploads\/2024\/02\/Logo-Tal.png","contentUrl":"https:\/\/tal.ch\/wp-content\/uploads\/2024\/02\/Logo-Tal.png","width":100,"height":157,"caption":"Tal"},"image":{"@id":"https:\/\/tal.ch\/#\/schema\/logo\/image\/"},"sameAs":["https:\/\/www.facebook.com\/tal.schweiz\/"]},{"@type":"Person","@id":"https:\/\/tal.ch\/#\/schema\/person\/8b9ffa10e1447c63c33b560fa799799c","name":"Rapha\u00ebl","image":{"@type":"ImageObject","inLanguage":"fr-FR","@id":"https:\/\/secure.gravatar.com\/avatar\/c7b37db84d350dcdacf9fa51c2818cce6ba2e874e3a6f666047ca5a022512106?s=96&d=mm&r=g","url":"https:\/\/secure.gravatar.com\/avatar\/c7b37db84d350dcdacf9fa51c2818cce6ba2e874e3a6f666047ca5a022512106?s=96&d=mm&r=g","contentUrl":"https:\/\/secure.gravatar.com\/avatar\/c7b37db84d350dcdacf9fa51c2818cce6ba2e874e3a6f666047ca5a022512106?s=96&d=mm&r=g","caption":"Raphael"},"url":"https:\/\/tal.ch\/fr\/author\/raphael\/"}]}},"_links":{"self":[{"href":"https:\/\/tal.ch\/fr\/wp-json\/wp\/v2\/posts\/8618","targetHints":{"allow":["GET"]}}],"collection":[{"href":"https:\/\/tal.ch\/fr\/wp-json\/wp\/v2\/posts"}],"about":[{"href":"https:\/\/tal.ch\/fr\/wp-json\/wp\/v2\/types\/post"}],"author":[{"embeddable":true,"href":"https:\/\/tal.ch\/fr\/wp-json\/wp\/v2\/users\/2"}],"replies":[{"embeddable":true,"href":"https:\/\/tal.ch\/fr\/wp-json\/wp\/v2\/comments?post=8618"}],"version-history":[{"count":90,"href":"https:\/\/tal.ch\/fr\/wp-json\/wp\/v2\/posts\/8618\/revisions"}],"predecessor-version":[{"id":14381,"href":"https:\/\/tal.ch\/fr\/wp-json\/wp\/v2\/posts\/8618\/revisions\/14381"}],"wp:featuredmedia":[{"embeddable":true,"href":"https:\/\/tal.ch\/fr\/wp-json\/wp\/v2\/media\/8619"}],"wp:attachment":[{"href":"https:\/\/tal.ch\/fr\/wp-json\/wp\/v2\/media?parent=8618"}],"wp:term":[{"taxonomy":"category","embeddable":true,"href":"https:\/\/tal.ch\/fr\/wp-json\/wp\/v2\/categories?post=8618"},{"taxonomy":"post_tag","embeddable":true,"href":"https:\/\/tal.ch\/fr\/wp-json\/wp\/v2\/tags?post=8618"}],"curies":[{"name":"wp","href":"https:\/\/api.w.org\/{rel}","templated":true}]}}