{"id":14843,"date":"2025-01-14T10:01:00","date_gmt":"2025-01-14T10:01:00","guid":{"rendered":"https:\/\/tal.ch\/?p=14843"},"modified":"2025-01-14T10:05:03","modified_gmt":"2025-01-14T10:05:03","slug":"richtige-hautpflege-im-winter","status":"publish","type":"post","link":"https:\/\/tal.ch\/it\/richtige-hautpflege-im-winter\/","title":{"rendered":"Cura della pelle in inverno"},"content":{"rendered":"<div data-elementor-type=\"wp-post\" data-elementor-id=\"14843\" class=\"elementor elementor-14843\" data-elementor-post-type=\"post\">\n\t\t\t\t<div class=\"elementor-element elementor-element-7428a6a e-con-full e-flex wpr-particle-no wpr-jarallax-no wpr-parallax-no wpr-sticky-section-no wpr-equal-height-no e-con e-parent\" data-id=\"7428a6a\" data-element_type=\"container\" data-e-type=\"container\">\n\t\t\t\t<div class=\"elementor-element elementor-element-6361637 elementor-widget elementor-widget-spacer\" data-id=\"6361637\" data-element_type=\"widget\" data-e-type=\"widget\" data-widget_type=\"spacer.default\">\n\t\t\t\t\t\t\t<div class=\"elementor-spacer\">\n\t\t\t<div class=\"elementor-spacer-inner\"><\/div>\n\t\t<\/div>\n\t\t\t\t\t\t<\/div>\n\t\t\t\t<\/div>\n\t\t<div class=\"elementor-element elementor-element-bfb8d54 e-con-full e-flex wpr-particle-no wpr-jarallax-no wpr-parallax-no wpr-sticky-section-no wpr-equal-height-no e-con e-parent\" data-id=\"bfb8d54\" data-element_type=\"container\" data-e-type=\"container\">\n\t\t\t\t<div class=\"elementor-element elementor-element-bd2bc5f elementor-widget elementor-widget-heading\" data-id=\"bd2bc5f\" data-element_type=\"widget\" data-e-type=\"widget\" data-widget_type=\"heading.default\">\n\t\t\t\t\t<h2 class=\"elementor-heading-title elementor-size-default\">Cura della pelle in inverno<\/h2>\t\t\t\t<\/div>\n\t\t\t\t<div class=\"elementor-element elementor-element-73c64b2 elementor-widget elementor-widget-image\" data-id=\"73c64b2\" data-element_type=\"widget\" data-e-type=\"widget\" data-widget_type=\"image.default\">\n\t\t\t\t\t\t\t\t\t\t\t\t\t\t\t<img fetchpriority=\"high\" decoding=\"async\" width=\"2481\" height=\"1748\" src=\"https:\/\/tal.ch\/wp-content\/uploads\/2025\/01\/Bild-Marina-Haut-Winter-01.png\" class=\"attachment-full size-full wp-image-14855\" alt=\"\" srcset=\"https:\/\/tal.ch\/wp-content\/uploads\/2025\/01\/Bild-Marina-Haut-Winter-01.png 2481w, https:\/\/tal.ch\/wp-content\/uploads\/2025\/01\/Bild-Marina-Haut-Winter-01-300x211.png 300w, https:\/\/tal.ch\/wp-content\/uploads\/2025\/01\/Bild-Marina-Haut-Winter-01-1024x721.png 1024w, https:\/\/tal.ch\/wp-content\/uploads\/2025\/01\/Bild-Marina-Haut-Winter-01-768x541.png 768w, https:\/\/tal.ch\/wp-content\/uploads\/2025\/01\/Bild-Marina-Haut-Winter-01-1536x1082.png 1536w, https:\/\/tal.ch\/wp-content\/uploads\/2025\/01\/Bild-Marina-Haut-Winter-01-2048x1443.png 2048w, https:\/\/tal.ch\/wp-content\/uploads\/2025\/01\/Bild-Marina-Haut-Winter-01-18x12.png 18w, https:\/\/tal.ch\/wp-content\/uploads\/2025\/01\/Bild-Marina-Haut-Winter-01-600x423.png 600w\" sizes=\"(max-width: 2481px) 100vw, 2481px\" \/>\t\t\t\t\t\t\t\t\t\t\t\t\t\t\t<\/div>\n\t\t\t\t<div class=\"elementor-element elementor-element-917554c elementor-widget elementor-widget-text-editor\" data-id=\"917554c\" data-element_type=\"widget\" data-e-type=\"widget\" data-widget_type=\"text-editor.default\">\n\t\t\t\t\t\t\t\t\t<p>L'inverno pone sfide particolari alla nostra pelle. Le temperature rigide, l'aria secca del riscaldamento e i frequenti lavaggi delle mani possono mettere a dura prova la pelle di mani, piedi e viso. In questo post vi diamo consigli completi sulla cura della pelle nella stagione fredda e vi mostriamo come potete proteggere e curare la vostra pelle in modo ottimale con i prodotti di alta qualit\u00e0 Tal.<\/p>\t\t\t\t\t\t\t\t<\/div>\n\t\t\t\t<\/div>\n\t\t<div class=\"elementor-element elementor-element-1cf9902 e-con-full e-flex wpr-particle-no wpr-jarallax-no wpr-parallax-no wpr-sticky-section-no wpr-equal-height-no e-con e-parent\" data-id=\"1cf9902\" data-element_type=\"container\" data-e-type=\"container\">\n\t\t\t\t<div class=\"elementor-element elementor-element-f5e3653 elementor-widget elementor-widget-heading\" data-id=\"f5e3653\" data-element_type=\"widget\" data-e-type=\"widget\" data-widget_type=\"heading.default\">\n\t\t\t\t\t<h3 class=\"elementor-heading-title elementor-size-default\">Le sfide della pelle invernale<span style=\"color: inherit;text-align: var(--text-align)\"><\/span><\/h3>\t\t\t\t<\/div>\n\t\t\t\t<div class=\"elementor-element elementor-element-4673dc4 elementor-widget elementor-widget-text-editor\" data-id=\"4673dc4\" data-element_type=\"widget\" data-e-type=\"widget\" data-widget_type=\"text-editor.default\">\n\t\t\t\t\t\t\t\t\t<p><span style=\"text-align: var(--text-align); font-size: 1rem;\"><b>Freddo<br \/><\/b><\/span><span style=\"text-align: var(--text-align); font-size: 1rem;\">Le temperature fredde restringono i vasi sanguigni, il che significa che la pelle \u00e8 meno rifornita di sangue e di sostanze nutritive.<\/span><\/p><p><strong>Aria secca<br \/><\/strong>Il riscaldamento dell'aria riduce l'umidit\u00e0 negli ambienti interni, con conseguente perdita di umidit\u00e0 dalla pelle.<\/p><p><strong>Lavaggio e sanificazione frequenti delle mani<br \/><\/strong>L'igiene \u00e8 particolarmente importante durante la stagione influenzale, ma lavaggi e disinfezioni frequenti possono seccare la pelle.<\/p>\t\t\t\t\t\t\t\t<\/div>\n\t\t\t\t<\/div>\n\t\t<div class=\"elementor-element elementor-element-7be880a e-con-full e-flex wpr-particle-no wpr-jarallax-no wpr-parallax-no wpr-sticky-section-no wpr-equal-height-no e-con e-parent\" data-id=\"7be880a\" data-element_type=\"container\" data-e-type=\"container\">\n\t\t\t\t<div class=\"elementor-element elementor-element-74ce353 elementor-widget elementor-widget-heading\" data-id=\"74ce353\" data-element_type=\"widget\" data-e-type=\"widget\" data-widget_type=\"heading.default\">\n\t\t\t\t\t<h3 class=\"elementor-heading-title elementor-size-default\">Cura del viso in inverno\n<\/h3>\t\t\t\t<\/div>\n\t\t\t\t<div class=\"elementor-element elementor-element-b2b4897 elementor-widget elementor-widget-text-editor\" data-id=\"b2b4897\" data-element_type=\"widget\" data-e-type=\"widget\" data-widget_type=\"text-editor.default\">\n\t\t\t\t\t\t\t\t\t<p><strong>Pulizia<\/strong><br \/>Una detersione delicata \u00e8 essenziale per evitare di distruggere la naturale barriera protettiva della pelle. Utilizzare acqua tiepida e prodotti detergenti delicati per rimuovere lo sporco e l'eccesso di sebo dalla pelle senza seccarla.<\/p><p><strong>Umidit\u00e0 e protezione<\/strong><br \/>Dopo la pulizia, la pelle ha bisogno di idratazione e protezione. La linea di trattamenti per il viso Tal Absolue offre soluzioni ottimali in questo caso. Combina principi attivi high-tech con estratti vegetali di alta montagna e protegge la pelle dagli influssi ambientali come i raggi UV e l'inquinamento.<\/p><p>Tal Absolue Day Care \u00e8 indicato per il giorno, per proteggere la pelle dalle sollecitazioni quotidiane. Di notte, Tal Absolue Night Care fornisce alla pelle nutrienti rigeneranti, idrata e sostiene la barriera cutanea.<\/p><p><strong>Cura speciale<\/strong><br \/>Per le pelli particolarmente secche o irritate, la Maschera SOS Calmante Immediata Tal Absolue pu\u00f2 avere un effetto calmante e fornire alla pelle un'idratazione intensa.<\/p>\t\t\t\t\t\t\t\t<\/div>\n\t\t\t\t<\/div>\n\t\t<div class=\"elementor-element elementor-element-e080875 e-con-full e-flex wpr-particle-no wpr-jarallax-no wpr-parallax-no wpr-sticky-section-no wpr-equal-height-no e-con e-parent\" data-id=\"e080875\" data-element_type=\"container\" data-e-type=\"container\">\n\t\t\t\t<div class=\"elementor-element elementor-element-2eda0e8 elementor-widget elementor-widget-heading\" data-id=\"2eda0e8\" data-element_type=\"widget\" data-e-type=\"widget\" data-widget_type=\"heading.default\">\n\t\t\t\t\t<h3 class=\"elementor-heading-title elementor-size-default\">Cura delle mani in inverno<span style=\"color: inherit;text-align: var(--text-align)\"><\/span><\/h3>\t\t\t\t<\/div>\n\t\t\t\t<div class=\"elementor-element elementor-element-917bdcb elementor-widget elementor-widget-text-editor\" data-id=\"917bdcb\" data-element_type=\"widget\" data-e-type=\"widget\" data-widget_type=\"text-editor.default\">\n\t\t\t\t\t\t\t\t\t<p><strong>Protezione e cura<\/strong><br \/>Le nostre mani sono particolarmente esposte in inverno e hanno quindi bisogno di cure speciali. Tal Med Crema Mani Riparatrice Esclusiva \u00e8 ideale per la pelle screpolata e irritata di mani e gomiti. Contiene estratti vegetali di alta qualit\u00e0 come la stella alpina, nota per il suo effetto antiossidante, e offre una cura intensiva per le mani fortemente stressate.<\/p><p><strong>Disinfezione e igiene<\/strong><br \/>Durante la stagione influenzale \u00e8 essenziale lavare e igienizzare frequentemente le mani. Si consiglia di utilizzare Tal Med Lozione Lavamani per evitare di sollecitare troppo la pelle. \u00c8 adatto per la pulizia di pelli sensibili e soggette ad allergie e protegge la pelle dalla secchezza.<\/p><p><strong>Terapia intensiva<\/strong><br \/>La Maschera riparatrice per le mani Tal Med \u00e8 ideale per le sessioni intermedie di trattamento profondo. Questa maschera per le mani a forma di guanto ha un effetto immediato sulla pelle screpolata e stressata e pu\u00f2 essere utilizzata regolarmente per mantenere la pelle elastica.<\/p>\t\t\t\t\t\t\t\t<\/div>\n\t\t\t\t<\/div>\n\t\t<div class=\"elementor-element elementor-element-c83e106 e-con-full e-flex wpr-particle-no wpr-jarallax-no wpr-parallax-no wpr-sticky-section-no wpr-equal-height-no e-con e-parent\" data-id=\"c83e106\" data-element_type=\"container\" data-e-type=\"container\">\n\t\t\t\t<div class=\"elementor-element elementor-element-af962c1 elementor-widget elementor-widget-heading\" data-id=\"af962c1\" data-element_type=\"widget\" data-e-type=\"widget\" data-widget_type=\"heading.default\">\n\t\t\t\t\t<h3 class=\"elementor-heading-title elementor-size-default\">Cura dei piedi in inverno<span style=\"color: inherit;text-align: var(--text-align)\"><\/span><\/h3>\t\t\t\t<\/div>\n\t\t\t\t<div class=\"elementor-element elementor-element-51b9d06 elementor-widget elementor-widget-text-editor\" data-id=\"51b9d06\" data-element_type=\"widget\" data-e-type=\"widget\" data-widget_type=\"text-editor.default\">\n\t\t\t\t\t\t\t\t\t<p><strong>Cura quotidiana<\/strong><br \/>Anche i piedi meritano un'attenzione particolare in inverno. Tal Foot Care Cream offre una cura intensiva con urea e sostanze vegetali attive che ammorbidiscono la pelle secca e callosa.<\/p><p><strong>Trattamento intensivo<\/strong><br \/>Tal Foot Care Balm \u00e8 consigliato per le pelli fortemente callose e screpolate. Questo prodotto SOS contiene calendula, arnica e aghi di pino, che hanno un effetto rigenerante e nutrono intensamente la pelle.<\/p><p><strong>Maschere per i piedi<\/strong><br \/>Per una dose extra di cura, \u00e8 possibile utilizzare la maschera riparatrice per piedi Tal Med. Offre un effetto immediato per i piedi screpolati e stressati e pu\u00f2 essere usata regolarmente per mantenere la pelle morbida ed elastica.<\/p>\t\t\t\t\t\t\t\t<\/div>\n\t\t\t\t<\/div>\n\t\t<div class=\"elementor-element elementor-element-7c14c4f e-con-full e-flex wpr-particle-no wpr-jarallax-no wpr-parallax-no wpr-sticky-section-no wpr-equal-height-no e-con e-parent\" data-id=\"7c14c4f\" data-element_type=\"container\" data-e-type=\"container\">\n\t\t\t\t<div class=\"elementor-element elementor-element-8c311f4 elementor-widget elementor-widget-heading\" data-id=\"8c311f4\" data-element_type=\"widget\" data-e-type=\"widget\" data-widget_type=\"heading.default\">\n\t\t\t\t\t<h3 class=\"elementor-heading-title elementor-size-default\">Protezione e prevenzione del freddo<span style=\"color: inherit;text-align: var(--text-align)\"><\/span><\/h3>\t\t\t\t<\/div>\n\t\t\t\t<div class=\"elementor-element elementor-element-6109bb2 elementor-widget elementor-widget-text-editor\" data-id=\"6109bb2\" data-element_type=\"widget\" data-e-type=\"widget\" data-widget_type=\"text-editor.default\">\n\t\t\t\t\t\t\t\t\t<p><strong>Abbigliamento<\/strong><br>Proteggete la pelle dal freddo indossando guanti, calze calde e sciarpe. I materiali naturali, come la lana o il cotone, sono particolarmente indicati perch\u00e9 permettono alla pelle di respirare e di assorbire l'umidit\u00e0.<\/p>\n<p><strong>Alimentazione e assunzione di liquidi<\/strong><br>Un'alimentazione equilibrata con una quantit\u00e0 sufficiente di vitamine e minerali sostiene la pelle dall'interno. Bevete anche acqua a sufficienza.<\/p>\n<p><strong>Clima interno<\/strong><br>Assicurarsi che la temperatura dell'ambiente sia moderata e, se necessario, utilizzare umidificatori per aumentare l'umidit\u00e0. In questo modo si evita che la pelle si secchi a causa del riscaldamento dell'aria.<\/p>\t\t\t\t\t\t\t\t<\/div>\n\t\t\t\t<\/div>\n\t\t<div class=\"elementor-element elementor-element-8a8c4ac e-con-full e-flex wpr-particle-no wpr-jarallax-no wpr-parallax-no wpr-sticky-section-no wpr-equal-height-no e-con e-parent\" data-id=\"8a8c4ac\" data-element_type=\"container\" data-e-type=\"container\">\n\t\t\t\t<div class=\"elementor-element elementor-element-73216b2 elementor-widget elementor-widget-heading\" data-id=\"73216b2\" data-element_type=\"widget\" data-e-type=\"widget\" data-widget_type=\"heading.default\">\n\t\t\t\t\t<h3 class=\"elementor-heading-title elementor-size-default\">Conclusione<\/h3>\t\t\t\t<\/div>\n\t\t\t\t<div class=\"elementor-element elementor-element-5394135 elementor-widget elementor-widget-text-editor\" data-id=\"5394135\" data-element_type=\"widget\" data-e-type=\"widget\" data-widget_type=\"text-editor.default\">\n\t\t\t\t\t\t\t\t\t<p>La cura della pelle in inverno richiede un'attenzione particolare, soprattutto per mani, piedi e viso. Con i prodotti di alta qualit\u00e0 di Tal, potete proteggere e curare la vostra pelle in modo ottimale. Ricordate di idratarvi regolarmente, di proteggere la pelle dal freddo e di mantenere uno stile di vita sano. In questo modo supererete la stagione fredda con una pelle luminosa e sana.<\/p>\t\t\t\t\t\t\t\t<\/div>\n\t\t\t\t<div class=\"elementor-element elementor-element-b1ea16d elementor-widget elementor-widget-text-editor\" data-id=\"b1ea16d\" data-element_type=\"widget\" data-e-type=\"widget\" data-widget_type=\"text-editor.default\">\n\t\t\t\t\t\t\t\t\t<p>Chiedete un consiglio alla vostra farmacia o drogheria di fiducia o consultate il nostro negozio online.<\/p>\t\t\t\t\t\t\t\t<\/div>\n\t\t\t\t<\/div>\n\t\t<div class=\"elementor-element elementor-element-051d64b e-flex e-con-boxed wpr-particle-no wpr-jarallax-no wpr-parallax-no wpr-sticky-section-no wpr-equal-height-no e-con e-parent\" data-id=\"051d64b\" data-element_type=\"container\" data-e-type=\"container\">\n\t\t\t\t\t<div class=\"e-con-inner\">\n\t\t\t\t<div class=\"elementor-element elementor-element-f61bf86 elementor-align-center elementor-widget elementor-widget-button\" data-id=\"f61bf86\" data-element_type=\"widget\" data-e-type=\"widget\" data-widget_type=\"button.default\">\n\t\t\t\t\t\t\t\t\t\t<a class=\"elementor-button elementor-button-link elementor-size-sm\" href=\"https:\/\/shop.parsenn-produkte.ch\/collections\/tal\">\n\t\t\t\t\t\t<span class=\"elementor-button-content-wrapper\">\n\t\t\t\t\t\t\t\t\t<span class=\"elementor-button-text\">Al negozio web<\/span>\n\t\t\t\t\t<\/span>\n\t\t\t\t\t<\/a>\n\t\t\t\t\t\t\t\t<\/div>\n\t\t\t\t\t<\/div>\n\t\t\t\t<\/div>\n\t\t<div class=\"elementor-element elementor-element-c6b0626 e-con-full e-flex wpr-particle-no wpr-jarallax-no wpr-parallax-no wpr-sticky-section-no wpr-equal-height-no e-con e-parent\" data-id=\"c6b0626\" data-element_type=\"container\" data-e-type=\"container\" data-settings=\"{&quot;background_background&quot;:&quot;classic&quot;}\">\n\t\t\t\t<div class=\"elementor-element elementor-element-c11ada0 elementor-post-navigation-borders-yes elementor-widget elementor-widget-global elementor-global-9032 elementor-widget-post-navigation\" data-id=\"c11ada0\" data-element_type=\"widget\" data-e-type=\"widget\" data-widget_type=\"post-navigation.default\">\n\t\t\t\t\t\t\t<div class=\"elementor-post-navigation\" role=\"navigation\" aria-label=\"Navigazione dell&#039;articolo\">\n\t\t\t<div class=\"elementor-post-navigation__prev elementor-post-navigation__link\">\n\t\t\t\t<a href=\"https:\/\/tal.ch\/it\/schenken-sie-gesunde-haut-zu-weihnachten\/\" rel=\"prev\"><span class=\"post-navigation__arrow-wrapper post-navigation__arrow-prev\"><svg aria-hidden=\"true\" class=\"e-font-icon-svg e-fas-angle-left\" viewbox=\"0 0 256 512\" xmlns=\"http:\/\/www.w3.org\/2000\/svg\"><path d=\"M31.7 239l136-136c9.4-9.4 24.6-9.4 33.9 0l22.6 22.6c9.4 9.4 9.4 24.6 0 33.9L127.9 256l96.4 96.4c9.4 9.4 9.4 24.6 0 33.9L201.7 409c-9.4 9.4-24.6 9.4-33.9 0l-136-136c-9.5-9.4-9.5-24.6-.1-34z\"><\/path><\/svg><span class=\"elementor-screen-only\">Precedente<\/span><\/span><span class=\"elementor-post-navigation__link__prev\"><span class=\"post-navigation__prev--label\">Precedente<\/span><span class=\"post-navigation__prev--title\">Regalate una pelle sana!<\/span><\/span><\/a>\t\t\t<\/div>\n\t\t\t\t\t\t\t<div class=\"elementor-post-navigation__separator-wrapper\">\n\t\t\t\t\t<div class=\"elementor-post-navigation__separator\"><\/div>\n\t\t\t\t<\/div>\n\t\t\t\t\t\t<div class=\"elementor-post-navigation__next elementor-post-navigation__link\">\n\t\t\t\t<a href=\"https:\/\/tal.ch\/it\/hautpflege-beim-wintersport\/\" rel=\"next\"><span class=\"elementor-post-navigation__link__next\"><span class=\"post-navigation__next--label\">Avanti<\/span><span class=\"post-navigation__next--title\">Cura della pelle per gli sport invernali<\/span><\/span><span class=\"post-navigation__arrow-wrapper post-navigation__arrow-next\"><svg aria-hidden=\"true\" class=\"e-font-icon-svg e-fas-angle-right\" viewbox=\"0 0 256 512\" xmlns=\"http:\/\/www.w3.org\/2000\/svg\"><path d=\"M224.3 273l-136 136c-9.4 9.4-24.6 9.4-33.9 0l-22.6-22.6c-9.4-9.4-9.4-24.6 0-33.9l96.4-96.4-96.4-96.4c-9.4-9.4-9.4-24.6 0-33.9L54.3 103c9.4-9.4 24.6-9.4 33.9 0l136 136c9.5 9.4 9.5 24.6.1 34z\"><\/path><\/svg><span class=\"elementor-screen-only\">Successivo<\/span><\/span><\/a>\t\t\t<\/div>\n\t\t<\/div>\n\t\t\t\t\t\t<\/div>\n\t\t\t\t<\/div>\n\t\t<div class=\"elementor-element elementor-element-c8e97a1 e-flex e-con-boxed wpr-particle-no wpr-jarallax-no wpr-parallax-no wpr-sticky-section-no wpr-equal-height-no e-con e-parent\" data-id=\"c8e97a1\" data-element_type=\"container\" data-e-type=\"container\">\n\t\t\t\t\t<div class=\"e-con-inner\">\n\t\t\t\t<div class=\"elementor-element elementor-element-e27732d elementor-widget elementor-widget-spacer\" data-id=\"e27732d\" data-element_type=\"widget\" data-e-type=\"widget\" data-widget_type=\"spacer.default\">\n\t\t\t\t\t\t\t<div class=\"elementor-spacer\">\n\t\t\t<div class=\"elementor-spacer-inner\"><\/div>\n\t\t<\/div>\n\t\t\t\t\t\t<\/div>\n\t\t\t\t\t<\/div>\n\t\t\t\t<\/div>\n\t\t\t\t<\/div>","protected":false},"excerpt":{"rendered":"<p>Cura della pelle in inverno L'inverno pone sfide particolari alla nostra pelle. Le temperature rigide, l'aria secca del riscaldamento e i frequenti lavaggi delle mani possono mettere a dura prova la pelle di mani, piedi e viso. In questo post vi diamo consigli completi sulla cura della pelle nella stagione fredda e vi mostriamo come potete proteggere e curare la vostra pelle in modo ottimale con i prodotti di alta qualit\u00e0 Tal. Le sfide della pelle in inverno Il freddoLe temperature rigide restringono i vasi sanguigni, il che significa che la pelle riceve meno sangue e sostanze nutritive. Aria seccaIl riscaldamento dell'aria riduce l'umidit\u00e0 negli ambienti interni, con conseguente perdita di umidit\u00e0 dalla pelle. Lavaggio e sanificazione frequenti delle maniL'igiene \u00e8 particolarmente importante durante la stagione influenzale, ma lavaggi e sanificazioni frequenti possono seccare la pelle. Cura del viso in inverno DetergereLa detersione delicata \u00e8 essenziale per evitare di distruggere la naturale barriera protettiva della pelle. Utilizzate acqua tiepida e prodotti detergenti delicati per rimuovere lo sporco e il sebo in eccesso dalla pelle senza seccarla. Idratare e proteggereDopo la pulizia, la pelle ha bisogno di idratazione e protezione. La linea di trattamenti per il viso Tal Absolue offre soluzioni ottimali. Combina principi attivi high-tech con estratti vegetali di alta montagna e protegge la pelle dagli influssi ambientali come i raggi UV e l'inquinamento. Tal Absolue Day Care \u00e8 consigliata per il giorno, per proteggere la pelle dalle sollecitazioni quotidiane. Di notte, Tal Absolue Night Care fornisce alla pelle nutrienti rigeneranti, idrata e sostiene la barriera cutanea. Cura specialePer pelli particolarmente secche o irritate, la Maschera SOS Calmante Immediata Tal Absolue pu\u00f2 avere un effetto calmante e idratare intensamente la pelle. Cura delle mani in inverno Protezione e curaLe nostre mani sono particolarmente esposte in inverno e hanno quindi bisogno di cure speciali. Tal Med Crema Mani Riparatrice Esclusiva \u00e8 ideale per la pelle screpolata e irritata di mani e gomiti. Contiene estratti vegetali di alta qualit\u00e0 come la stella alpina, nota per il suo effetto antiossidante, e offre una cura intensiva per le mani fortemente stressate. Disinfezione e igieneNella stagione influenzale \u00e8 essenziale lavare e disinfettare frequentemente le mani. Si consiglia di utilizzare Tal Med Lozione Lavamani per non stressare troppo la pelle. \u00c8 adatto alla pulizia di pelli sensibili e allergiche e protegge la pelle dalla secchezza. Trattamento intensivoLa Maschera riparatrice per le mani Tal Med \u00e8 ideale per le sessioni intermedie di trattamento profondo. Questa maschera per le mani a forma di guanto ha un effetto immediato sulla pelle screpolata e stressata e pu\u00f2 essere utilizzata regolarmente per mantenere la pelle elastica. Cura dei piedi in inverno Cura quotidianaI piedi meritano un'attenzione particolare anche in inverno. Tal Foot Care Cream offre una cura intensiva con urea e sostanze vegetali attive che ammorbidiscono la pelle secca e callosa. Trattamento intensivoIl Tal Foot Care Balm \u00e8 consigliato per la pelle fortemente cheratinizzata e screpolata. Questo trattamento SOS contiene calendula, arnica e aghi di pino, che hanno un effetto rigenerante e nutrono intensamente la pelle. Maschere per i piediPer una dose extra di cura, \u00e8 possibile utilizzare la maschera per i piedi Tal Med Repair. Offre un effetto immediato per i piedi screpolati e stressati e pu\u00f2 essere utilizzata regolarmente per mantenere la pelle morbida ed elastica. Protezione dal freddo e abbigliamento di prevenzioneProteggete la pelle dal freddo indossando guanti, calze calde e sciarpe. Sono particolarmente indicati i materiali naturali come la lana o il cotone, che lasciano traspirare la pelle e assorbono l'umidit\u00e0. Alimentazione e idratazioneUn'alimentazione equilibrata con una quantit\u00e0 sufficiente di vitamine e minerali sostiene la pelle dall'interno. Bevete anche acqua a sufficienza. Clima ambientaleAssicurare una temperatura ambiente moderata e, se necessario, utilizzare umidificatori per aumentare l'umidit\u00e0. In questo modo si evita che la pelle si secchi a causa dell'aria calda. ConclusioneLa cura della pelle in inverno richiede un'attenzione particolare, soprattutto per mani, piedi e viso. Con i prodotti di alta qualit\u00e0 di Tal, potete proteggere e curare la vostra pelle in modo ottimale. Ricordate di idratarvi regolarmente, di proteggere la pelle dal freddo e di mantenere uno stile di vita sano. In questo modo supererete la stagione fredda con una pelle luminosa e sana. Chiedete un consiglio nella vostra farmacia o drogheria di fiducia o consultate il nostro negozio online. Al negozio online<\/p>","protected":false},"author":2,"featured_media":14855,"comment_status":"closed","ping_status":"closed","sticky":false,"template":"elementor_header_footer","format":"standard","meta":{"footnotes":""},"categories":[1],"tags":[],"class_list":["post-14843","post","type-post","status-publish","format-standard","has-post-thumbnail","hentry","category-uncategorized"],"yoast_head":"<!-- This site is optimized with the Yoast SEO plugin v27.4 - https:\/\/yoast.com\/product\/yoast-seo-wordpress\/ -->\n<title>Hautpflege im Winter - Tal<\/title>\n<meta name=\"robots\" content=\"index, follow, max-snippet:-1, max-image-preview:large, max-video-preview:-1\" \/>\n<link rel=\"canonical\" href=\"https:\/\/tal.ch\/it\/richtige-hautpflege-im-winter\/\" \/>\n<meta property=\"og:locale\" content=\"it_IT\" \/>\n<meta property=\"og:type\" content=\"article\" \/>\n<meta property=\"og:title\" content=\"Hautpflege im Winter - Tal\" \/>\n<meta property=\"og:description\" content=\"Hautpflege im Winter Der Winter stellt unsere Haut vor besondere Herausforderungen. Kalte Temperaturen, trockene Heizungsluft und h\u00e4ufiges H\u00e4ndewaschen k\u00f6nnen die Haut an H\u00e4nden, F\u00fcssen und im Gesicht stark beanspruchen. In diesem Blogbeitrag geben wir Ihnen umfassende Tipps zur Hautpflege in der kalten Jahreszeit und zeigen, wie Sie mit den hochwertigen Produkten von Tal Ihre Haut optimal sch\u00fctzen und pflegen k\u00f6nnen. Die Herausforderungen der Winterhaut K\u00e4lteKalte Temperaturen verengen die Blutgef\u00e4sse, wodurch die Haut schlechter durchblutet und weniger mit N\u00e4hrstoffen versorgt wird. Trockene LuftHeizungsluft reduziert die Luftfeuchtigkeit in Innenr\u00e4umen, was zu Feuchtigkeitsverlust der Haut f\u00fchrt. H\u00e4ufiges H\u00e4ndewaschen und DesinfizierenBesonders in der Grippesaison ist Hygiene wichtig, doch h\u00e4ufiges Waschen und Desinfizieren kann die Haut austrocknen. Gesichtspflege im Winter ReinigungEine milde Reinigung ist essenziell, um die nat\u00fcrliche Schutzbarriere der Haut nicht zu zerst\u00f6ren. Verwenden Sie lauwarmes Wasser und sanfte Reinigungsprodukte, um die Haut von Schmutz und \u00fcbersch\u00fcssigem Talg zu befreien, ohne sie auszutrocknen. Feuchtigkeit und SchutzNach der Reinigung ben\u00f6tigt die Haut Feuchtigkeit und Schutz. Die Gesichtspflegelinie Tal Absolue bietet hier optimale L\u00f6sungen. Sie kombiniert Hightech-Wirkstoffe mit hochalpinen Pflanzenextrakten und sch\u00fctzt die Haut vor Umwelteinfl\u00fcssen wie UV-Strahlung und Umweltverschmutzung. F\u00fcr den Tag empfiehlt sich die Tal Absolue Tagespflege, die die Haut vor t\u00e4glichen Belastungen sch\u00fctzt. In der Nacht versorgt die Tal Absolue Nachtpflege die Haut mit regenerierenden N\u00e4hrstoffen, spendet Feuchtigkeit und unterst\u00fctzt die Hautbarriere. Spezielle PflegeBei besonders trockener oder irritierter Haut kann die Tal Absolue Immediate Calming SOS Mask beruhigend wirken und der Haut intensive Feuchtigkeit spenden. Handpflege im Winter Schutz und PflegeUnsere H\u00e4nde sind im Winter besonders exponiert und ben\u00f6tigen daher spezielle Pflege. Die Tal Med Handcreme Repair Exklusiv ist ideal f\u00fcr rissige und spr\u00f6de Haut an H\u00e4nden und Ellenbogen. Sie enth\u00e4lt hochwertige Pflanzenextrakte wie Edelweiss, die f\u00fcr ihre antioxidative Wirkung bekannt sind, und bietet intensive Pflege f\u00fcr stark beanspruchte H\u00e4nde. Desinfektion und HygieneIn der Grippesaison ist h\u00e4ufiges H\u00e4ndewaschen und Desinfizieren unerl\u00e4sslich. Um die Haut dabei nicht zu sehr zu belasten, empfiehlt sich die Verwendung der Tal Med Hand Waschlotion. Sie ist f\u00fcr die Reinigung empfindlicher und zu Allergien neigender Haut geeignet und sch\u00fctzt die Haut vor dem Austrocknen. Intensive PflegeF\u00fcr eine tiefenwirksame Pflege zwischendurch bietet sich die Tal Med Handmaske Repair an. Diese Handmaske in Handschuh-Form sorgt f\u00fcr einen Soforteffekt bei rissiger und beanspruchter Haut und kann regelm\u00e4ssig angewendet werden, um die Haut geschmeidig zu halten. Fusspflege im Winter T\u00e4gliche PflegeAuch die F\u00fcsse verdienen im Winter besondere Aufmerksamkeit. Die Tal Fusspflege Creme bietet intensive Pflege mit Urea und aktiven Pflanzenstoffen, die trockene und verhornte Haut geschmeidig machen. Intensive BehandlungBei stark verhornter und rissiger Haut empfiehlt sich der Tal Fusspflege Balsam. Diese SOS-Pflege enth\u00e4lt Ringelblume, Arnika und Kiefernadel, die regenerierend wirken und die Haut intensiv pflegen. FussmaskenF\u00fcr eine Extraportion Pflege k\u00f6nnen Sie die Tal Med Fussmaske Repair verwenden. Sie bietet einen Soforteffekt f\u00fcr rissige und beanspruchte F\u00fcsse und kann regelm\u00e4ssig angewendet werden, um die Haut weich und geschmeidig zu halten. K\u00e4lteschutz und Pr\u00e4vention KleidungSch\u00fctzen Sie Ihre Haut vor K\u00e4lte, indem Sie Handschuhe, warme Socken und Schals tragen. Nat\u00fcrliche Materialien wie Wolle oder Baumwolle sind dabei besonders empfehlenswert, da sie die Haut atmen lassen und Feuchtigkeit ableiten. Ern\u00e4hrung und Fl\u00fcssigkeitszufuhrEine ausgewogene Ern\u00e4hrung mit ausreichend Vitaminen und Mineralstoffen unterst\u00fctzt die Haut von innen. Trinken Sie zudem gen\u00fcgend Wasser. RaumklimaAchten Sie auf eine moderate Raumtemperatur und verwenden Sie bei Bedarf Luftbefeuchter, um die Luftfeuchtigkeit zu erh\u00f6hen. Dies verhindert das Austrocknen der Haut durch Heizungsluft Fazit Die Hautpflege im Winter erfordert besondere Aufmerksamkeit, insbesondere f\u00fcr H\u00e4nde, F\u00fcsse und Gesicht. Mit den hochwertigen Produkten von Tal k\u00f6nnen Sie Ihre Haut optimal sch\u00fctzen und pflegen. Denken Sie daran, regelm\u00e4ssig Feuchtigkeit zu spenden, die Haut vor K\u00e4lte zu sch\u00fctzen und auf eine gesunde Lebensweise zu achten. So kommen Sie mit strahlender und gesunder Haut durch die kalte Jahreszeit. Lassen Sie sich in der Apotheke oder Drogerie Ihres Vertrauens beraten oder st\u00f6bern Sie auf unserem Webshop. Zum Webshop\" \/>\n<meta property=\"og:url\" content=\"https:\/\/tal.ch\/it\/richtige-hautpflege-im-winter\/\" \/>\n<meta property=\"og:site_name\" content=\"Tal\" \/>\n<meta property=\"article:publisher\" content=\"https:\/\/www.facebook.com\/tal.schweiz\/\" \/>\n<meta property=\"article:published_time\" content=\"2025-01-14T10:01:00+00:00\" \/>\n<meta property=\"article:modified_time\" content=\"2025-01-14T10:05:03+00:00\" \/>\n<meta property=\"og:image\" content=\"https:\/\/tal.ch\/wp-content\/uploads\/2025\/01\/Bild-Marina-Haut-Winter-01-1024x721.png\" \/>\n\t<meta property=\"og:image:width\" content=\"1024\" \/>\n\t<meta property=\"og:image:height\" content=\"721\" \/>\n\t<meta property=\"og:image:type\" content=\"image\/png\" \/>\n<meta name=\"author\" content=\"Raphael\" \/>\n<meta name=\"twitter:card\" content=\"summary_large_image\" \/>\n<meta name=\"twitter:label1\" content=\"Scritto da\" \/>\n\t<meta name=\"twitter:data1\" content=\"Raphael\" \/>\n\t<meta name=\"twitter:label2\" content=\"Tempo di lettura stimato\" \/>\n\t<meta name=\"twitter:data2\" content=\"4 minuti\" \/>\n<script type=\"application\/ld+json\" class=\"yoast-schema-graph\">{\"@context\":\"https:\\\/\\\/schema.org\",\"@graph\":[{\"@type\":\"Article\",\"@id\":\"https:\\\/\\\/tal.ch\\\/richtige-hautpflege-im-winter\\\/#article\",\"isPartOf\":{\"@id\":\"https:\\\/\\\/tal.ch\\\/richtige-hautpflege-im-winter\\\/\"},\"author\":{\"name\":\"Raphael\",\"@id\":\"https:\\\/\\\/tal.ch\\\/#\\\/schema\\\/person\\\/8b9ffa10e1447c63c33b560fa799799c\"},\"headline\":\"Hautpflege im Winter\",\"datePublished\":\"2025-01-14T10:01:00+00:00\",\"dateModified\":\"2025-01-14T10:05:03+00:00\",\"mainEntityOfPage\":{\"@id\":\"https:\\\/\\\/tal.ch\\\/richtige-hautpflege-im-winter\\\/\"},\"wordCount\":726,\"publisher\":{\"@id\":\"https:\\\/\\\/tal.ch\\\/#organization\"},\"image\":{\"@id\":\"https:\\\/\\\/tal.ch\\\/richtige-hautpflege-im-winter\\\/#primaryimage\"},\"thumbnailUrl\":\"https:\\\/\\\/tal.ch\\\/wp-content\\\/uploads\\\/2025\\\/01\\\/Bild-Marina-Haut-Winter-01.png\",\"articleSection\":[\"Uncategorized\"],\"inLanguage\":\"it-IT\"},{\"@type\":\"WebPage\",\"@id\":\"https:\\\/\\\/tal.ch\\\/richtige-hautpflege-im-winter\\\/\",\"url\":\"https:\\\/\\\/tal.ch\\\/richtige-hautpflege-im-winter\\\/\",\"name\":\"Hautpflege im Winter - Tal\",\"isPartOf\":{\"@id\":\"https:\\\/\\\/tal.ch\\\/#website\"},\"primaryImageOfPage\":{\"@id\":\"https:\\\/\\\/tal.ch\\\/richtige-hautpflege-im-winter\\\/#primaryimage\"},\"image\":{\"@id\":\"https:\\\/\\\/tal.ch\\\/richtige-hautpflege-im-winter\\\/#primaryimage\"},\"thumbnailUrl\":\"https:\\\/\\\/tal.ch\\\/wp-content\\\/uploads\\\/2025\\\/01\\\/Bild-Marina-Haut-Winter-01.png\",\"datePublished\":\"2025-01-14T10:01:00+00:00\",\"dateModified\":\"2025-01-14T10:05:03+00:00\",\"breadcrumb\":{\"@id\":\"https:\\\/\\\/tal.ch\\\/richtige-hautpflege-im-winter\\\/#breadcrumb\"},\"inLanguage\":\"it-IT\",\"potentialAction\":[{\"@type\":\"ReadAction\",\"target\":[\"https:\\\/\\\/tal.ch\\\/richtige-hautpflege-im-winter\\\/\"]}]},{\"@type\":\"ImageObject\",\"inLanguage\":\"it-IT\",\"@id\":\"https:\\\/\\\/tal.ch\\\/richtige-hautpflege-im-winter\\\/#primaryimage\",\"url\":\"https:\\\/\\\/tal.ch\\\/wp-content\\\/uploads\\\/2025\\\/01\\\/Bild-Marina-Haut-Winter-01.png\",\"contentUrl\":\"https:\\\/\\\/tal.ch\\\/wp-content\\\/uploads\\\/2025\\\/01\\\/Bild-Marina-Haut-Winter-01.png\",\"width\":2481,\"height\":1748},{\"@type\":\"BreadcrumbList\",\"@id\":\"https:\\\/\\\/tal.ch\\\/richtige-hautpflege-im-winter\\\/#breadcrumb\",\"itemListElement\":[{\"@type\":\"ListItem\",\"position\":1,\"name\":\"Startseite\",\"item\":\"https:\\\/\\\/tal.ch\\\/\"},{\"@type\":\"ListItem\",\"position\":2,\"name\":\"Hautpflege im Winter\"}]},{\"@type\":\"WebSite\",\"@id\":\"https:\\\/\\\/tal.ch\\\/#website\",\"url\":\"https:\\\/\\\/tal.ch\\\/\",\"name\":\"Tal\",\"description\":\"Pflanzenextrakte von h\u00f6chster Qualit\u00e4t\",\"publisher\":{\"@id\":\"https:\\\/\\\/tal.ch\\\/#organization\"},\"potentialAction\":[{\"@type\":\"SearchAction\",\"target\":{\"@type\":\"EntryPoint\",\"urlTemplate\":\"https:\\\/\\\/tal.ch\\\/?s={search_term_string}\"},\"query-input\":{\"@type\":\"PropertyValueSpecification\",\"valueRequired\":true,\"valueName\":\"search_term_string\"}}],\"inLanguage\":\"it-IT\"},{\"@type\":\"Organization\",\"@id\":\"https:\\\/\\\/tal.ch\\\/#organization\",\"name\":\"Tal\",\"url\":\"https:\\\/\\\/tal.ch\\\/\",\"logo\":{\"@type\":\"ImageObject\",\"inLanguage\":\"it-IT\",\"@id\":\"https:\\\/\\\/tal.ch\\\/#\\\/schema\\\/logo\\\/image\\\/\",\"url\":\"https:\\\/\\\/tal.ch\\\/wp-content\\\/uploads\\\/2024\\\/02\\\/Logo-Tal.png\",\"contentUrl\":\"https:\\\/\\\/tal.ch\\\/wp-content\\\/uploads\\\/2024\\\/02\\\/Logo-Tal.png\",\"width\":100,\"height\":157,\"caption\":\"Tal\"},\"image\":{\"@id\":\"https:\\\/\\\/tal.ch\\\/#\\\/schema\\\/logo\\\/image\\\/\"},\"sameAs\":[\"https:\\\/\\\/www.facebook.com\\\/tal.schweiz\\\/\"]},{\"@type\":\"Person\",\"@id\":\"https:\\\/\\\/tal.ch\\\/#\\\/schema\\\/person\\\/8b9ffa10e1447c63c33b560fa799799c\",\"name\":\"Raphael\",\"image\":{\"@type\":\"ImageObject\",\"inLanguage\":\"it-IT\",\"@id\":\"https:\\\/\\\/secure.gravatar.com\\\/avatar\\\/c7b37db84d350dcdacf9fa51c2818cce6ba2e874e3a6f666047ca5a022512106?s=96&d=mm&r=g\",\"url\":\"https:\\\/\\\/secure.gravatar.com\\\/avatar\\\/c7b37db84d350dcdacf9fa51c2818cce6ba2e874e3a6f666047ca5a022512106?s=96&d=mm&r=g\",\"contentUrl\":\"https:\\\/\\\/secure.gravatar.com\\\/avatar\\\/c7b37db84d350dcdacf9fa51c2818cce6ba2e874e3a6f666047ca5a022512106?s=96&d=mm&r=g\",\"caption\":\"Raphael\"},\"url\":\"https:\\\/\\\/tal.ch\\\/it\\\/author\\\/raphael\\\/\"}]}<\/script>\n<!-- \/ Yoast SEO plugin. -->","yoast_head_json":{"title":"Cura della pelle in inverno - Valle","robots":{"index":"index","follow":"follow","max-snippet":"max-snippet:-1","max-image-preview":"max-image-preview:large","max-video-preview":"max-video-preview:-1"},"canonical":"https:\/\/tal.ch\/it\/richtige-hautpflege-im-winter\/","og_locale":"it_IT","og_type":"article","og_title":"Hautpflege im Winter - Tal","og_description":"Hautpflege im Winter Der Winter stellt unsere Haut vor besondere Herausforderungen. Kalte Temperaturen, trockene Heizungsluft und h\u00e4ufiges H\u00e4ndewaschen k\u00f6nnen die Haut an H\u00e4nden, F\u00fcssen und im Gesicht stark beanspruchen. In diesem Blogbeitrag geben wir Ihnen umfassende Tipps zur Hautpflege in der kalten Jahreszeit und zeigen, wie Sie mit den hochwertigen Produkten von Tal Ihre Haut optimal sch\u00fctzen und pflegen k\u00f6nnen. Die Herausforderungen der Winterhaut K\u00e4lteKalte Temperaturen verengen die Blutgef\u00e4sse, wodurch die Haut schlechter durchblutet und weniger mit N\u00e4hrstoffen versorgt wird. Trockene LuftHeizungsluft reduziert die Luftfeuchtigkeit in Innenr\u00e4umen, was zu Feuchtigkeitsverlust der Haut f\u00fchrt. H\u00e4ufiges H\u00e4ndewaschen und DesinfizierenBesonders in der Grippesaison ist Hygiene wichtig, doch h\u00e4ufiges Waschen und Desinfizieren kann die Haut austrocknen. Gesichtspflege im Winter ReinigungEine milde Reinigung ist essenziell, um die nat\u00fcrliche Schutzbarriere der Haut nicht zu zerst\u00f6ren. Verwenden Sie lauwarmes Wasser und sanfte Reinigungsprodukte, um die Haut von Schmutz und \u00fcbersch\u00fcssigem Talg zu befreien, ohne sie auszutrocknen. Feuchtigkeit und SchutzNach der Reinigung ben\u00f6tigt die Haut Feuchtigkeit und Schutz. Die Gesichtspflegelinie Tal Absolue bietet hier optimale L\u00f6sungen. Sie kombiniert Hightech-Wirkstoffe mit hochalpinen Pflanzenextrakten und sch\u00fctzt die Haut vor Umwelteinfl\u00fcssen wie UV-Strahlung und Umweltverschmutzung. F\u00fcr den Tag empfiehlt sich die Tal Absolue Tagespflege, die die Haut vor t\u00e4glichen Belastungen sch\u00fctzt. In der Nacht versorgt die Tal Absolue Nachtpflege die Haut mit regenerierenden N\u00e4hrstoffen, spendet Feuchtigkeit und unterst\u00fctzt die Hautbarriere. Spezielle PflegeBei besonders trockener oder irritierter Haut kann die Tal Absolue Immediate Calming SOS Mask beruhigend wirken und der Haut intensive Feuchtigkeit spenden. Handpflege im Winter Schutz und PflegeUnsere H\u00e4nde sind im Winter besonders exponiert und ben\u00f6tigen daher spezielle Pflege. Die Tal Med Handcreme Repair Exklusiv ist ideal f\u00fcr rissige und spr\u00f6de Haut an H\u00e4nden und Ellenbogen. Sie enth\u00e4lt hochwertige Pflanzenextrakte wie Edelweiss, die f\u00fcr ihre antioxidative Wirkung bekannt sind, und bietet intensive Pflege f\u00fcr stark beanspruchte H\u00e4nde. Desinfektion und HygieneIn der Grippesaison ist h\u00e4ufiges H\u00e4ndewaschen und Desinfizieren unerl\u00e4sslich. Um die Haut dabei nicht zu sehr zu belasten, empfiehlt sich die Verwendung der Tal Med Hand Waschlotion. Sie ist f\u00fcr die Reinigung empfindlicher und zu Allergien neigender Haut geeignet und sch\u00fctzt die Haut vor dem Austrocknen. Intensive PflegeF\u00fcr eine tiefenwirksame Pflege zwischendurch bietet sich die Tal Med Handmaske Repair an. Diese Handmaske in Handschuh-Form sorgt f\u00fcr einen Soforteffekt bei rissiger und beanspruchter Haut und kann regelm\u00e4ssig angewendet werden, um die Haut geschmeidig zu halten. Fusspflege im Winter T\u00e4gliche PflegeAuch die F\u00fcsse verdienen im Winter besondere Aufmerksamkeit. Die Tal Fusspflege Creme bietet intensive Pflege mit Urea und aktiven Pflanzenstoffen, die trockene und verhornte Haut geschmeidig machen. Intensive BehandlungBei stark verhornter und rissiger Haut empfiehlt sich der Tal Fusspflege Balsam. Diese SOS-Pflege enth\u00e4lt Ringelblume, Arnika und Kiefernadel, die regenerierend wirken und die Haut intensiv pflegen. FussmaskenF\u00fcr eine Extraportion Pflege k\u00f6nnen Sie die Tal Med Fussmaske Repair verwenden. Sie bietet einen Soforteffekt f\u00fcr rissige und beanspruchte F\u00fcsse und kann regelm\u00e4ssig angewendet werden, um die Haut weich und geschmeidig zu halten. K\u00e4lteschutz und Pr\u00e4vention KleidungSch\u00fctzen Sie Ihre Haut vor K\u00e4lte, indem Sie Handschuhe, warme Socken und Schals tragen. Nat\u00fcrliche Materialien wie Wolle oder Baumwolle sind dabei besonders empfehlenswert, da sie die Haut atmen lassen und Feuchtigkeit ableiten. Ern\u00e4hrung und Fl\u00fcssigkeitszufuhrEine ausgewogene Ern\u00e4hrung mit ausreichend Vitaminen und Mineralstoffen unterst\u00fctzt die Haut von innen. Trinken Sie zudem gen\u00fcgend Wasser. RaumklimaAchten Sie auf eine moderate Raumtemperatur und verwenden Sie bei Bedarf Luftbefeuchter, um die Luftfeuchtigkeit zu erh\u00f6hen. Dies verhindert das Austrocknen der Haut durch Heizungsluft Fazit Die Hautpflege im Winter erfordert besondere Aufmerksamkeit, insbesondere f\u00fcr H\u00e4nde, F\u00fcsse und Gesicht. Mit den hochwertigen Produkten von Tal k\u00f6nnen Sie Ihre Haut optimal sch\u00fctzen und pflegen. Denken Sie daran, regelm\u00e4ssig Feuchtigkeit zu spenden, die Haut vor K\u00e4lte zu sch\u00fctzen und auf eine gesunde Lebensweise zu achten. So kommen Sie mit strahlender und gesunder Haut durch die kalte Jahreszeit. Lassen Sie sich in der Apotheke oder Drogerie Ihres Vertrauens beraten oder st\u00f6bern Sie auf unserem Webshop. Zum Webshop","og_url":"https:\/\/tal.ch\/it\/richtige-hautpflege-im-winter\/","og_site_name":"Tal","article_publisher":"https:\/\/www.facebook.com\/tal.schweiz\/","article_published_time":"2025-01-14T10:01:00+00:00","article_modified_time":"2025-01-14T10:05:03+00:00","og_image":[{"width":1024,"height":721,"url":"https:\/\/tal.ch\/wp-content\/uploads\/2025\/01\/Bild-Marina-Haut-Winter-01-1024x721.png","type":"image\/png"}],"author":"Raphael","twitter_card":"summary_large_image","twitter_misc":{"Scritto da":"Raphael","Tempo di lettura stimato":"4 minuti"},"schema":{"@context":"https:\/\/schema.org","@graph":[{"@type":"Article","@id":"https:\/\/tal.ch\/richtige-hautpflege-im-winter\/#article","isPartOf":{"@id":"https:\/\/tal.ch\/richtige-hautpflege-im-winter\/"},"author":{"name":"Raphael","@id":"https:\/\/tal.ch\/#\/schema\/person\/8b9ffa10e1447c63c33b560fa799799c"},"headline":"Hautpflege im Winter","datePublished":"2025-01-14T10:01:00+00:00","dateModified":"2025-01-14T10:05:03+00:00","mainEntityOfPage":{"@id":"https:\/\/tal.ch\/richtige-hautpflege-im-winter\/"},"wordCount":726,"publisher":{"@id":"https:\/\/tal.ch\/#organization"},"image":{"@id":"https:\/\/tal.ch\/richtige-hautpflege-im-winter\/#primaryimage"},"thumbnailUrl":"https:\/\/tal.ch\/wp-content\/uploads\/2025\/01\/Bild-Marina-Haut-Winter-01.png","articleSection":["Uncategorized"],"inLanguage":"it-IT"},{"@type":"WebPage","@id":"https:\/\/tal.ch\/richtige-hautpflege-im-winter\/","url":"https:\/\/tal.ch\/richtige-hautpflege-im-winter\/","name":"Cura della pelle in inverno - Valle","isPartOf":{"@id":"https:\/\/tal.ch\/#website"},"primaryImageOfPage":{"@id":"https:\/\/tal.ch\/richtige-hautpflege-im-winter\/#primaryimage"},"image":{"@id":"https:\/\/tal.ch\/richtige-hautpflege-im-winter\/#primaryimage"},"thumbnailUrl":"https:\/\/tal.ch\/wp-content\/uploads\/2025\/01\/Bild-Marina-Haut-Winter-01.png","datePublished":"2025-01-14T10:01:00+00:00","dateModified":"2025-01-14T10:05:03+00:00","breadcrumb":{"@id":"https:\/\/tal.ch\/richtige-hautpflege-im-winter\/#breadcrumb"},"inLanguage":"it-IT","potentialAction":[{"@type":"ReadAction","target":["https:\/\/tal.ch\/richtige-hautpflege-im-winter\/"]}]},{"@type":"ImageObject","inLanguage":"it-IT","@id":"https:\/\/tal.ch\/richtige-hautpflege-im-winter\/#primaryimage","url":"https:\/\/tal.ch\/wp-content\/uploads\/2025\/01\/Bild-Marina-Haut-Winter-01.png","contentUrl":"https:\/\/tal.ch\/wp-content\/uploads\/2025\/01\/Bild-Marina-Haut-Winter-01.png","width":2481,"height":1748},{"@type":"BreadcrumbList","@id":"https:\/\/tal.ch\/richtige-hautpflege-im-winter\/#breadcrumb","itemListElement":[{"@type":"ListItem","position":1,"name":"Startseite","item":"https:\/\/tal.ch\/"},{"@type":"ListItem","position":2,"name":"Hautpflege im Winter"}]},{"@type":"WebSite","@id":"https:\/\/tal.ch\/#website","url":"https:\/\/tal.ch\/","name":"Valle","description":"Estratti vegetali di altissima qualit\u00e0","publisher":{"@id":"https:\/\/tal.ch\/#organization"},"potentialAction":[{"@type":"SearchAction","target":{"@type":"EntryPoint","urlTemplate":"https:\/\/tal.ch\/?s={search_term_string}"},"query-input":{"@type":"PropertyValueSpecification","valueRequired":true,"valueName":"search_term_string"}}],"inLanguage":"it-IT"},{"@type":"Organization","@id":"https:\/\/tal.ch\/#organization","name":"Valle","url":"https:\/\/tal.ch\/","logo":{"@type":"ImageObject","inLanguage":"it-IT","@id":"https:\/\/tal.ch\/#\/schema\/logo\/image\/","url":"https:\/\/tal.ch\/wp-content\/uploads\/2024\/02\/Logo-Tal.png","contentUrl":"https:\/\/tal.ch\/wp-content\/uploads\/2024\/02\/Logo-Tal.png","width":100,"height":157,"caption":"Tal"},"image":{"@id":"https:\/\/tal.ch\/#\/schema\/logo\/image\/"},"sameAs":["https:\/\/www.facebook.com\/tal.schweiz\/"]},{"@type":"Person","@id":"https:\/\/tal.ch\/#\/schema\/person\/8b9ffa10e1447c63c33b560fa799799c","name":"Raffaello","image":{"@type":"ImageObject","inLanguage":"it-IT","@id":"https:\/\/secure.gravatar.com\/avatar\/c7b37db84d350dcdacf9fa51c2818cce6ba2e874e3a6f666047ca5a022512106?s=96&d=mm&r=g","url":"https:\/\/secure.gravatar.com\/avatar\/c7b37db84d350dcdacf9fa51c2818cce6ba2e874e3a6f666047ca5a022512106?s=96&d=mm&r=g","contentUrl":"https:\/\/secure.gravatar.com\/avatar\/c7b37db84d350dcdacf9fa51c2818cce6ba2e874e3a6f666047ca5a022512106?s=96&d=mm&r=g","caption":"Raphael"},"url":"https:\/\/tal.ch\/it\/author\/raphael\/"}]}},"_links":{"self":[{"href":"https:\/\/tal.ch\/it\/wp-json\/wp\/v2\/posts\/14843","targetHints":{"allow":["GET"]}}],"collection":[{"href":"https:\/\/tal.ch\/it\/wp-json\/wp\/v2\/posts"}],"about":[{"href":"https:\/\/tal.ch\/it\/wp-json\/wp\/v2\/types\/post"}],"author":[{"embeddable":true,"href":"https:\/\/tal.ch\/it\/wp-json\/wp\/v2\/users\/2"}],"replies":[{"embeddable":true,"href":"https:\/\/tal.ch\/it\/wp-json\/wp\/v2\/comments?post=14843"}],"version-history":[{"count":44,"href":"https:\/\/tal.ch\/it\/wp-json\/wp\/v2\/posts\/14843\/revisions"}],"predecessor-version":[{"id":14893,"href":"https:\/\/tal.ch\/it\/wp-json\/wp\/v2\/posts\/14843\/revisions\/14893"}],"wp:featuredmedia":[{"embeddable":true,"href":"https:\/\/tal.ch\/it\/wp-json\/wp\/v2\/media\/14855"}],"wp:attachment":[{"href":"https:\/\/tal.ch\/it\/wp-json\/wp\/v2\/media?parent=14843"}],"wp:term":[{"taxonomy":"category","embeddable":true,"href":"https:\/\/tal.ch\/it\/wp-json\/wp\/v2\/categories?post=14843"},{"taxonomy":"post_tag","embeddable":true,"href":"https:\/\/tal.ch\/it\/wp-json\/wp\/v2\/tags?post=14843"}],"curies":[{"name":"wp","href":"https:\/\/api.w.org\/{rel}","templated":true}]}}