{"id":16555,"date":"2026-03-20T13:25:03","date_gmt":"2026-03-20T13:25:03","guid":{"rendered":"https:\/\/tal.ch\/?p=16555"},"modified":"2026-04-24T12:40:05","modified_gmt":"2026-04-24T12:40:05","slug":"hautbarriere-und-mikrobiom","status":"publish","type":"post","link":"https:\/\/tal.ch\/it\/hautbarriere-und-mikrobiom\/","title":{"rendered":"Barriera cutanea e microbioma: perch\u00e9 una pelle sana inizia dal suo strato protettivo"},"content":{"rendered":"<div data-elementor-type=\"wp-post\" data-elementor-id=\"16555\" class=\"elementor elementor-16555\" data-elementor-post-type=\"post\">\n\t\t\t\t<div class=\"elementor-element elementor-element-7428a6a e-con-full e-flex wpr-particle-no wpr-jarallax-no wpr-parallax-no wpr-sticky-section-no wpr-equal-height-no e-con e-parent\" data-id=\"7428a6a\" data-element_type=\"container\" data-e-type=\"container\">\n\t\t\t\t<div class=\"elementor-element elementor-element-6361637 elementor-widget elementor-widget-spacer\" data-id=\"6361637\" data-element_type=\"widget\" data-e-type=\"widget\" data-widget_type=\"spacer.default\">\n\t\t\t\t\t\t\t<div class=\"elementor-spacer\">\n\t\t\t<div class=\"elementor-spacer-inner\"><\/div>\n\t\t<\/div>\n\t\t\t\t\t\t<\/div>\n\t\t\t\t<\/div>\n\t\t<div class=\"elementor-element elementor-element-bfb8d54 e-con-full e-flex wpr-particle-no wpr-jarallax-no wpr-parallax-no wpr-sticky-section-no wpr-equal-height-no e-con e-parent\" data-id=\"bfb8d54\" data-element_type=\"container\" data-e-type=\"container\">\n\t\t\t\t<div class=\"elementor-element elementor-element-bd2bc5f elementor-widget elementor-widget-heading\" data-id=\"bd2bc5f\" data-element_type=\"widget\" data-e-type=\"widget\" data-widget_type=\"heading.default\">\n\t\t\t\t\t<h2 class=\"elementor-heading-title elementor-size-default\">Barriera cutanea e microbioma: una pelle sana inizia dal suo strato protettivo<\/h2>\t\t\t\t<\/div>\n\t\t\t\t<div class=\"elementor-element elementor-element-73c64b2 elementor-widget elementor-widget-image\" data-id=\"73c64b2\" data-element_type=\"widget\" data-e-type=\"widget\" data-widget_type=\"image.default\">\n\t\t\t\t\t\t\t\t\t\t\t\t\t\t\t<img fetchpriority=\"high\" decoding=\"async\" width=\"2560\" height=\"1707\" src=\"https:\/\/tal.ch\/wp-content\/uploads\/2026\/03\/Tal-Skincare-Hautbarriere-scaled.jpeg\" class=\"attachment-full size-full wp-image-16563\" alt=\"\" srcset=\"https:\/\/tal.ch\/wp-content\/uploads\/2026\/03\/Tal-Skincare-Hautbarriere-scaled.jpeg 2560w, https:\/\/tal.ch\/wp-content\/uploads\/2026\/03\/Tal-Skincare-Hautbarriere-300x200.jpeg 300w, https:\/\/tal.ch\/wp-content\/uploads\/2026\/03\/Tal-Skincare-Hautbarriere-1024x683.jpeg 1024w, https:\/\/tal.ch\/wp-content\/uploads\/2026\/03\/Tal-Skincare-Hautbarriere-768x512.jpeg 768w, https:\/\/tal.ch\/wp-content\/uploads\/2026\/03\/Tal-Skincare-Hautbarriere-1536x1024.jpeg 1536w, https:\/\/tal.ch\/wp-content\/uploads\/2026\/03\/Tal-Skincare-Hautbarriere-2048x1365.jpeg 2048w, https:\/\/tal.ch\/wp-content\/uploads\/2026\/03\/Tal-Skincare-Hautbarriere-18x12.jpeg 18w, https:\/\/tal.ch\/wp-content\/uploads\/2026\/03\/Tal-Skincare-Hautbarriere-600x400.jpeg 600w\" sizes=\"(max-width: 2560px) 100vw, 2560px\" \/>\t\t\t\t\t\t\t\t\t\t\t\t\t\t\t<\/div>\n\t\t\t\t<\/div>\n\t\t<div class=\"elementor-element elementor-element-e7d296a e-con-full e-flex wpr-particle-no wpr-jarallax-no wpr-parallax-no wpr-sticky-section-no wpr-equal-height-no e-con e-parent\" data-id=\"e7d296a\" data-element_type=\"container\" data-e-type=\"container\">\n\t\t\t\t<div class=\"elementor-element elementor-element-84b4e8b elementor-widget elementor-widget-text-editor\" data-id=\"84b4e8b\" data-element_type=\"widget\" data-e-type=\"widget\" data-widget_type=\"text-editor.default\">\n\t\t\t\t\t\t\t\t\t<p data-start=\"76\" data-end=\"393\">La pelle secca e screpolata di mani e piedi viene spesso spiegata semplicemente come \u201etroppo poco idratata\u201c. Ma questa spiegazione \u00e8 insufficiente. Il fattore decisivo \u00e8 la barriera cutanea e la sua interazione con il microbioma cutaneo. Solo se entrambi sono in equilibrio, la pelle rimane sana, resistente e ben curata a lungo termine.<\/p>\t\t\t\t\t\t\t\t<\/div>\n\t\t\t\t<\/div>\n\t\t<div class=\"elementor-element elementor-element-8f12ae6 e-con-full e-flex wpr-particle-no wpr-jarallax-no wpr-parallax-no wpr-sticky-section-no wpr-equal-height-no e-con e-parent\" data-id=\"8f12ae6\" data-element_type=\"container\" data-e-type=\"container\">\n\t\t\t\t<div class=\"elementor-element elementor-element-90725df elementor-widget elementor-widget-heading\" data-id=\"90725df\" data-element_type=\"widget\" data-e-type=\"widget\" data-widget_type=\"heading.default\">\n\t\t\t\t\t<h3 class=\"elementor-heading-title elementor-size-default\"><h3 data-section-id=\"1udn156\" data-start=\"588\" data-end=\"617\">Perch\u00e9 la barriera cutanea \u00e8 cos\u00ec importante<span style=\"color: inherit\"><\/span><\/h3><\/h3>\t\t\t\t<\/div>\n\t\t\t\t<div class=\"elementor-element elementor-element-4b1f8ca elementor-widget elementor-widget-text-editor\" data-id=\"4b1f8ca\" data-element_type=\"widget\" data-e-type=\"widget\" data-widget_type=\"text-editor.default\">\n\t\t\t\t\t\t\t\t\t<p data-start=\"442\" data-end=\"674\">La barriera cutanea \u00e8 lo strato protettivo pi\u00f9 esterno della pelle. Funziona come uno scudo protettivo invisibile: mantiene l'umidit\u00e0 nella pelle e allo stesso tempo protegge da influenze esterne come germi, attrito o stress ambientale.<\/p><p data-start=\"676\" data-end=\"879\">Se questa barriera \u00e8 intatta, anche l'ambiente cutaneo rimane stabile. \u00c8 proprio di questo ambiente che il microbioma cutaneo - i microrganismi naturali presenti sulla nostra pelle - ha bisogno per svolgere la sua funzione protettiva.<\/p>\t\t\t\t\t\t\t\t<\/div>\n\t\t\t\t<\/div>\n\t\t<div class=\"elementor-element elementor-element-8eccb53 e-con-full e-flex wpr-particle-no wpr-jarallax-no wpr-parallax-no wpr-sticky-section-no wpr-equal-height-no e-con e-parent\" data-id=\"8eccb53\" data-element_type=\"container\" data-e-type=\"container\">\n\t\t\t\t<div class=\"elementor-element elementor-element-e8878da elementor-widget elementor-widget-heading\" data-id=\"e8878da\" data-element_type=\"widget\" data-e-type=\"widget\" data-widget_type=\"heading.default\">\n\t\t\t\t\t<h3 class=\"elementor-heading-title elementor-size-default\">Il microbioma: una protezione invisibile della pelle<\/h3>\t\t\t\t<\/div>\n\t\t\t\t<div class=\"elementor-element elementor-element-488f14e elementor-widget elementor-widget-text-editor\" data-id=\"488f14e\" data-element_type=\"widget\" data-e-type=\"widget\" data-widget_type=\"text-editor.default\">\n\t\t\t\t\t\t\t\t\t<p data-start=\"934\" data-end=\"1123\">Miliardi di microrganismi vivono sulla nostra pelle e svolgono un ruolo importante: Proteggono dai germi nocivi, sostengono il sistema immunitario e aiutano a regolare l'infiammazione.<\/p><p data-start=\"1125\" data-end=\"1334\">Tuttavia, questo sistema \u00e8 sensibile. Non appena la barriera cutanea si indebolisce, ad esempio a causa del frequente lavaggio delle mani, della disinfezione o del clima umido delle scarpe, anche il microbioma si squilibra.<\/p><p data-start=\"1336\" data-end=\"1360\">Le conseguenze sono tangibili:<\/p><ul data-start=\"1362\" data-end=\"1434\"><li data-section-id=\"i2063k\" data-start=\"1362\" data-end=\"1385\"><p data-start=\"1364\" data-end=\"1385\">pelle secca e ruvida<\/p><\/li><li data-section-id=\"8cxe8s\" data-start=\"1386\" data-end=\"1406\"><p data-start=\"1388\" data-end=\"1406\">Sensazione di tensione<\/p><\/li><li data-section-id=\"146yo2w\" data-start=\"1407\" data-end=\"1434\"><p data-start=\"1409\" data-end=\"1434\">Crepe o irritazioni<\/p><\/li><\/ul>\t\t\t\t\t\t\t\t<\/div>\n\t\t\t\t<\/div>\n\t\t<div class=\"elementor-element elementor-element-bbcf93a e-con-full e-flex wpr-particle-no wpr-jarallax-no wpr-parallax-no wpr-sticky-section-no wpr-equal-height-no e-con e-parent\" data-id=\"bbcf93a\" data-element_type=\"container\" data-e-type=\"container\">\n\t\t\t\t<div class=\"elementor-element elementor-element-c4b20dd elementor-widget elementor-widget-heading\" data-id=\"c4b20dd\" data-element_type=\"widget\" data-e-type=\"widget\" data-widget_type=\"heading.default\">\n\t\t\t\t\t<h3 class=\"elementor-heading-title elementor-size-default\"><h3 data-section-id=\"1qrmi3i\" data-start=\"1391\" data-end=\"1435\">Mani e piedi: Aree particolarmente vulnerabili<span style=\"color: inherit\"><\/span><\/h3><\/h3>\t\t\t\t<\/div>\n\t\t\t\t<div class=\"elementor-element elementor-element-0fb8d0e elementor-widget elementor-widget-text-editor\" data-id=\"0fb8d0e\" data-element_type=\"widget\" data-e-type=\"widget\" data-widget_type=\"text-editor.default\">\n\t\t\t\t\t\t\t\t\t<p data-start=\"1488\" data-end=\"1670\">Mani e piedi sono esposti quotidianamente a uno stress estremo. Le mani vengono costantemente lavate e igienizzate, mentre i piedi sono spesso chiusi in un ambiente caldo e umido.<\/p><p data-start=\"1672\" data-end=\"1832\">Entrambi attaccano la barriera cutanea e quindi anche il microbioma. Ecco perch\u00e9 proprio queste aree hanno bisogno di cure che vadano oltre la semplice idratazione.<\/p>\t\t\t\t\t\t\t\t<\/div>\n\t\t\t\t<\/div>\n\t\t<div class=\"elementor-element elementor-element-15eaa9d e-con-full e-flex wpr-particle-no wpr-jarallax-no wpr-parallax-no wpr-sticky-section-no wpr-equal-height-no e-con e-parent\" data-id=\"15eaa9d\" data-element_type=\"container\" data-e-type=\"container\">\n\t\t\t\t<div class=\"elementor-element elementor-element-310c8c6 elementor-widget elementor-widget-heading\" data-id=\"310c8c6\" data-element_type=\"widget\" data-e-type=\"widget\" data-widget_type=\"heading.default\">\n\t\t\t\t\t<h3 class=\"elementor-heading-title elementor-size-default\">Come i prodotti Tal rafforzano in modo specifico la barriera cutanea<\/h3>\t\t\t\t<\/div>\n\t\t\t\t<div class=\"elementor-element elementor-element-0cd76a0 elementor-widget elementor-widget-text-editor\" data-id=\"0cd76a0\" data-element_type=\"widget\" data-e-type=\"widget\" data-widget_type=\"text-editor.default\">\n\t\t\t\t\t\t\t\t\t<p data-start=\"1887\" data-end=\"1912\">I prodotti Tal partono esattamente dal punto in cui la moderna cura della pelle dovrebbe iniziare: con il <strong data-start=\"1979\" data-end=\"2028\">Riparazione e stabilizzazione della barriera cutanea<\/strong>.<\/p>\t\t\t\t\t\t\t\t<\/div>\n\t\t\t\t<\/div>\n\t\t<div class=\"elementor-element elementor-element-ed1ed2f e-con-full e-flex wpr-particle-no wpr-jarallax-no wpr-parallax-no wpr-sticky-section-no wpr-equal-height-no e-con e-parent\" data-id=\"ed1ed2f\" data-element_type=\"container\" data-e-type=\"container\">\n\t\t\t\t<div class=\"elementor-element elementor-element-e33980d elementor-widget elementor-widget-heading\" data-id=\"e33980d\" data-element_type=\"widget\" data-e-type=\"widget\" data-widget_type=\"heading.default\">\n\t\t\t\t\t<h3 class=\"elementor-heading-title elementor-size-default\">Riparazione Tal MED<\/h3>\t\t\t\t<\/div>\n\t\t\t\t<div class=\"elementor-element elementor-element-235af7a elementor-widget elementor-widget-text-editor\" data-id=\"235af7a\" data-element_type=\"widget\" data-e-type=\"widget\" data-widget_type=\"text-editor.default\">\n\t\t\t\t\t\t\t\t\t<p data-start=\"1887\" data-end=\"1912\">Tal MED Repair Hand Cream combina lipidi, idratazione e ingredienti che regolano il pH, come lattati e acidi delicati. Questo non solo rafforza la barriera cutanea, ma stabilizza anche il mantello acido naturale. Questo \u00e8 un importante prerequisito per un microbioma sano.<\/p>\t\t\t\t\t\t\t\t<\/div>\n\t\t\t\t<\/div>\n\t\t<div class=\"elementor-element elementor-element-aa99005 e-flex e-con-boxed wpr-particle-no wpr-jarallax-no wpr-parallax-no wpr-sticky-section-no wpr-equal-height-no e-con e-parent\" data-id=\"aa99005\" data-element_type=\"container\" data-e-type=\"container\">\n\t\t\t\t\t<div class=\"e-con-inner\">\n\t\t\t\t<div class=\"elementor-element elementor-element-5746251 elementor-widget elementor-widget-image\" data-id=\"5746251\" data-element_type=\"widget\" data-e-type=\"widget\" data-widget_type=\"image.default\">\n\t\t\t\t\t\t\t\t\t\t\t\t\t\t\t<img decoding=\"async\" width=\"450\" height=\"450\" src=\"https:\/\/tal.ch\/wp-content\/uploads\/2024\/06\/beitragsbild-med-repair-1.jpg\" class=\"attachment-large size-large wp-image-3253\" alt=\"\" srcset=\"https:\/\/tal.ch\/wp-content\/uploads\/2024\/06\/beitragsbild-med-repair-1.jpg 450w, https:\/\/tal.ch\/wp-content\/uploads\/2024\/06\/beitragsbild-med-repair-1-300x300.jpg 300w, https:\/\/tal.ch\/wp-content\/uploads\/2024\/06\/beitragsbild-med-repair-1-150x150.jpg 150w, https:\/\/tal.ch\/wp-content\/uploads\/2024\/06\/beitragsbild-med-repair-1-100x100.jpg 100w\" sizes=\"(max-width: 450px) 100vw, 450px\" \/>\t\t\t\t\t\t\t\t\t\t\t\t\t\t\t<\/div>\n\t\t\t\t\t<\/div>\n\t\t\t\t<\/div>\n\t\t<div class=\"elementor-element elementor-element-0cd1071 e-flex e-con-boxed wpr-particle-no wpr-jarallax-no wpr-parallax-no wpr-sticky-section-no wpr-equal-height-no e-con e-parent\" data-id=\"0cd1071\" data-element_type=\"container\" data-e-type=\"container\">\n\t\t\t\t\t<div class=\"e-con-inner\">\n\t\t\t\t<div class=\"elementor-element elementor-element-f5049f6 elementor-align-center elementor-widget elementor-widget-button\" data-id=\"f5049f6\" data-element_type=\"widget\" data-e-type=\"widget\" data-widget_type=\"button.default\">\n\t\t\t\t\t\t\t\t\t\t<a class=\"elementor-button elementor-button-link elementor-size-sm\" href=\"https:\/\/shop.parsenn-produkte.ch\/products\/tal-med-handcreme-exklusiv-30ml-75ml-150ml#\">\n\t\t\t\t\t\t<span class=\"elementor-button-content-wrapper\">\n\t\t\t\t\t\t\t\t\t<span class=\"elementor-button-text\">Scoprire ora<\/span>\n\t\t\t\t\t<\/span>\n\t\t\t\t\t<\/a>\n\t\t\t\t\t\t\t\t<\/div>\n\t\t\t\t\t<\/div>\n\t\t\t\t<\/div>\n\t\t<div class=\"elementor-element elementor-element-c003517 e-flex e-con-boxed wpr-particle-no wpr-jarallax-no wpr-parallax-no wpr-sticky-section-no wpr-equal-height-no e-con e-parent\" data-id=\"c003517\" data-element_type=\"container\" data-e-type=\"container\">\n\t\t\t\t\t<div class=\"e-con-inner\">\n\t\t\t\t<div class=\"elementor-element elementor-element-05258bc elementor-widget elementor-widget-spacer\" data-id=\"05258bc\" data-element_type=\"widget\" data-e-type=\"widget\" data-widget_type=\"spacer.default\">\n\t\t\t\t\t\t\t<div class=\"elementor-spacer\">\n\t\t\t<div class=\"elementor-spacer-inner\"><\/div>\n\t\t<\/div>\n\t\t\t\t\t\t<\/div>\n\t\t\t\t\t<\/div>\n\t\t\t\t<\/div>\n\t\t<div class=\"elementor-element elementor-element-68dc99f e-con-full e-flex wpr-particle-no wpr-jarallax-no wpr-parallax-no wpr-sticky-section-no wpr-equal-height-no e-con e-parent\" data-id=\"68dc99f\" data-element_type=\"container\" data-e-type=\"container\">\n\t\t\t\t<div class=\"elementor-element elementor-element-4c1a54b elementor-widget elementor-widget-heading\" data-id=\"4c1a54b\" data-element_type=\"widget\" data-e-type=\"widget\" data-widget_type=\"heading.default\">\n\t\t\t\t\t<h3 class=\"elementor-heading-title elementor-size-default\">Tal MED Dermatopic - si concentra sulla formazione della barriera<\/h3>\t\t\t\t<\/div>\n\t\t\t\t<div class=\"elementor-element elementor-element-9ecfae0 elementor-widget elementor-widget-text-editor\" data-id=\"9ecfae0\" data-element_type=\"widget\" data-e-type=\"widget\" data-widget_type=\"text-editor.default\">\n\t\t\t\t\t\t\t\t\t<p data-start=\"2083\" data-end=\"2399\">Questa formulazione contiene <strong data-start=\"2110\" data-end=\"2122\">Ceramidi<\/strong>, che sono considerati i mattoni centrali della barriera cutanea. Contribuiscono a riparare la struttura della pelle e a stabilizzarla a lungo termine. In combinazione con ingredienti lenitivi come il beta-glucano, si crea un ambiente in cui il microbioma pu\u00f2 recuperare e stabilizzarsi.<\/p>\t\t\t\t\t\t\t\t<\/div>\n\t\t\t\t<\/div>\n\t\t<div class=\"elementor-element elementor-element-c965b70 e-flex e-con-boxed wpr-particle-no wpr-jarallax-no wpr-parallax-no wpr-sticky-section-no wpr-equal-height-no e-con e-parent\" data-id=\"c965b70\" data-element_type=\"container\" data-e-type=\"container\">\n\t\t\t\t\t<div class=\"e-con-inner\">\n\t\t\t\t<div class=\"elementor-element elementor-element-e0765d6 elementor-widget elementor-widget-image\" data-id=\"e0765d6\" data-element_type=\"widget\" data-e-type=\"widget\" data-widget_type=\"image.default\">\n\t\t\t\t\t\t\t\t\t\t\t\t\t\t\t<img decoding=\"async\" width=\"450\" height=\"450\" src=\"https:\/\/tal.ch\/wp-content\/uploads\/2024\/06\/beitragsbild-med-dermatopic.jpg\" class=\"attachment-large size-large wp-image-3257\" alt=\"\" srcset=\"https:\/\/tal.ch\/wp-content\/uploads\/2024\/06\/beitragsbild-med-dermatopic.jpg 450w, https:\/\/tal.ch\/wp-content\/uploads\/2024\/06\/beitragsbild-med-dermatopic-300x300.jpg 300w, https:\/\/tal.ch\/wp-content\/uploads\/2024\/06\/beitragsbild-med-dermatopic-150x150.jpg 150w, https:\/\/tal.ch\/wp-content\/uploads\/2024\/06\/beitragsbild-med-dermatopic-100x100.jpg 100w\" sizes=\"(max-width: 450px) 100vw, 450px\" \/>\t\t\t\t\t\t\t\t\t\t\t\t\t\t\t<\/div>\n\t\t\t\t\t<\/div>\n\t\t\t\t<\/div>\n\t\t<div class=\"elementor-element elementor-element-46792da e-flex e-con-boxed wpr-particle-no wpr-jarallax-no wpr-parallax-no wpr-sticky-section-no wpr-equal-height-no e-con e-parent\" data-id=\"46792da\" data-element_type=\"container\" data-e-type=\"container\">\n\t\t\t\t\t<div class=\"e-con-inner\">\n\t\t\t\t<div class=\"elementor-element elementor-element-ecdf752 elementor-align-center elementor-widget elementor-widget-button\" data-id=\"ecdf752\" data-element_type=\"widget\" data-e-type=\"widget\" data-widget_type=\"button.default\">\n\t\t\t\t\t\t\t\t\t\t<a class=\"elementor-button elementor-button-link elementor-size-sm\" href=\"https:\/\/shop.parsenn-produkte.ch\/products\/tal-med-handcreme-dermatopic-ohne-parfum-75ml#\">\n\t\t\t\t\t\t<span class=\"elementor-button-content-wrapper\">\n\t\t\t\t\t\t\t\t\t<span class=\"elementor-button-text\">Scoprire ora<\/span>\n\t\t\t\t\t<\/span>\n\t\t\t\t\t<\/a>\n\t\t\t\t\t\t\t\t<\/div>\n\t\t\t\t\t<\/div>\n\t\t\t\t<\/div>\n\t\t<div class=\"elementor-element elementor-element-73fb70c e-flex e-con-boxed wpr-particle-no wpr-jarallax-no wpr-parallax-no wpr-sticky-section-no wpr-equal-height-no e-con e-parent\" data-id=\"73fb70c\" data-element_type=\"container\" data-e-type=\"container\">\n\t\t\t\t\t<div class=\"e-con-inner\">\n\t\t\t\t<div class=\"elementor-element elementor-element-be61bb3 elementor-widget elementor-widget-spacer\" data-id=\"be61bb3\" data-element_type=\"widget\" data-e-type=\"widget\" data-widget_type=\"spacer.default\">\n\t\t\t\t\t\t\t<div class=\"elementor-spacer\">\n\t\t\t<div class=\"elementor-spacer-inner\"><\/div>\n\t\t<\/div>\n\t\t\t\t\t\t<\/div>\n\t\t\t\t\t<\/div>\n\t\t\t\t<\/div>\n\t\t<div class=\"elementor-element elementor-element-ca87020 e-con-full e-flex wpr-particle-no wpr-jarallax-no wpr-parallax-no wpr-sticky-section-no wpr-equal-height-no e-con e-parent\" data-id=\"ca87020\" data-element_type=\"container\" data-e-type=\"container\">\n\t\t\t\t<div class=\"elementor-element elementor-element-071b5a3 elementor-widget elementor-widget-heading\" data-id=\"071b5a3\" data-element_type=\"widget\" data-e-type=\"widget\" data-widget_type=\"heading.default\">\n\t\t\t\t\t<h3 class=\"elementor-heading-title elementor-size-default\">Tal MED Protect - Protegge e favorisce la barriera cutanea.<\/h3>\t\t\t\t<\/div>\n\t\t\t\t<div class=\"elementor-element elementor-element-0e5a529 elementor-widget elementor-widget-text-editor\" data-id=\"0e5a529\" data-element_type=\"widget\" data-e-type=\"widget\" data-widget_type=\"text-editor.default\">\n\t\t\t\t\t\t\t\t\t<p data-start=\"69\" data-end=\"233\">Tal MED Protect \u00e8 stato sviluppato per proteggere in modo specifico la barriera cutanea nella vita di tutti i giorni, soprattutto in caso di frequenti lavaggi delle mani, freddo o contatto con l'acqua. La formulazione rafforza il film protettivo naturale della pelle con lipidi e umidit\u00e0, in modo da mantenerla elastica e resistente. Ingredienti come la niacinamide e il pantenolo favoriscono la rigenerazione e leniscono la pelle stressata. In questo modo si mantiene stabile l'ambiente della pelle, un prerequisito fondamentale per un microbioma sano. Tal MED Protect completa in modo ideale la cura della pelle proteggendo la barriera cutanea prima che si squilibri.<\/p>\t\t\t\t\t\t\t\t<\/div>\n\t\t\t\t<\/div>\n\t\t<div class=\"elementor-element elementor-element-2da7b7d e-flex e-con-boxed wpr-particle-no wpr-jarallax-no wpr-parallax-no wpr-sticky-section-no wpr-equal-height-no e-con e-parent\" data-id=\"2da7b7d\" data-element_type=\"container\" data-e-type=\"container\">\n\t\t\t\t\t<div class=\"e-con-inner\">\n\t\t\t\t<div class=\"elementor-element elementor-element-d0afbd4 elementor-widget elementor-widget-image\" data-id=\"d0afbd4\" data-element_type=\"widget\" data-e-type=\"widget\" data-widget_type=\"image.default\">\n\t\t\t\t\t\t\t\t\t\t\t\t\t\t\t<img loading=\"lazy\" decoding=\"async\" width=\"450\" height=\"450\" src=\"https:\/\/tal.ch\/wp-content\/uploads\/2024\/06\/beitragsbild-med-protect.jpg\" class=\"attachment-large size-large wp-image-3279\" alt=\"\" srcset=\"https:\/\/tal.ch\/wp-content\/uploads\/2024\/06\/beitragsbild-med-protect.jpg 450w, https:\/\/tal.ch\/wp-content\/uploads\/2024\/06\/beitragsbild-med-protect-300x300.jpg 300w, https:\/\/tal.ch\/wp-content\/uploads\/2024\/06\/beitragsbild-med-protect-150x150.jpg 150w, https:\/\/tal.ch\/wp-content\/uploads\/2024\/06\/beitragsbild-med-protect-100x100.jpg 100w\" sizes=\"(max-width: 450px) 100vw, 450px\" \/>\t\t\t\t\t\t\t\t\t\t\t\t\t\t\t<\/div>\n\t\t\t\t\t<\/div>\n\t\t\t\t<\/div>\n\t\t<div class=\"elementor-element elementor-element-9255ed4 e-flex e-con-boxed wpr-particle-no wpr-jarallax-no wpr-parallax-no wpr-sticky-section-no wpr-equal-height-no e-con e-parent\" data-id=\"9255ed4\" data-element_type=\"container\" data-e-type=\"container\">\n\t\t\t\t\t<div class=\"e-con-inner\">\n\t\t\t\t<div class=\"elementor-element elementor-element-39d6690 elementor-align-center elementor-widget elementor-widget-button\" data-id=\"39d6690\" data-element_type=\"widget\" data-e-type=\"widget\" data-widget_type=\"button.default\">\n\t\t\t\t\t\t\t\t\t\t<a class=\"elementor-button elementor-button-link elementor-size-sm\" href=\"https:\/\/shop.parsenn-produkte.ch\/products\/tal-med-handcreme-protect-75ml#\">\n\t\t\t\t\t\t<span class=\"elementor-button-content-wrapper\">\n\t\t\t\t\t\t\t\t\t<span class=\"elementor-button-text\">Clicca qui<\/span>\n\t\t\t\t\t<\/span>\n\t\t\t\t\t<\/a>\n\t\t\t\t\t\t\t\t<\/div>\n\t\t\t\t\t<\/div>\n\t\t\t\t<\/div>\n\t\t<div class=\"elementor-element elementor-element-2666374 e-flex e-con-boxed wpr-particle-no wpr-jarallax-no wpr-parallax-no wpr-sticky-section-no wpr-equal-height-no e-con e-parent\" data-id=\"2666374\" data-element_type=\"container\" data-e-type=\"container\">\n\t\t\t\t\t<div class=\"e-con-inner\">\n\t\t\t\t<div class=\"elementor-element elementor-element-4346739 elementor-widget elementor-widget-spacer\" data-id=\"4346739\" data-element_type=\"widget\" data-e-type=\"widget\" data-widget_type=\"spacer.default\">\n\t\t\t\t\t\t\t<div class=\"elementor-spacer\">\n\t\t\t<div class=\"elementor-spacer-inner\"><\/div>\n\t\t<\/div>\n\t\t\t\t\t\t<\/div>\n\t\t\t\t\t<\/div>\n\t\t\t\t<\/div>\n\t\t<div class=\"elementor-element elementor-element-43f3e99 e-con-full e-flex wpr-particle-no wpr-jarallax-no wpr-parallax-no wpr-sticky-section-no wpr-equal-height-no e-con e-parent\" data-id=\"43f3e99\" data-element_type=\"container\" data-e-type=\"container\">\n\t\t\t\t<div class=\"elementor-element elementor-element-d428499 elementor-widget elementor-widget-heading\" data-id=\"d428499\" data-element_type=\"widget\" data-e-type=\"widget\" data-widget_type=\"heading.default\">\n\t\t\t\t\t<h3 class=\"elementor-heading-title elementor-size-default\">Tal Fuss Pflege Balsam - microbioma in equilibrio<\/h3>\t\t\t\t<\/div>\n\t\t\t\t<div class=\"elementor-element elementor-element-d1c4568 elementor-widget elementor-widget-text-editor\" data-id=\"d1c4568\" data-element_type=\"widget\" data-e-type=\"widget\" data-widget_type=\"text-editor.default\">\n\t\t\t\t\t\t\t\t\t<p data-start=\"2801\" data-end=\"3128\">L'equilibrio dei microrganismi svolge un ruolo centrale, soprattutto nei piedi. Il balsamo contiene <strong data-start=\"2908\" data-end=\"2926\">Fermento Bifida<\/strong>, un moderno principio attivo postbiotico che rafforza la barriera cutanea e favorisce la rigenerazione della pelle. In combinazione con l'urea e gli acidi regolatori del pH, l'ambiente cutaneo viene stabilizzato in modo specifico.<\/p>\t\t\t\t\t\t\t\t<\/div>\n\t\t\t\t<\/div>\n\t\t<div class=\"elementor-element elementor-element-c817bd2 e-flex e-con-boxed wpr-particle-no wpr-jarallax-no wpr-parallax-no wpr-sticky-section-no wpr-equal-height-no e-con e-parent\" data-id=\"c817bd2\" data-element_type=\"container\" data-e-type=\"container\">\n\t\t\t\t\t<div class=\"e-con-inner\">\n\t\t\t\t<div class=\"elementor-element elementor-element-a66a72f elementor-widget elementor-widget-image\" data-id=\"a66a72f\" data-element_type=\"widget\" data-e-type=\"widget\" data-widget_type=\"image.default\">\n\t\t\t\t\t\t\t\t\t\t\t\t\t\t\t<img loading=\"lazy\" decoding=\"async\" width=\"450\" height=\"450\" src=\"https:\/\/tal.ch\/wp-content\/uploads\/2024\/08\/Beitragsbild-Fuss-Balsam.jpg\" class=\"attachment-large size-large wp-image-9147\" alt=\"\" srcset=\"https:\/\/tal.ch\/wp-content\/uploads\/2024\/08\/Beitragsbild-Fuss-Balsam.jpg 450w, https:\/\/tal.ch\/wp-content\/uploads\/2024\/08\/Beitragsbild-Fuss-Balsam-300x300.jpg 300w, https:\/\/tal.ch\/wp-content\/uploads\/2024\/08\/Beitragsbild-Fuss-Balsam-150x150.jpg 150w, https:\/\/tal.ch\/wp-content\/uploads\/2024\/08\/Beitragsbild-Fuss-Balsam-100x100.jpg 100w\" sizes=\"(max-width: 450px) 100vw, 450px\" \/>\t\t\t\t\t\t\t\t\t\t\t\t\t\t\t<\/div>\n\t\t\t\t\t<\/div>\n\t\t\t\t<\/div>\n\t\t<div class=\"elementor-element elementor-element-5a20b8e e-flex e-con-boxed wpr-particle-no wpr-jarallax-no wpr-parallax-no wpr-sticky-section-no wpr-equal-height-no e-con e-parent\" data-id=\"5a20b8e\" data-element_type=\"container\" data-e-type=\"container\">\n\t\t\t\t\t<div class=\"e-con-inner\">\n\t\t\t\t<div class=\"elementor-element elementor-element-d3cb5d6 elementor-align-center elementor-widget elementor-widget-button\" data-id=\"d3cb5d6\" data-element_type=\"widget\" data-e-type=\"widget\" data-widget_type=\"button.default\">\n\t\t\t\t\t\t\t\t\t\t<a class=\"elementor-button elementor-button-link elementor-size-sm\" href=\"https:\/\/shop.parsenn-produkte.ch\/products\/tal-fuss-pflege-balsam-intensive-repair-75ml#\">\n\t\t\t\t\t\t<span class=\"elementor-button-content-wrapper\">\n\t\t\t\t\t\t\t\t\t<span class=\"elementor-button-text\">Scoprire ora<\/span>\n\t\t\t\t\t<\/span>\n\t\t\t\t\t<\/a>\n\t\t\t\t\t\t\t\t<\/div>\n\t\t\t\t\t<\/div>\n\t\t\t\t<\/div>\n\t\t<div class=\"elementor-element elementor-element-57f9ad4 e-flex e-con-boxed wpr-particle-no wpr-jarallax-no wpr-parallax-no wpr-sticky-section-no wpr-equal-height-no e-con e-parent\" data-id=\"57f9ad4\" data-element_type=\"container\" data-e-type=\"container\">\n\t\t\t\t\t<div class=\"e-con-inner\">\n\t\t\t\t<div class=\"elementor-element elementor-element-d6b7547 elementor-widget elementor-widget-spacer\" data-id=\"d6b7547\" data-element_type=\"widget\" data-e-type=\"widget\" data-widget_type=\"spacer.default\">\n\t\t\t\t\t\t\t<div class=\"elementor-spacer\">\n\t\t\t<div class=\"elementor-spacer-inner\"><\/div>\n\t\t<\/div>\n\t\t\t\t\t\t<\/div>\n\t\t\t\t\t<\/div>\n\t\t\t\t<\/div>\n\t\t<div class=\"elementor-element elementor-element-402a88b e-con-full e-flex wpr-particle-no wpr-jarallax-no wpr-parallax-no wpr-sticky-section-no wpr-equal-height-no e-con e-parent\" data-id=\"402a88b\" data-element_type=\"container\" data-e-type=\"container\">\n\t\t\t\t<div class=\"elementor-element elementor-element-e9321e2 elementor-widget elementor-widget-heading\" data-id=\"e9321e2\" data-element_type=\"widget\" data-e-type=\"widget\" data-widget_type=\"heading.default\">\n\t\t\t\t\t<h3 class=\"elementor-heading-title elementor-size-default\"><h3 data-section-id=\"18eugbi\" data-start=\"2070\" data-end=\"2128\">Perch\u00e9 questo \u00e8 fondamentale a lungo termine<span style=\"color: inherit\"><\/span><\/h3><\/h3>\t\t\t\t<\/div>\n\t\t\t\t<div class=\"elementor-element elementor-element-0a7781b elementor-widget elementor-widget-text-editor\" data-id=\"0a7781b\" data-element_type=\"widget\" data-e-type=\"widget\" data-widget_type=\"text-editor.default\">\n\t\t\t\t\t\t\t\t\t<p data-start=\"3178\" data-end=\"3314\">Una barriera cutanea forte \u00e8 molto pi\u00f9 di una semplice protezione. Crea le basi per un microbioma cutaneo stabile e quindi per una pelle sana.<\/p>\n<p data-start=\"3316\" data-end=\"3497\">I nostri prodotti Tal hanno proprio questo approccio: non solo trattano i sintomi come la secchezza, ma aiutano la pelle a ritrovare il suo equilibrio naturale.<\/p>\t\t\t\t\t\t\t\t<\/div>\n\t\t\t\t<\/div>\n\t\t<div class=\"elementor-element elementor-element-0e14527 e-con-full e-flex wpr-particle-no wpr-jarallax-no wpr-parallax-no wpr-sticky-section-no wpr-equal-height-no e-con e-parent\" data-id=\"0e14527\" data-element_type=\"container\" data-e-type=\"container\">\n\t\t\t\t<div class=\"elementor-element elementor-element-0298e53 elementor-widget elementor-widget-heading\" data-id=\"0298e53\" data-element_type=\"widget\" data-e-type=\"widget\" data-widget_type=\"heading.default\">\n\t\t\t\t\t<h3 class=\"elementor-heading-title elementor-size-default\"><h3 data-section-id=\"18eugbi\" data-start=\"2070\" data-end=\"2128\">Conclusione<span style=\"color: inherit\"><\/span><\/h3><\/h3>\t\t\t\t<\/div>\n\t\t\t\t<div class=\"elementor-element elementor-element-89e00aa elementor-widget elementor-widget-text-editor\" data-id=\"89e00aa\" data-element_type=\"widget\" data-e-type=\"widget\" data-widget_type=\"text-editor.default\">\n\t\t\t\t\t\t\t\t\t<p data-start=\"3514\" data-end=\"3723\">La salute della pelle non inizia in superficie, ma nella sua struttura. Se volete prendervi cura delle vostre mani e dei vostri piedi in modo sostenibile, dovete utilizzare prodotti che rafforzino la barriera cutanea e rispettino il microbioma.<\/p><p data-start=\"3725\" data-end=\"3855\" data-is-last-node=\"\" data-is-only-node=\"\">Perch\u00e9 alla fine: <strong data-start=\"3746\" data-end=\"3855\" data-is-last-node=\"\">Una barriera cutanea stabile \u00e8 la base per un microbioma sano e quindi per una pelle visibilmente sana.<\/strong><\/p>\t\t\t\t\t\t\t\t<\/div>\n\t\t\t\t<\/div>\n\t\t<div class=\"elementor-element elementor-element-c6b0626 e-con-full e-flex wpr-particle-no wpr-jarallax-no wpr-parallax-no wpr-sticky-section-no wpr-equal-height-no e-con e-parent\" data-id=\"c6b0626\" data-element_type=\"container\" data-e-type=\"container\" data-settings=\"{&quot;background_background&quot;:&quot;classic&quot;}\">\n\t\t\t\t<div class=\"elementor-element elementor-element-c11ada0 elementor-post-navigation-borders-yes elementor-widget elementor-widget-global elementor-global-9032 elementor-widget-post-navigation\" data-id=\"c11ada0\" data-element_type=\"widget\" data-e-type=\"widget\" data-widget_type=\"post-navigation.default\">\n\t\t\t\t\t\t\t<div class=\"elementor-post-navigation\" role=\"navigation\" aria-label=\"Navigazione dell&#039;articolo\">\n\t\t\t<div class=\"elementor-post-navigation__prev elementor-post-navigation__link\">\n\t\t\t\t<a href=\"https:\/\/tal.ch\/it\/hautschutz-statt-hautpflege\/\" rel=\"prev\"><span class=\"post-navigation__arrow-wrapper post-navigation__arrow-prev\"><svg aria-hidden=\"true\" class=\"e-font-icon-svg e-fas-angle-left\" viewbox=\"0 0 256 512\" xmlns=\"http:\/\/www.w3.org\/2000\/svg\"><path d=\"M31.7 239l136-136c9.4-9.4 24.6-9.4 33.9 0l22.6 22.6c9.4 9.4 9.4 24.6 0 33.9L127.9 256l96.4 96.4c9.4 9.4 9.4 24.6 0 33.9L201.7 409c-9.4 9.4-24.6 9.4-33.9 0l-136-136c-9.5-9.4-9.5-24.6-.1-34z\"><\/path><\/svg><span class=\"elementor-screen-only\">Precedente<\/span><\/span><span class=\"elementor-post-navigation__link__prev\"><span class=\"post-navigation__prev--label\">Precedente<\/span><span class=\"post-navigation__prev--title\">La cura della pelle da sola spesso non basta! Perch\u00e9 la protezione \u00e8 fondamentale?<\/span><\/span><\/a>\t\t\t<\/div>\n\t\t\t\t\t\t\t<div class=\"elementor-post-navigation__separator-wrapper\">\n\t\t\t\t\t<div class=\"elementor-post-navigation__separator\"><\/div>\n\t\t\t\t<\/div>\n\t\t\t\t\t\t<div class=\"elementor-post-navigation__next elementor-post-navigation__link\">\n\t\t\t\t<a href=\"https:\/\/tal.ch\/it\/fruehlingszeit-ist-fusszeit\/\" rel=\"next\"><span class=\"elementor-post-navigation__link__next\"><span class=\"post-navigation__next--label\">Avanti<\/span><span class=\"post-navigation__next--title\">La primavera \u00e8 tempo di piedi<\/span><\/span><span class=\"post-navigation__arrow-wrapper post-navigation__arrow-next\"><svg aria-hidden=\"true\" class=\"e-font-icon-svg e-fas-angle-right\" viewbox=\"0 0 256 512\" xmlns=\"http:\/\/www.w3.org\/2000\/svg\"><path d=\"M224.3 273l-136 136c-9.4 9.4-24.6 9.4-33.9 0l-22.6-22.6c-9.4-9.4-9.4-24.6 0-33.9l96.4-96.4-96.4-96.4c-9.4-9.4-9.4-24.6 0-33.9L54.3 103c9.4-9.4 24.6-9.4 33.9 0l136 136c9.5 9.4 9.5 24.6.1 34z\"><\/path><\/svg><span class=\"elementor-screen-only\">Successivo<\/span><\/span><\/a>\t\t\t<\/div>\n\t\t<\/div>\n\t\t\t\t\t\t<\/div>\n\t\t\t\t<\/div>\n\t\t<div class=\"elementor-element elementor-element-c8e97a1 e-flex e-con-boxed wpr-particle-no wpr-jarallax-no wpr-parallax-no wpr-sticky-section-no wpr-equal-height-no e-con e-parent\" data-id=\"c8e97a1\" data-element_type=\"container\" data-e-type=\"container\">\n\t\t\t\t\t<div class=\"e-con-inner\">\n\t\t\t\t<div class=\"elementor-element elementor-element-e27732d elementor-widget elementor-widget-spacer\" data-id=\"e27732d\" data-element_type=\"widget\" data-e-type=\"widget\" data-widget_type=\"spacer.default\">\n\t\t\t\t\t\t\t<div class=\"elementor-spacer\">\n\t\t\t<div class=\"elementor-spacer-inner\"><\/div>\n\t\t<\/div>\n\t\t\t\t\t\t<\/div>\n\t\t\t\t\t<\/div>\n\t\t\t\t<\/div>\n\t\t\t\t<\/div>","protected":false},"excerpt":{"rendered":"<p>Barriera cutanea e microbioma: una pelle sana inizia dal suo strato protettivo La pelle secca e screpolata di mani e piedi \u00e8 spesso spiegata semplicemente come \u201etroppo poco idratata\u201c. Ma questa spiegazione \u00e8 insufficiente. Il fattore decisivo \u00e8 la barriera cutanea e la sua interazione con il microbioma cutaneo. Solo quando entrambi sono in equilibrio, la pelle pu\u00f2 rimanere sana, resistente e nutrita a lungo termine. Perch\u00e9 la barriera cutanea \u00e8 cos\u00ec importante La barriera cutanea \u00e8 lo strato protettivo pi\u00f9 esterno della pelle. Funziona come uno scudo protettivo invisibile: mantiene l'idratazione della pelle e allo stesso tempo la protegge da influenze esterne come germi, attrito o stress ambientale. Se questa barriera \u00e8 intatta, anche l'ambiente cutaneo rimane stabile. \u00c8 proprio di questo ambiente che il microbioma cutaneo - i microrganismi naturali presenti sulla nostra pelle - ha bisogno per svolgere la sua funzione protettiva. Il microbioma: una protezione invisibile per la pelle Miliardi di microrganismi vivono sulla nostra pelle e hanno un compito importante: Proteggono dai germi nocivi, sostengono il sistema immunitario e aiutano a regolare l'infiammazione. Ma questo sistema \u00e8 sensibile. Non appena la barriera cutanea si indebolisce, ad esempio a causa del frequente lavaggio delle mani, della disinfezione o del clima umido delle scarpe, anche il microbioma si squilibra. Le conseguenze sono evidenti: pelle secca e ruvida, sensazione di tensione, screpolature o irritazioni su mani e piedi: Zone particolarmente vulnerabili Le mani e i piedi sono esposti quotidianamente a uno stress estremo. Le mani vengono costantemente lavate e igienizzate, mentre i piedi sono spesso chiusi in un ambiente caldo e umido. Entrambi attaccano la barriera cutanea e quindi anche il microbioma. Ecco perch\u00e9 queste aree hanno bisogno di cure che vadano oltre la semplice idratazione. Come i prodotti Tal rafforzano specificamente la barriera cutanea I prodotti Tal partono esattamente da dove la moderna cura della pelle dovrebbe iniziare: dalla riparazione e stabilizzazione della barriera cutanea. Tal MED Repair La crema mani Tal MED Repair combina lipidi, idratazione e ingredienti che regolano il pH, come lattati e acidi delicati. Questo non solo rafforza la barriera cutanea, ma stabilizza anche il mantello acido naturale. Questo \u00e8 un importante prerequisito per un microbioma sano. Scoprite ora Tal MED Dermatopic - concentratevi sulla costruzione della barriera Questa formulazione contiene ceramidi, che sono considerate i mattoni centrali della barriera cutanea. Esse contribuiscono a riparare e stabilizzare la struttura della pelle a lungo termine. In combinazione con ingredienti lenitivi come il beta-glucano, si crea un ambiente in cui il microbioma pu\u00f2 recuperare e stabilizzarsi. Scoprite subito Tal MED Protect - Protegge e favorisce la barriera cutanea Tal MED Protect \u00e8 stato sviluppato per proteggere in modo specifico la barriera cutanea nella vita di tutti i giorni, soprattutto in caso di frequenti lavaggi delle mani, freddo o contatto con l'acqua. La formulazione rafforza il film protettivo naturale della pelle con lipidi e idratazione, in modo da mantenerla elastica e resistente. Ingredienti come la niacinamide e il pantenolo favoriscono la rigenerazione e leniscono la pelle stressata. In questo modo si mantiene stabile l'ambiente della pelle, un prerequisito fondamentale per un microbioma sano. Tal MED Protect completa in modo ideale la cura proteggendo la barriera cutanea prima che si squilibri. Clicca qui Tal Foot Care Balm - Microbioma in equilibrio L'equilibrio dei microrganismi gioca un ruolo centrale, soprattutto sui piedi. Il balsamo contiene il Fermento Bifida, un moderno principio attivo post-biotico che rafforza la barriera cutanea e favorisce la rigenerazione della pelle. In combinazione con l'urea e gli acidi regolatori del pH, l'ambiente cutaneo viene stabilizzato in modo specifico. Scoprite ora Perch\u00e9 \u00e8 fondamentale a lungo termine Una barriera cutanea forte \u00e8 pi\u00f9 di una semplice protezione. Crea le basi per un microbioma cutaneo stabile e quindi per una pelle sana. I nostri prodotti Tal hanno esattamente questo approccio: non si limitano a trattare sintomi come la secchezza, ma aiutano la pelle a ritrovare il suo equilibrio naturale. Conclusione Una pelle sana non inizia in superficie, ma nella sua struttura. Se volete prendervi cura delle vostre mani e dei vostri piedi a lungo termine, dovete concentrarvi su prodotti che rafforzino la barriera cutanea e rispettino il microbioma. Dopo tutto, una barriera cutanea stabile \u00e8 la base per un microbioma sano e quindi per una pelle visibilmente sana.<\/p>","protected":false},"author":2,"featured_media":16563,"comment_status":"closed","ping_status":"closed","sticky":false,"template":"elementor_header_footer","format":"standard","meta":{"footnotes":""},"categories":[1],"tags":[],"class_list":["post-16555","post","type-post","status-publish","format-standard","has-post-thumbnail","hentry","category-uncategorized"],"yoast_head":"<!-- This site is optimized with the Yoast SEO plugin v27.4 - https:\/\/yoast.com\/product\/yoast-seo-wordpress\/ -->\n<title>Hautbarriere und Mikrobiom: Warum gesunde Haut bei ihrer Schutzschicht beginnt - Tal<\/title>\n<meta name=\"description\" content=\"Warum Hautpflege allein oft nicht reicht: So st\u00e4rken Sie Ihre Hautbarriere und bringen Ihr Mikrobiom ins Gleichgewicht.\" \/>\n<meta name=\"robots\" content=\"index, follow, max-snippet:-1, max-image-preview:large, max-video-preview:-1\" \/>\n<link rel=\"canonical\" href=\"https:\/\/tal.ch\/it\/hautbarriere-und-mikrobiom\/\" \/>\n<meta property=\"og:locale\" content=\"it_IT\" \/>\n<meta property=\"og:type\" content=\"article\" \/>\n<meta property=\"og:title\" content=\"Hautbarriere und Mikrobiom: Warum gesunde Haut bei ihrer Schutzschicht beginnt - Tal\" \/>\n<meta property=\"og:description\" content=\"Warum Hautpflege allein oft nicht reicht: So st\u00e4rken Sie Ihre Hautbarriere und bringen Ihr Mikrobiom ins Gleichgewicht.\" \/>\n<meta property=\"og:url\" content=\"https:\/\/tal.ch\/it\/hautbarriere-und-mikrobiom\/\" \/>\n<meta property=\"og:site_name\" content=\"Tal\" \/>\n<meta property=\"article:publisher\" content=\"https:\/\/www.facebook.com\/tal.schweiz\/\" \/>\n<meta property=\"article:published_time\" content=\"2026-03-20T13:25:03+00:00\" \/>\n<meta property=\"article:modified_time\" content=\"2026-04-24T12:40:05+00:00\" \/>\n<meta property=\"og:image\" content=\"https:\/\/tal.ch\/wp-content\/uploads\/2026\/03\/Tal-Skincare-Hautbarriere-scaled.jpeg\" \/>\n\t<meta property=\"og:image:width\" content=\"2560\" \/>\n\t<meta property=\"og:image:height\" content=\"1707\" \/>\n\t<meta property=\"og:image:type\" content=\"image\/jpeg\" \/>\n<meta name=\"author\" content=\"Raphael\" \/>\n<meta name=\"twitter:card\" content=\"summary_large_image\" \/>\n<meta name=\"twitter:label1\" content=\"Scritto da\" \/>\n\t<meta name=\"twitter:data1\" content=\"Raphael\" \/>\n\t<meta name=\"twitter:label2\" content=\"Tempo di lettura stimato\" \/>\n\t<meta name=\"twitter:data2\" content=\"5 minuti\" \/>\n<script type=\"application\/ld+json\" class=\"yoast-schema-graph\">{\"@context\":\"https:\\\/\\\/schema.org\",\"@graph\":[{\"@type\":\"Article\",\"@id\":\"https:\\\/\\\/tal.ch\\\/hautbarriere-und-mikrobiom\\\/#article\",\"isPartOf\":{\"@id\":\"https:\\\/\\\/tal.ch\\\/hautbarriere-und-mikrobiom\\\/\"},\"author\":{\"name\":\"Raphael\",\"@id\":\"https:\\\/\\\/tal.ch\\\/#\\\/schema\\\/person\\\/8b9ffa10e1447c63c33b560fa799799c\"},\"headline\":\"Hautbarriere und Mikrobiom: Warum gesunde Haut bei ihrer Schutzschicht beginnt\",\"datePublished\":\"2026-03-20T13:25:03+00:00\",\"dateModified\":\"2026-04-24T12:40:05+00:00\",\"mainEntityOfPage\":{\"@id\":\"https:\\\/\\\/tal.ch\\\/hautbarriere-und-mikrobiom\\\/\"},\"wordCount\":683,\"publisher\":{\"@id\":\"https:\\\/\\\/tal.ch\\\/#organization\"},\"image\":{\"@id\":\"https:\\\/\\\/tal.ch\\\/hautbarriere-und-mikrobiom\\\/#primaryimage\"},\"thumbnailUrl\":\"https:\\\/\\\/tal.ch\\\/wp-content\\\/uploads\\\/2026\\\/03\\\/Tal-Skincare-Hautbarriere-scaled.jpeg\",\"articleSection\":[\"Uncategorized\"],\"inLanguage\":\"it-IT\"},{\"@type\":\"WebPage\",\"@id\":\"https:\\\/\\\/tal.ch\\\/hautbarriere-und-mikrobiom\\\/\",\"url\":\"https:\\\/\\\/tal.ch\\\/hautbarriere-und-mikrobiom\\\/\",\"name\":\"Hautbarriere und Mikrobiom: Warum gesunde Haut bei ihrer Schutzschicht beginnt - Tal\",\"isPartOf\":{\"@id\":\"https:\\\/\\\/tal.ch\\\/#website\"},\"primaryImageOfPage\":{\"@id\":\"https:\\\/\\\/tal.ch\\\/hautbarriere-und-mikrobiom\\\/#primaryimage\"},\"image\":{\"@id\":\"https:\\\/\\\/tal.ch\\\/hautbarriere-und-mikrobiom\\\/#primaryimage\"},\"thumbnailUrl\":\"https:\\\/\\\/tal.ch\\\/wp-content\\\/uploads\\\/2026\\\/03\\\/Tal-Skincare-Hautbarriere-scaled.jpeg\",\"datePublished\":\"2026-03-20T13:25:03+00:00\",\"dateModified\":\"2026-04-24T12:40:05+00:00\",\"description\":\"Warum Hautpflege allein oft nicht reicht: So st\u00e4rken Sie Ihre Hautbarriere und bringen Ihr Mikrobiom ins Gleichgewicht.\",\"breadcrumb\":{\"@id\":\"https:\\\/\\\/tal.ch\\\/hautbarriere-und-mikrobiom\\\/#breadcrumb\"},\"inLanguage\":\"it-IT\",\"potentialAction\":[{\"@type\":\"ReadAction\",\"target\":[\"https:\\\/\\\/tal.ch\\\/hautbarriere-und-mikrobiom\\\/\"]}]},{\"@type\":\"ImageObject\",\"inLanguage\":\"it-IT\",\"@id\":\"https:\\\/\\\/tal.ch\\\/hautbarriere-und-mikrobiom\\\/#primaryimage\",\"url\":\"https:\\\/\\\/tal.ch\\\/wp-content\\\/uploads\\\/2026\\\/03\\\/Tal-Skincare-Hautbarriere-scaled.jpeg\",\"contentUrl\":\"https:\\\/\\\/tal.ch\\\/wp-content\\\/uploads\\\/2026\\\/03\\\/Tal-Skincare-Hautbarriere-scaled.jpeg\",\"width\":2560,\"height\":1707,\"caption\":\"A person shows inflamed hands affected by eczema and psoriasis. Another individual in gloves is assessing the condition in a dermatology clinic setting, focusing on skin health.\"},{\"@type\":\"BreadcrumbList\",\"@id\":\"https:\\\/\\\/tal.ch\\\/hautbarriere-und-mikrobiom\\\/#breadcrumb\",\"itemListElement\":[{\"@type\":\"ListItem\",\"position\":1,\"name\":\"Startseite\",\"item\":\"https:\\\/\\\/tal.ch\\\/\"},{\"@type\":\"ListItem\",\"position\":2,\"name\":\"Hautbarriere und Mikrobiom: Warum gesunde Haut bei ihrer Schutzschicht beginnt\"}]},{\"@type\":\"WebSite\",\"@id\":\"https:\\\/\\\/tal.ch\\\/#website\",\"url\":\"https:\\\/\\\/tal.ch\\\/\",\"name\":\"Tal\",\"description\":\"Pflanzenextrakte von h\u00f6chster Qualit\u00e4t\",\"publisher\":{\"@id\":\"https:\\\/\\\/tal.ch\\\/#organization\"},\"potentialAction\":[{\"@type\":\"SearchAction\",\"target\":{\"@type\":\"EntryPoint\",\"urlTemplate\":\"https:\\\/\\\/tal.ch\\\/?s={search_term_string}\"},\"query-input\":{\"@type\":\"PropertyValueSpecification\",\"valueRequired\":true,\"valueName\":\"search_term_string\"}}],\"inLanguage\":\"it-IT\"},{\"@type\":\"Organization\",\"@id\":\"https:\\\/\\\/tal.ch\\\/#organization\",\"name\":\"Tal\",\"url\":\"https:\\\/\\\/tal.ch\\\/\",\"logo\":{\"@type\":\"ImageObject\",\"inLanguage\":\"it-IT\",\"@id\":\"https:\\\/\\\/tal.ch\\\/#\\\/schema\\\/logo\\\/image\\\/\",\"url\":\"https:\\\/\\\/tal.ch\\\/wp-content\\\/uploads\\\/2024\\\/02\\\/Logo-Tal.png\",\"contentUrl\":\"https:\\\/\\\/tal.ch\\\/wp-content\\\/uploads\\\/2024\\\/02\\\/Logo-Tal.png\",\"width\":100,\"height\":157,\"caption\":\"Tal\"},\"image\":{\"@id\":\"https:\\\/\\\/tal.ch\\\/#\\\/schema\\\/logo\\\/image\\\/\"},\"sameAs\":[\"https:\\\/\\\/www.facebook.com\\\/tal.schweiz\\\/\"]},{\"@type\":\"Person\",\"@id\":\"https:\\\/\\\/tal.ch\\\/#\\\/schema\\\/person\\\/8b9ffa10e1447c63c33b560fa799799c\",\"name\":\"Raphael\",\"image\":{\"@type\":\"ImageObject\",\"inLanguage\":\"it-IT\",\"@id\":\"https:\\\/\\\/secure.gravatar.com\\\/avatar\\\/c7b37db84d350dcdacf9fa51c2818cce6ba2e874e3a6f666047ca5a022512106?s=96&d=mm&r=g\",\"url\":\"https:\\\/\\\/secure.gravatar.com\\\/avatar\\\/c7b37db84d350dcdacf9fa51c2818cce6ba2e874e3a6f666047ca5a022512106?s=96&d=mm&r=g\",\"contentUrl\":\"https:\\\/\\\/secure.gravatar.com\\\/avatar\\\/c7b37db84d350dcdacf9fa51c2818cce6ba2e874e3a6f666047ca5a022512106?s=96&d=mm&r=g\",\"caption\":\"Raphael\"},\"url\":\"https:\\\/\\\/tal.ch\\\/it\\\/author\\\/raphael\\\/\"}]}<\/script>\n<!-- \/ Yoast SEO plugin. -->","yoast_head_json":{"title":"Hautbarriere und Mikrobiom: Warum gesunde Haut bei ihrer Schutzschicht beginnt - Tal","description":"Warum Hautpflege allein oft nicht reicht: So st\u00e4rken Sie Ihre Hautbarriere und bringen Ihr Mikrobiom ins Gleichgewicht.","robots":{"index":"index","follow":"follow","max-snippet":"max-snippet:-1","max-image-preview":"max-image-preview:large","max-video-preview":"max-video-preview:-1"},"canonical":"https:\/\/tal.ch\/it\/hautbarriere-und-mikrobiom\/","og_locale":"it_IT","og_type":"article","og_title":"Hautbarriere und Mikrobiom: Warum gesunde Haut bei ihrer Schutzschicht beginnt - Tal","og_description":"Warum Hautpflege allein oft nicht reicht: So st\u00e4rken Sie Ihre Hautbarriere und bringen Ihr Mikrobiom ins Gleichgewicht.","og_url":"https:\/\/tal.ch\/it\/hautbarriere-und-mikrobiom\/","og_site_name":"Tal","article_publisher":"https:\/\/www.facebook.com\/tal.schweiz\/","article_published_time":"2026-03-20T13:25:03+00:00","article_modified_time":"2026-04-24T12:40:05+00:00","og_image":[{"width":2560,"height":1707,"url":"https:\/\/tal.ch\/wp-content\/uploads\/2026\/03\/Tal-Skincare-Hautbarriere-scaled.jpeg","type":"image\/jpeg"}],"author":"Raphael","twitter_card":"summary_large_image","twitter_misc":{"Scritto da":"Raphael","Tempo di lettura stimato":"5 minuti"},"schema":{"@context":"https:\/\/schema.org","@graph":[{"@type":"Article","@id":"https:\/\/tal.ch\/hautbarriere-und-mikrobiom\/#article","isPartOf":{"@id":"https:\/\/tal.ch\/hautbarriere-und-mikrobiom\/"},"author":{"name":"Raphael","@id":"https:\/\/tal.ch\/#\/schema\/person\/8b9ffa10e1447c63c33b560fa799799c"},"headline":"Hautbarriere und Mikrobiom: Warum gesunde Haut bei ihrer Schutzschicht beginnt","datePublished":"2026-03-20T13:25:03+00:00","dateModified":"2026-04-24T12:40:05+00:00","mainEntityOfPage":{"@id":"https:\/\/tal.ch\/hautbarriere-und-mikrobiom\/"},"wordCount":683,"publisher":{"@id":"https:\/\/tal.ch\/#organization"},"image":{"@id":"https:\/\/tal.ch\/hautbarriere-und-mikrobiom\/#primaryimage"},"thumbnailUrl":"https:\/\/tal.ch\/wp-content\/uploads\/2026\/03\/Tal-Skincare-Hautbarriere-scaled.jpeg","articleSection":["Uncategorized"],"inLanguage":"it-IT"},{"@type":"WebPage","@id":"https:\/\/tal.ch\/hautbarriere-und-mikrobiom\/","url":"https:\/\/tal.ch\/hautbarriere-und-mikrobiom\/","name":"Hautbarriere und Mikrobiom: Warum gesunde Haut bei ihrer Schutzschicht beginnt - Tal","isPartOf":{"@id":"https:\/\/tal.ch\/#website"},"primaryImageOfPage":{"@id":"https:\/\/tal.ch\/hautbarriere-und-mikrobiom\/#primaryimage"},"image":{"@id":"https:\/\/tal.ch\/hautbarriere-und-mikrobiom\/#primaryimage"},"thumbnailUrl":"https:\/\/tal.ch\/wp-content\/uploads\/2026\/03\/Tal-Skincare-Hautbarriere-scaled.jpeg","datePublished":"2026-03-20T13:25:03+00:00","dateModified":"2026-04-24T12:40:05+00:00","description":"Warum Hautpflege allein oft nicht reicht: So st\u00e4rken Sie Ihre Hautbarriere und bringen Ihr Mikrobiom ins Gleichgewicht.","breadcrumb":{"@id":"https:\/\/tal.ch\/hautbarriere-und-mikrobiom\/#breadcrumb"},"inLanguage":"it-IT","potentialAction":[{"@type":"ReadAction","target":["https:\/\/tal.ch\/hautbarriere-und-mikrobiom\/"]}]},{"@type":"ImageObject","inLanguage":"it-IT","@id":"https:\/\/tal.ch\/hautbarriere-und-mikrobiom\/#primaryimage","url":"https:\/\/tal.ch\/wp-content\/uploads\/2026\/03\/Tal-Skincare-Hautbarriere-scaled.jpeg","contentUrl":"https:\/\/tal.ch\/wp-content\/uploads\/2026\/03\/Tal-Skincare-Hautbarriere-scaled.jpeg","width":2560,"height":1707,"caption":"A person shows inflamed hands affected by eczema and psoriasis. Another individual in gloves is assessing the condition in a dermatology clinic setting, focusing on skin health."},{"@type":"BreadcrumbList","@id":"https:\/\/tal.ch\/hautbarriere-und-mikrobiom\/#breadcrumb","itemListElement":[{"@type":"ListItem","position":1,"name":"Startseite","item":"https:\/\/tal.ch\/"},{"@type":"ListItem","position":2,"name":"Hautbarriere und Mikrobiom: Warum gesunde Haut bei ihrer Schutzschicht beginnt"}]},{"@type":"WebSite","@id":"https:\/\/tal.ch\/#website","url":"https:\/\/tal.ch\/","name":"Valle","description":"Estratti vegetali di altissima qualit\u00e0","publisher":{"@id":"https:\/\/tal.ch\/#organization"},"potentialAction":[{"@type":"SearchAction","target":{"@type":"EntryPoint","urlTemplate":"https:\/\/tal.ch\/?s={search_term_string}"},"query-input":{"@type":"PropertyValueSpecification","valueRequired":true,"valueName":"search_term_string"}}],"inLanguage":"it-IT"},{"@type":"Organization","@id":"https:\/\/tal.ch\/#organization","name":"Valle","url":"https:\/\/tal.ch\/","logo":{"@type":"ImageObject","inLanguage":"it-IT","@id":"https:\/\/tal.ch\/#\/schema\/logo\/image\/","url":"https:\/\/tal.ch\/wp-content\/uploads\/2024\/02\/Logo-Tal.png","contentUrl":"https:\/\/tal.ch\/wp-content\/uploads\/2024\/02\/Logo-Tal.png","width":100,"height":157,"caption":"Tal"},"image":{"@id":"https:\/\/tal.ch\/#\/schema\/logo\/image\/"},"sameAs":["https:\/\/www.facebook.com\/tal.schweiz\/"]},{"@type":"Person","@id":"https:\/\/tal.ch\/#\/schema\/person\/8b9ffa10e1447c63c33b560fa799799c","name":"Raffaello","image":{"@type":"ImageObject","inLanguage":"it-IT","@id":"https:\/\/secure.gravatar.com\/avatar\/c7b37db84d350dcdacf9fa51c2818cce6ba2e874e3a6f666047ca5a022512106?s=96&d=mm&r=g","url":"https:\/\/secure.gravatar.com\/avatar\/c7b37db84d350dcdacf9fa51c2818cce6ba2e874e3a6f666047ca5a022512106?s=96&d=mm&r=g","contentUrl":"https:\/\/secure.gravatar.com\/avatar\/c7b37db84d350dcdacf9fa51c2818cce6ba2e874e3a6f666047ca5a022512106?s=96&d=mm&r=g","caption":"Raphael"},"url":"https:\/\/tal.ch\/it\/author\/raphael\/"}]}},"_links":{"self":[{"href":"https:\/\/tal.ch\/it\/wp-json\/wp\/v2\/posts\/16555","targetHints":{"allow":["GET"]}}],"collection":[{"href":"https:\/\/tal.ch\/it\/wp-json\/wp\/v2\/posts"}],"about":[{"href":"https:\/\/tal.ch\/it\/wp-json\/wp\/v2\/types\/post"}],"author":[{"embeddable":true,"href":"https:\/\/tal.ch\/it\/wp-json\/wp\/v2\/users\/2"}],"replies":[{"embeddable":true,"href":"https:\/\/tal.ch\/it\/wp-json\/wp\/v2\/comments?post=16555"}],"version-history":[{"count":53,"href":"https:\/\/tal.ch\/it\/wp-json\/wp\/v2\/posts\/16555\/revisions"}],"predecessor-version":[{"id":16708,"href":"https:\/\/tal.ch\/it\/wp-json\/wp\/v2\/posts\/16555\/revisions\/16708"}],"wp:featuredmedia":[{"embeddable":true,"href":"https:\/\/tal.ch\/it\/wp-json\/wp\/v2\/media\/16563"}],"wp:attachment":[{"href":"https:\/\/tal.ch\/it\/wp-json\/wp\/v2\/media?parent=16555"}],"wp:term":[{"taxonomy":"category","embeddable":true,"href":"https:\/\/tal.ch\/it\/wp-json\/wp\/v2\/categories?post=16555"},{"taxonomy":"post_tag","embeddable":true,"href":"https:\/\/tal.ch\/it\/wp-json\/wp\/v2\/tags?post=16555"}],"curies":[{"name":"wp","href":"https:\/\/api.w.org\/{rel}","templated":true}]}}