{"id":16721,"date":"2026-05-01T12:28:04","date_gmt":"2026-05-01T12:28:04","guid":{"rendered":"https:\/\/tal.ch\/?p=16721"},"modified":"2026-05-01T12:49:17","modified_gmt":"2026-05-01T12:49:17","slug":"haende-schuetzen-beim-putzen","status":"publish","type":"post","link":"https:\/\/tal.ch\/it\/haende-schuetzen-beim-putzen\/","title":{"rendered":"Casa pulita, mani affaticate? Cosa succede davvero quando si pulisce"},"content":{"rendered":"\t\t<div data-elementor-type=\"wp-post\" data-elementor-id=\"16721\" class=\"elementor elementor-16721\" data-elementor-post-type=\"post\">\n\t\t\t\t<div class=\"elementor-element elementor-element-7428a6a e-con-full e-flex wpr-particle-no wpr-jarallax-no wpr-parallax-no wpr-sticky-section-no wpr-equal-height-no e-con e-parent\" data-id=\"7428a6a\" data-element_type=\"container\" data-e-type=\"container\">\n\t\t\t\t<div class=\"elementor-element elementor-element-6361637 elementor-widget elementor-widget-spacer\" data-id=\"6361637\" data-element_type=\"widget\" data-e-type=\"widget\" data-widget_type=\"spacer.default\">\n\t\t\t\t\t\t\t<div class=\"elementor-spacer\">\n\t\t\t<div class=\"elementor-spacer-inner\"><\/div>\n\t\t<\/div>\n\t\t\t\t\t\t<\/div>\n\t\t\t\t<\/div>\n\t\t<div class=\"elementor-element elementor-element-bfb8d54 e-con-full e-flex wpr-particle-no wpr-jarallax-no wpr-parallax-no wpr-sticky-section-no wpr-equal-height-no e-con e-parent\" data-id=\"bfb8d54\" data-element_type=\"container\" data-e-type=\"container\">\n\t\t\t\t<div class=\"elementor-element elementor-element-bd2bc5f elementor-widget elementor-widget-heading\" data-id=\"bd2bc5f\" data-element_type=\"widget\" data-e-type=\"widget\" data-widget_type=\"heading.default\">\n\t\t\t\t\t<h1 class=\"elementor-heading-title elementor-size-default\">Sauberes Zuhause, strapazierte H\u00e4nde? Was beim Putzen wirklich passiert<\/h1>\t\t\t\t<\/div>\n\t\t\t\t<div class=\"elementor-element elementor-element-73c64b2 elementor-widget elementor-widget-image\" data-id=\"73c64b2\" data-element_type=\"widget\" data-e-type=\"widget\" data-widget_type=\"image.default\">\n\t\t\t\t\t\t\t\t\t\t\t\t\t\t\t<img fetchpriority=\"high\" decoding=\"async\" width=\"2560\" height=\"1707\" src=\"https:\/\/tal.ch\/wp-content\/uploads\/2026\/05\/Tal-Fruehlingsputz-und-was-es-mit-den-Handen-macht-scaled.jpeg\" class=\"attachment-full size-full wp-image-16742\" alt=\"\" srcset=\"https:\/\/tal.ch\/wp-content\/uploads\/2026\/05\/Tal-Fruehlingsputz-und-was-es-mit-den-Handen-macht-scaled.jpeg 2560w, https:\/\/tal.ch\/wp-content\/uploads\/2026\/05\/Tal-Fruehlingsputz-und-was-es-mit-den-Handen-macht-300x200.jpeg 300w, https:\/\/tal.ch\/wp-content\/uploads\/2026\/05\/Tal-Fruehlingsputz-und-was-es-mit-den-Handen-macht-1024x683.jpeg 1024w, https:\/\/tal.ch\/wp-content\/uploads\/2026\/05\/Tal-Fruehlingsputz-und-was-es-mit-den-Handen-macht-768x512.jpeg 768w, https:\/\/tal.ch\/wp-content\/uploads\/2026\/05\/Tal-Fruehlingsputz-und-was-es-mit-den-Handen-macht-1536x1024.jpeg 1536w, https:\/\/tal.ch\/wp-content\/uploads\/2026\/05\/Tal-Fruehlingsputz-und-was-es-mit-den-Handen-macht-2048x1365.jpeg 2048w, https:\/\/tal.ch\/wp-content\/uploads\/2026\/05\/Tal-Fruehlingsputz-und-was-es-mit-den-Handen-macht-18x12.jpeg 18w, https:\/\/tal.ch\/wp-content\/uploads\/2026\/05\/Tal-Fruehlingsputz-und-was-es-mit-den-Handen-macht-600x400.jpeg 600w\" sizes=\"(max-width: 2560px) 100vw, 2560px\" \/>\t\t\t\t\t\t\t\t\t\t\t\t\t\t\t<\/div>\n\t\t\t\t<\/div>\n\t\t<div class=\"elementor-element elementor-element-e7d296a e-con-full e-flex wpr-particle-no wpr-jarallax-no wpr-parallax-no wpr-sticky-section-no wpr-equal-height-no e-con e-parent\" data-id=\"e7d296a\" data-element_type=\"container\" data-e-type=\"container\">\n\t\t\t\t<div class=\"elementor-element elementor-element-84b4e8b elementor-widget elementor-widget-text-editor\" data-id=\"84b4e8b\" data-element_type=\"widget\" data-e-type=\"widget\" data-widget_type=\"text-editor.default\">\n\t\t\t\t\t\t\t\t\t<p data-start=\"119\" data-end=\"600\">Es gibt diesen Moment im Fr\u00fchling, in dem alles heller wirkt. Das Licht f\u00e4llt anders durch die Fenster, die Luft f\u00fchlt sich frischer an, und pl\u00f6tzlich sieht man Dinge, die man lange \u00fcbersehen hat. Ein feiner Staubfilm auf dem Regal, Schlieren auf dem Glas, Spuren des Winters, die geblieben sind. Der Fr\u00fchlingsputz beginnt. Fenster werden ge\u00f6ffnet, Oberfl\u00e4chen gereinigt, Dinge aussortiert. Es ist mehr als nur Putzen. Es ist ein Neustart, ein Gef\u00fchl von Klarheit und Leichtigkeit.<\/p>\t\t\t\t\t\t\t\t<\/div>\n\t\t\t\t<\/div>\n\t\t<div class=\"elementor-element elementor-element-8f12ae6 e-con-full e-flex wpr-particle-no wpr-jarallax-no wpr-parallax-no wpr-sticky-section-no wpr-equal-height-no e-con e-parent\" data-id=\"8f12ae6\" data-element_type=\"container\" data-e-type=\"container\">\n\t\t\t\t<div class=\"elementor-element elementor-element-90725df elementor-widget elementor-widget-heading\" data-id=\"90725df\" data-element_type=\"widget\" data-e-type=\"widget\" data-widget_type=\"heading.default\">\n\t\t\t\t\t<h3 class=\"elementor-heading-title elementor-size-default\"><h3 data-section-id=\"1udn156\" data-start=\"588\" data-end=\"617\">Was Ihre H\u00e4nde dabei leisten<span style=\"color: inherit\"><\/span><\/h3><\/h3>\t\t\t\t<\/div>\n\t\t\t\t<div class=\"elementor-element elementor-element-4b1f8ca elementor-widget elementor-widget-text-editor\" data-id=\"4b1f8ca\" data-element_type=\"widget\" data-e-type=\"widget\" data-widget_type=\"text-editor.default\">\n\t\t\t\t\t\t\t\t\t<p data-start=\"637\" data-end=\"1069\">W\u00e4hrend das Zuhause Schritt f\u00fcr Schritt aufbl\u00fcht, geraten die H\u00e4nde oft in den Hintergrund. Dabei sind sie es, die jede Bewegung ausf\u00fchren. Sie greifen, schrubben, sp\u00fclen und wischen, immer wieder, oft \u00fcber Stunden hinweg. Sie kommen in Kontakt mit Wasser, mit Reinigungsmitteln und mit unterschiedlichen Oberfl\u00e4chen. Was sich nach kurzer Arbeit anf\u00fchlt, summiert sich. Und genau hier beginnt die eigentliche Belastung f\u00fcr die Haut.<\/p>\t\t\t\t\t\t\t\t<\/div>\n\t\t\t\t<\/div>\n\t\t<div class=\"elementor-element elementor-element-8eccb53 e-con-full e-flex wpr-particle-no wpr-jarallax-no wpr-parallax-no wpr-sticky-section-no wpr-equal-height-no e-con e-parent\" data-id=\"8eccb53\" data-element_type=\"container\" data-e-type=\"container\">\n\t\t\t\t<div class=\"elementor-element elementor-element-e8878da elementor-widget elementor-widget-heading\" data-id=\"e8878da\" data-element_type=\"widget\" data-e-type=\"widget\" data-widget_type=\"heading.default\">\n\t\t\t\t\t<h3 class=\"elementor-heading-title elementor-size-default\">Warum Putzen die Haut angreift<\/h3>\t\t\t\t<\/div>\n\t\t\t\t<div class=\"elementor-element elementor-element-488f14e elementor-widget elementor-widget-text-editor\" data-id=\"488f14e\" data-element_type=\"widget\" data-e-type=\"widget\" data-widget_type=\"text-editor.default\">\n\t\t\t\t\t\t\t\t\t<p data-start=\"1251\" data-end=\"1768\">Wasser allein kann der Haut bereits Feuchtigkeit entziehen. In Kombination mit Reinigungsmitteln verst\u00e4rkt sich dieser Effekt deutlich. Die nat\u00fcrlichen Lipide der Haut werden gel\u00f6st, die Hautbarriere wird geschw\u00e4cht und die Haut verliert an Widerstandskraft. Das Ergebnis zeigt sich oft erst sp\u00e4ter: Die H\u00e4nde f\u00fchlen sich trocken an, die Haut spannt, wird rau oder entwickelt kleine Risse. Gerade im Fr\u00fchling, wenn sich die Haut noch von den kalten Monaten erholt, reagiert sie besonders sensibel auf diese Belastung.<\/p>\t\t\t\t\t\t\t\t<\/div>\n\t\t\t\t<\/div>\n\t\t<div class=\"elementor-element elementor-element-bbcf93a e-con-full e-flex wpr-particle-no wpr-jarallax-no wpr-parallax-no wpr-sticky-section-no wpr-equal-height-no e-con e-parent\" data-id=\"bbcf93a\" data-element_type=\"container\" data-e-type=\"container\">\n\t\t\t\t<div class=\"elementor-element elementor-element-c4b20dd elementor-widget elementor-widget-heading\" data-id=\"c4b20dd\" data-element_type=\"widget\" data-e-type=\"widget\" data-widget_type=\"heading.default\">\n\t\t\t\t\t<h3 class=\"elementor-heading-title elementor-size-default\"><h3 data-section-id=\"1qrmi3i\" data-start=\"1391\" data-end=\"1435\">Warum Pflege allein oft nicht ausreicht<span style=\"color: inherit\"><\/span><\/h3><\/h3>\t\t\t\t<\/div>\n\t\t\t\t<div class=\"elementor-element elementor-element-0fb8d0e elementor-widget elementor-widget-text-editor\" data-id=\"0fb8d0e\" data-element_type=\"widget\" data-e-type=\"widget\" data-widget_type=\"text-editor.default\">\n\t\t\t\t\t\t\t\t\t<p data-start=\"1816\" data-end=\"2232\">Viele Menschen greifen erst dann zur Handcreme, wenn die Haut bereits trocken ist. Doch in solchen Momenten geht es nicht mehr um Vorbeugung, sondern um Reparatur. Pflege hilft, die Haut wieder aufzubauen, aber sie kommt oft erst dann zum Einsatz, wenn die Belastung bereits stattgefunden hat. Wer seine H\u00e4nde langfristig gesund halten m\u00f6chte, sollte deshalb nicht nur pflegen, sondern vor allem fr\u00fchzeitig sch\u00fctzen.<\/p>\t\t\t\t\t\t\t\t<\/div>\n\t\t\t\t<\/div>\n\t\t<div class=\"elementor-element elementor-element-15eaa9d e-con-full e-flex wpr-particle-no wpr-jarallax-no wpr-parallax-no wpr-sticky-section-no wpr-equal-height-no e-con e-parent\" data-id=\"15eaa9d\" data-element_type=\"container\" data-e-type=\"container\">\n\t\t\t\t<div class=\"elementor-element elementor-element-310c8c6 elementor-widget elementor-widget-heading\" data-id=\"310c8c6\" data-element_type=\"widget\" data-e-type=\"widget\" data-widget_type=\"heading.default\">\n\t\t\t\t\t<h3 class=\"elementor-heading-title elementor-size-default\">Die kleinen Momente im Alltag<\/h3>\t\t\t\t<\/div>\n\t\t\t\t<div class=\"elementor-element elementor-element-0cd76a0 elementor-widget elementor-widget-text-editor\" data-id=\"0cd76a0\" data-element_type=\"widget\" data-e-type=\"widget\" data-widget_type=\"text-editor.default\">\n\t\t\t\t\t\t\t\t\t<p data-start=\"2270\" data-end=\"2701\">Im Alltag sind es selten die grossen Putzaktionen, die die Haut am meisten belasten. Viel h\u00e4ufiger sind es die kleinen, schnellen Handgriffe: kurz die K\u00fcche abwischen, schnell etwas reinigen, im Garten arbeiten oder die H\u00e4nde zwischendurch absp\u00fclen. Diese Momente passieren automatisch, ohne gross dar\u00fcber nachzudenken. Gerade weil sie so beil\u00e4ufig sind, summieren sie sich \u2013 und wirken sich mit der Zeit deutlich auf die Haut aus.<\/p>\t\t\t\t\t\t\t\t<\/div>\n\t\t\t\t<\/div>\n\t\t<div class=\"elementor-element elementor-element-465df15 e-con-full e-flex wpr-particle-no wpr-jarallax-no wpr-parallax-no wpr-sticky-section-no wpr-equal-height-no e-con e-parent\" data-id=\"465df15\" data-element_type=\"container\" data-e-type=\"container\">\n\t\t\t\t<div class=\"elementor-element elementor-element-08b9a28 elementor-widget elementor-widget-heading\" data-id=\"08b9a28\" data-element_type=\"widget\" data-e-type=\"widget\" data-widget_type=\"heading.default\">\n\t\t\t\t\t<h3 class=\"elementor-heading-title elementor-size-default\">Schutz, der unauff\u00e4llig mitarbeitet<\/h3>\t\t\t\t<\/div>\n\t\t\t\t<div class=\"elementor-element elementor-element-b016322 elementor-widget elementor-widget-text-editor\" data-id=\"b016322\" data-element_type=\"widget\" data-e-type=\"widget\" data-widget_type=\"text-editor.default\">\n\t\t\t\t\t\t\t\t\t<p data-start=\"2745\" data-end=\"3256\">Was die Haut in solchen Situationen braucht, ist ein Schutz, der unauff\u00e4llig mitarbeitet. Ein Schutzfilm, der sich \u00fcber die Haut legt und den direkten Kontakt mit Wasser und Reinigungsmitteln abmildert, ohne die Beweglichkeit einzuschr\u00e4nken. Genau hier setzt die Tal MED Protect an. Sie bildet eine feine, kaum sp\u00fcrbare Schicht auf der Haut und hilft, die nat\u00fcrliche Hautbarriere zu bewahren. Die H\u00e4nde bleiben geschmeidig, f\u00fchlen sich gepflegt an und sind gleichzeitig besser vor \u00e4usseren Einfl\u00fcssen gesch\u00fctzt.<\/p>\t\t\t\t\t\t\t\t<\/div>\n\t\t\t\t<\/div>\n\t\t<div class=\"elementor-element elementor-element-176ee6e e-flex e-con-boxed wpr-particle-no wpr-jarallax-no wpr-parallax-no wpr-sticky-section-no wpr-equal-height-no e-con e-parent\" data-id=\"176ee6e\" data-element_type=\"container\" data-e-type=\"container\">\n\t\t\t\t\t<div class=\"e-con-inner\">\n\t\t<div class=\"elementor-element elementor-element-450e2ca e-con-full e-flex wpr-particle-no wpr-jarallax-no wpr-parallax-no wpr-sticky-section-no wpr-equal-height-no e-con e-child\" data-id=\"450e2ca\" data-element_type=\"container\" data-e-type=\"container\">\n\t\t\t\t<div class=\"elementor-element elementor-element-90b1144 elementor-widget elementor-widget-image\" data-id=\"90b1144\" data-element_type=\"widget\" data-e-type=\"widget\" data-widget_type=\"image.default\">\n\t\t\t\t\t\t\t\t\t\t\t\t\t\t\t<img decoding=\"async\" width=\"800\" height=\"534\" src=\"https:\/\/tal.ch\/wp-content\/uploads\/2024\/06\/Protect-1200x800px-1024x683.jpg\" class=\"attachment-large size-large wp-image-3542\" alt=\"\" srcset=\"https:\/\/tal.ch\/wp-content\/uploads\/2024\/06\/Protect-1200x800px-1024x683.jpg 1024w, https:\/\/tal.ch\/wp-content\/uploads\/2024\/06\/Protect-1200x800px-300x200.jpg 300w, https:\/\/tal.ch\/wp-content\/uploads\/2024\/06\/Protect-1200x800px-768x512.jpg 768w, https:\/\/tal.ch\/wp-content\/uploads\/2024\/06\/Protect-1200x800px-600x400.jpg 600w, https:\/\/tal.ch\/wp-content\/uploads\/2024\/06\/Protect-1200x800px.jpg 1200w\" sizes=\"(max-width: 800px) 100vw, 800px\" \/>\t\t\t\t\t\t\t\t\t\t\t\t\t\t\t<\/div>\n\t\t\t\t<\/div>\n\t\t\t\t\t<\/div>\n\t\t\t\t<\/div>\n\t\t<div class=\"elementor-element elementor-element-dd6e8a0 e-flex e-con-boxed wpr-particle-no wpr-jarallax-no wpr-parallax-no wpr-sticky-section-no wpr-equal-height-no e-con e-parent\" data-id=\"dd6e8a0\" data-element_type=\"container\" data-e-type=\"container\">\n\t\t\t\t\t<div class=\"e-con-inner\">\n\t\t\t\t<div class=\"elementor-element elementor-element-5b2fd07 elementor-align-center elementor-widget elementor-widget-button\" data-id=\"5b2fd07\" data-element_type=\"widget\" data-e-type=\"widget\" data-widget_type=\"button.default\">\n\t\t\t\t\t\t\t\t\t\t<a class=\"elementor-button elementor-button-link elementor-size-sm\" href=\"https:\/\/shop.parsenn-produkte.ch\/products\/tal-med-handcreme-protect-75ml#\" target=\"_blank\">\n\t\t\t\t\t\t<span class=\"elementor-button-content-wrapper\">\n\t\t\t\t\t\t\t\t\t<span class=\"elementor-button-text\">Entdecke die Tal MED Protect<\/span>\n\t\t\t\t\t<\/span>\n\t\t\t\t\t<\/a>\n\t\t\t\t\t\t\t\t<\/div>\n\t\t\t\t\t<\/div>\n\t\t\t\t<\/div>\n\t\t<div class=\"elementor-element elementor-element-0d3dccc e-con-full e-flex wpr-particle-no wpr-jarallax-no wpr-parallax-no wpr-sticky-section-no wpr-equal-height-no e-con e-parent\" data-id=\"0d3dccc\" data-element_type=\"container\" data-e-type=\"container\">\n\t\t\t\t<div class=\"elementor-element elementor-element-24910df elementor-widget elementor-widget-heading\" data-id=\"24910df\" data-element_type=\"widget\" data-e-type=\"widget\" data-widget_type=\"heading.default\">\n\t\t\t\t\t<h3 class=\"elementor-heading-title elementor-size-default\">Wenn der Fr\u00fchling sichtbar wird<\/h3>\t\t\t\t<\/div>\n\t\t\t\t<div class=\"elementor-element elementor-element-25d4465 elementor-widget elementor-widget-text-editor\" data-id=\"25d4465\" data-element_type=\"widget\" data-e-type=\"widget\" data-widget_type=\"text-editor.default\">\n\t\t\t\t\t\t\t\t\t<section class=\"text-token-text-primary w-full focus:outline-none [--shadow-height:45px] has-data-writing-block:pointer-events-none has-data-writing-block:-mt-(--shadow-height) has-data-writing-block:pt-(--shadow-height) [&amp;:has([data-writing-block])&gt;*]:pointer-events-auto [content-visibility:auto] supports-[content-visibility:auto]:[contain-intrinsic-size:auto_100lvh] R6Vx5W_threadScrollVars scroll-mb-[calc(var(--scroll-root-safe-area-inset-bottom,0px)+var(--thread-response-height))] scroll-mt-[calc(var(--header-height)+min(200px,max(70px,20svh)))]\" dir=\"auto\" data-turn-id=\"request-6878b953-9a34-800c-88ca-66f1125fbaca-6\" data-testid=\"conversation-turn-430\" data-scroll-anchor=\"false\" data-turn=\"assistant\"><div class=\"text-base my-auto mx-auto pb-10 [--thread-content-margin:var(--thread-content-margin-xs,calc(var(--spacing)*4))] @w-sm\/main:[--thread-content-margin:var(--thread-content-margin-sm,calc(var(--spacing)*6))] @w-lg\/main:[--thread-content-margin:var(--thread-content-margin-lg,calc(var(--spacing)*16))] px-(--thread-content-margin)\"><div class=\"[--thread-content-max-width:40rem] @w-lg\/main:[--thread-content-max-width:48rem] mx-auto max-w-(--thread-content-max-width) flex-1 group\/turn-messages focus-visible:outline-hidden relative flex w-full min-w-0 flex-col agent-turn\"><div class=\"flex max-w-full flex-col gap-4 grow\"><div class=\"min-h-8 text-message relative flex w-full flex-col items-end gap-2 text-start break-words whitespace-normal outline-none keyboard-focused:focus-ring [.text-message+&amp;]:mt-1\" dir=\"auto\" tabindex=\"0\" data-message-author-role=\"assistant\" data-message-id=\"e507008f-5b9d-4ea0-b5c6-bf47a05361e1\" data-message-model-slug=\"gpt-5-3\" data-turn-start-message=\"true\"><div class=\"flex w-full flex-col gap-1 empty:hidden\"><div class=\"markdown prose dark:prose-invert w-full wrap-break-word dark markdown-new-styling\"><p data-start=\"3296\" data-end=\"3720\" data-is-last-node=\"\" data-is-only-node=\"\">Am Ende des Tages ist das Zuhause sauber, die Luft frisch und alles wirkt leichter. Der Fr\u00fchling ist angekommen. Und vielleicht lohnt es sich, diesen Gedanken weiterzuf\u00fchren. Nicht nur R\u00e4ume brauchen Pflege und Aufmerksamkeit, sondern auch die Haut, die all das m\u00f6glich macht. Denn w\u00e4hrend der Fr\u00fchlingsputz sichtbar wird, bleibt das Wichtigste oft unsichtbar: das Gef\u00fchl, sich rundum wohlzuf\u00fchlen \u2013 bis in die H\u00e4nde hinein.<\/p><\/div><\/div><\/div><\/div><div class=\"z-0 flex min-h-[46px] justify-start\">\u00a0<\/div><\/div><\/div><\/section><div class=\"pointer-events-none -mt-px h-px translate-y-[calc(var(--scroll-root-safe-area-inset-bottom)-14*var(--spacing))]\" aria-hidden=\"true\">\u00a0<\/div>\t\t\t\t\t\t\t\t<\/div>\n\t\t\t\t<\/div>\n\t\t<div class=\"elementor-element elementor-element-c6b0626 e-con-full e-flex wpr-particle-no wpr-jarallax-no wpr-parallax-no wpr-sticky-section-no wpr-equal-height-no e-con e-parent\" data-id=\"c6b0626\" data-element_type=\"container\" data-e-type=\"container\" data-settings=\"{&quot;background_background&quot;:&quot;classic&quot;}\">\n\t\t\t\t<div class=\"elementor-element elementor-element-c11ada0 elementor-post-navigation-borders-yes elementor-widget elementor-widget-global elementor-global-9032 elementor-widget-post-navigation\" data-id=\"c11ada0\" data-element_type=\"widget\" data-e-type=\"widget\" data-widget_type=\"post-navigation.default\">\n\t\t\t\t\t\t\t<div class=\"elementor-post-navigation\" role=\"navigation\" aria-label=\"Navigazione dell&#039;articolo\">\n\t\t\t<div class=\"elementor-post-navigation__prev elementor-post-navigation__link\">\n\t\t\t\t<a href=\"https:\/\/tal.ch\/it\/fruehlingszeit-ist-fusszeit\/\" rel=\"prev\"><span class=\"post-navigation__arrow-wrapper post-navigation__arrow-prev\"><svg aria-hidden=\"true\" class=\"e-font-icon-svg e-fas-angle-left\" viewBox=\"0 0 256 512\" xmlns=\"http:\/\/www.w3.org\/2000\/svg\"><path d=\"M31.7 239l136-136c9.4-9.4 24.6-9.4 33.9 0l22.6 22.6c9.4 9.4 9.4 24.6 0 33.9L127.9 256l96.4 96.4c9.4 9.4 9.4 24.6 0 33.9L201.7 409c-9.4 9.4-24.6 9.4-33.9 0l-136-136c-9.5-9.4-9.5-24.6-.1-34z\"><\/path><\/svg><span class=\"elementor-screen-only\">Precedente<\/span><\/span><span class=\"elementor-post-navigation__link__prev\"><span class=\"post-navigation__prev--label\">Voriger<\/span><span class=\"post-navigation__prev--title\">Fr\u00fchlingszeit ist Fusszeit<\/span><\/span><\/a>\t\t\t<\/div>\n\t\t\t\t\t\t\t<div class=\"elementor-post-navigation__separator-wrapper\">\n\t\t\t\t\t<div class=\"elementor-post-navigation__separator\"><\/div>\n\t\t\t\t<\/div>\n\t\t\t\t\t\t<div class=\"elementor-post-navigation__next elementor-post-navigation__link\">\n\t\t\t\t\t\t\t<\/div>\n\t\t<\/div>\n\t\t\t\t\t\t<\/div>\n\t\t\t\t<\/div>\n\t\t<div class=\"elementor-element elementor-element-c8e97a1 e-flex e-con-boxed wpr-particle-no wpr-jarallax-no wpr-parallax-no wpr-sticky-section-no wpr-equal-height-no e-con e-parent\" data-id=\"c8e97a1\" data-element_type=\"container\" data-e-type=\"container\">\n\t\t\t\t\t<div class=\"e-con-inner\">\n\t\t\t\t<div class=\"elementor-element elementor-element-e27732d elementor-widget elementor-widget-spacer\" data-id=\"e27732d\" data-element_type=\"widget\" data-e-type=\"widget\" data-widget_type=\"spacer.default\">\n\t\t\t\t\t\t\t<div class=\"elementor-spacer\">\n\t\t\t<div class=\"elementor-spacer-inner\"><\/div>\n\t\t<\/div>\n\t\t\t\t\t\t<\/div>\n\t\t\t\t\t<\/div>\n\t\t\t\t<\/div>\n\t\t\t\t<\/div>\n\t\t","protected":false},"excerpt":{"rendered":"<p>Sauberes Zuhause, strapazierte H\u00e4nde? Was beim Putzen wirklich passiert Es gibt diesen Moment im Fr\u00fchling, in dem alles heller wirkt. Das Licht f\u00e4llt anders durch die Fenster, die Luft f\u00fchlt sich frischer an, und pl\u00f6tzlich sieht man Dinge, die man lange \u00fcbersehen hat. Ein feiner Staubfilm auf dem Regal, Schlieren auf dem Glas, Spuren des Winters, die geblieben sind. Der Fr\u00fchlingsputz beginnt. Fenster werden ge\u00f6ffnet, Oberfl\u00e4chen gereinigt, Dinge aussortiert. Es ist mehr als nur Putzen. Es ist ein Neustart, ein Gef\u00fchl von Klarheit und Leichtigkeit. Was Ihre H\u00e4nde dabei leisten W\u00e4hrend das Zuhause Schritt f\u00fcr Schritt aufbl\u00fcht, geraten die H\u00e4nde oft in den Hintergrund. Dabei sind sie es, die jede Bewegung ausf\u00fchren. Sie greifen, schrubben, sp\u00fclen und wischen, immer wieder, oft \u00fcber Stunden hinweg. Sie kommen in Kontakt mit Wasser, mit Reinigungsmitteln und mit unterschiedlichen Oberfl\u00e4chen. Was sich nach kurzer Arbeit anf\u00fchlt, summiert sich. Und genau hier beginnt die eigentliche Belastung f\u00fcr die Haut. Warum Putzen die Haut angreift Wasser allein kann der Haut bereits Feuchtigkeit entziehen. In Kombination mit Reinigungsmitteln verst\u00e4rkt sich dieser Effekt deutlich. Die nat\u00fcrlichen Lipide der Haut werden gel\u00f6st, die Hautbarriere wird geschw\u00e4cht und die Haut verliert an Widerstandskraft. Das Ergebnis zeigt sich oft erst sp\u00e4ter: Die H\u00e4nde f\u00fchlen sich trocken an, die Haut spannt, wird rau oder entwickelt kleine Risse. Gerade im Fr\u00fchling, wenn sich die Haut noch von den kalten Monaten erholt, reagiert sie besonders sensibel auf diese Belastung. Warum Pflege allein oft nicht ausreicht Viele Menschen greifen erst dann zur Handcreme, wenn die Haut bereits trocken ist. Doch in solchen Momenten geht es nicht mehr um Vorbeugung, sondern um Reparatur. Pflege hilft, die Haut wieder aufzubauen, aber sie kommt oft erst dann zum Einsatz, wenn die Belastung bereits stattgefunden hat. Wer seine H\u00e4nde langfristig gesund halten m\u00f6chte, sollte deshalb nicht nur pflegen, sondern vor allem fr\u00fchzeitig sch\u00fctzen. Die kleinen Momente im Alltag Im Alltag sind es selten die grossen Putzaktionen, die die Haut am meisten belasten. Viel h\u00e4ufiger sind es die kleinen, schnellen Handgriffe: kurz die K\u00fcche abwischen, schnell etwas reinigen, im Garten arbeiten oder die H\u00e4nde zwischendurch absp\u00fclen. Diese Momente passieren automatisch, ohne gross dar\u00fcber nachzudenken. Gerade weil sie so beil\u00e4ufig sind, summieren sie sich \u2013 und wirken sich mit der Zeit deutlich auf die Haut aus. Schutz, der unauff\u00e4llig mitarbeitet Was die Haut in solchen Situationen braucht, ist ein Schutz, der unauff\u00e4llig mitarbeitet. Ein Schutzfilm, der sich \u00fcber die Haut legt und den direkten Kontakt mit Wasser und Reinigungsmitteln abmildert, ohne die Beweglichkeit einzuschr\u00e4nken. Genau hier setzt die Tal MED Protect an. Sie bildet eine feine, kaum sp\u00fcrbare Schicht auf der Haut und hilft, die nat\u00fcrliche Hautbarriere zu bewahren. Die H\u00e4nde bleiben geschmeidig, f\u00fchlen sich gepflegt an und sind gleichzeitig besser vor \u00e4usseren Einfl\u00fcssen gesch\u00fctzt. Entdecke die Tal MED Protect Wenn der Fr\u00fchling sichtbar wird Am Ende des Tages ist das Zuhause sauber, die Luft frisch und alles wirkt leichter. Der Fr\u00fchling ist angekommen. Und vielleicht lohnt es sich, diesen Gedanken weiterzuf\u00fchren. Nicht nur R\u00e4ume brauchen Pflege und Aufmerksamkeit, sondern auch die Haut, die all das m\u00f6glich macht. Denn w\u00e4hrend der Fr\u00fchlingsputz sichtbar wird, bleibt das Wichtigste oft unsichtbar: das Gef\u00fchl, sich rundum wohlzuf\u00fchlen \u2013 bis in die H\u00e4nde hinein. \u00a0 \u00a0<\/p>","protected":false},"author":2,"featured_media":16742,"comment_status":"closed","ping_status":"closed","sticky":false,"template":"elementor_header_footer","format":"standard","meta":{"footnotes":""},"categories":[1],"tags":[],"class_list":["post-16721","post","type-post","status-publish","format-standard","has-post-thumbnail","hentry","category-uncategorized"],"yoast_head":"<!-- This site is optimized with the Yoast SEO plugin v27.4 - https:\/\/yoast.com\/product\/yoast-seo-wordpress\/ -->\n<title>Sauberes Zuhause, strapazierte H\u00e4nde? Was beim Putzen wirklich passiert - Tal<\/title>\n<meta name=\"description\" content=\"H\u00e4nde sch\u00fctzen beim Putzen: So vermeiden Sie trockene Haut durch Wasser und Reinigungsmittel und st\u00e4rken Ihre Hautbarriere im Alltag.\" \/>\n<meta name=\"robots\" content=\"index, follow, max-snippet:-1, max-image-preview:large, max-video-preview:-1\" \/>\n<link rel=\"canonical\" href=\"https:\/\/tal.ch\/it\/haende-schuetzen-beim-putzen\/\" \/>\n<meta property=\"og:locale\" content=\"it_IT\" \/>\n<meta property=\"og:type\" content=\"article\" \/>\n<meta property=\"og:title\" content=\"Sauberes Zuhause, strapazierte H\u00e4nde? Was beim Putzen wirklich passiert - Tal\" \/>\n<meta property=\"og:description\" content=\"H\u00e4nde sch\u00fctzen beim Putzen: So vermeiden Sie trockene Haut durch Wasser und Reinigungsmittel und st\u00e4rken Ihre Hautbarriere im Alltag.\" \/>\n<meta property=\"og:url\" content=\"https:\/\/tal.ch\/it\/haende-schuetzen-beim-putzen\/\" \/>\n<meta property=\"og:site_name\" content=\"Tal\" \/>\n<meta property=\"article:publisher\" content=\"https:\/\/www.facebook.com\/tal.schweiz\/\" \/>\n<meta property=\"article:published_time\" content=\"2026-05-01T12:28:04+00:00\" \/>\n<meta property=\"article:modified_time\" content=\"2026-05-01T12:49:17+00:00\" \/>\n<meta property=\"og:image\" content=\"https:\/\/tal.ch\/wp-content\/uploads\/2026\/05\/Tal-Fruehlingsputz-und-was-es-mit-den-Handen-macht-scaled.jpeg\" \/>\n\t<meta property=\"og:image:width\" content=\"2560\" \/>\n\t<meta property=\"og:image:height\" content=\"1707\" \/>\n\t<meta property=\"og:image:type\" content=\"image\/jpeg\" \/>\n<meta name=\"author\" content=\"Raphael\" \/>\n<meta name=\"twitter:card\" content=\"summary_large_image\" \/>\n<meta name=\"twitter:label1\" content=\"Scritto da\" \/>\n\t<meta name=\"twitter:data1\" content=\"Raphael\" \/>\n\t<meta name=\"twitter:label2\" content=\"Tempo di lettura stimato\" \/>\n\t<meta name=\"twitter:data2\" content=\"4 minuti\" \/>\n<script type=\"application\/ld+json\" class=\"yoast-schema-graph\">{\"@context\":\"https:\\\/\\\/schema.org\",\"@graph\":[{\"@type\":\"Article\",\"@id\":\"https:\\\/\\\/tal.ch\\\/haende-schuetzen-beim-putzen\\\/#article\",\"isPartOf\":{\"@id\":\"https:\\\/\\\/tal.ch\\\/haende-schuetzen-beim-putzen\\\/\"},\"author\":{\"name\":\"Raphael\",\"@id\":\"https:\\\/\\\/tal.ch\\\/#\\\/schema\\\/person\\\/8b9ffa10e1447c63c33b560fa799799c\"},\"headline\":\"Sauberes Zuhause, strapazierte H\u00e4nde? Was beim Putzen wirklich passiert\",\"datePublished\":\"2026-05-01T12:28:04+00:00\",\"dateModified\":\"2026-05-01T12:49:17+00:00\",\"mainEntityOfPage\":{\"@id\":\"https:\\\/\\\/tal.ch\\\/haende-schuetzen-beim-putzen\\\/\"},\"wordCount\":593,\"publisher\":{\"@id\":\"https:\\\/\\\/tal.ch\\\/#organization\"},\"image\":{\"@id\":\"https:\\\/\\\/tal.ch\\\/haende-schuetzen-beim-putzen\\\/#primaryimage\"},\"thumbnailUrl\":\"https:\\\/\\\/tal.ch\\\/wp-content\\\/uploads\\\/2026\\\/05\\\/Tal-Fruehlingsputz-und-was-es-mit-den-Handen-macht-scaled.jpeg\",\"articleSection\":[\"Uncategorized\"],\"inLanguage\":\"it-IT\"},{\"@type\":\"WebPage\",\"@id\":\"https:\\\/\\\/tal.ch\\\/haende-schuetzen-beim-putzen\\\/\",\"url\":\"https:\\\/\\\/tal.ch\\\/haende-schuetzen-beim-putzen\\\/\",\"name\":\"Sauberes Zuhause, strapazierte H\u00e4nde? Was beim Putzen wirklich passiert - Tal\",\"isPartOf\":{\"@id\":\"https:\\\/\\\/tal.ch\\\/#website\"},\"primaryImageOfPage\":{\"@id\":\"https:\\\/\\\/tal.ch\\\/haende-schuetzen-beim-putzen\\\/#primaryimage\"},\"image\":{\"@id\":\"https:\\\/\\\/tal.ch\\\/haende-schuetzen-beim-putzen\\\/#primaryimage\"},\"thumbnailUrl\":\"https:\\\/\\\/tal.ch\\\/wp-content\\\/uploads\\\/2026\\\/05\\\/Tal-Fruehlingsputz-und-was-es-mit-den-Handen-macht-scaled.jpeg\",\"datePublished\":\"2026-05-01T12:28:04+00:00\",\"dateModified\":\"2026-05-01T12:49:17+00:00\",\"description\":\"H\u00e4nde sch\u00fctzen beim Putzen: So vermeiden Sie trockene Haut durch Wasser und Reinigungsmittel und st\u00e4rken Ihre Hautbarriere im Alltag.\",\"breadcrumb\":{\"@id\":\"https:\\\/\\\/tal.ch\\\/haende-schuetzen-beim-putzen\\\/#breadcrumb\"},\"inLanguage\":\"it-IT\",\"potentialAction\":[{\"@type\":\"ReadAction\",\"target\":[\"https:\\\/\\\/tal.ch\\\/haende-schuetzen-beim-putzen\\\/\"]}]},{\"@type\":\"ImageObject\",\"inLanguage\":\"it-IT\",\"@id\":\"https:\\\/\\\/tal.ch\\\/haende-schuetzen-beim-putzen\\\/#primaryimage\",\"url\":\"https:\\\/\\\/tal.ch\\\/wp-content\\\/uploads\\\/2026\\\/05\\\/Tal-Fruehlingsputz-und-was-es-mit-den-Handen-macht-scaled.jpeg\",\"contentUrl\":\"https:\\\/\\\/tal.ch\\\/wp-content\\\/uploads\\\/2026\\\/05\\\/Tal-Fruehlingsputz-und-was-es-mit-den-Handen-macht-scaled.jpeg\",\"width\":2560,\"height\":1707,\"caption\":\"Junges Paar beim streifenfrei Fenster putzen zusammen im Wohnzimmer\"},{\"@type\":\"BreadcrumbList\",\"@id\":\"https:\\\/\\\/tal.ch\\\/haende-schuetzen-beim-putzen\\\/#breadcrumb\",\"itemListElement\":[{\"@type\":\"ListItem\",\"position\":1,\"name\":\"Startseite\",\"item\":\"https:\\\/\\\/tal.ch\\\/\"},{\"@type\":\"ListItem\",\"position\":2,\"name\":\"Sauberes Zuhause, strapazierte H\u00e4nde? Was beim Putzen wirklich passiert\"}]},{\"@type\":\"WebSite\",\"@id\":\"https:\\\/\\\/tal.ch\\\/#website\",\"url\":\"https:\\\/\\\/tal.ch\\\/\",\"name\":\"Tal\",\"description\":\"Pflanzenextrakte von h\u00f6chster Qualit\u00e4t\",\"publisher\":{\"@id\":\"https:\\\/\\\/tal.ch\\\/#organization\"},\"potentialAction\":[{\"@type\":\"SearchAction\",\"target\":{\"@type\":\"EntryPoint\",\"urlTemplate\":\"https:\\\/\\\/tal.ch\\\/?s={search_term_string}\"},\"query-input\":{\"@type\":\"PropertyValueSpecification\",\"valueRequired\":true,\"valueName\":\"search_term_string\"}}],\"inLanguage\":\"it-IT\"},{\"@type\":\"Organization\",\"@id\":\"https:\\\/\\\/tal.ch\\\/#organization\",\"name\":\"Tal\",\"url\":\"https:\\\/\\\/tal.ch\\\/\",\"logo\":{\"@type\":\"ImageObject\",\"inLanguage\":\"it-IT\",\"@id\":\"https:\\\/\\\/tal.ch\\\/#\\\/schema\\\/logo\\\/image\\\/\",\"url\":\"https:\\\/\\\/tal.ch\\\/wp-content\\\/uploads\\\/2024\\\/02\\\/Logo-Tal.png\",\"contentUrl\":\"https:\\\/\\\/tal.ch\\\/wp-content\\\/uploads\\\/2024\\\/02\\\/Logo-Tal.png\",\"width\":100,\"height\":157,\"caption\":\"Tal\"},\"image\":{\"@id\":\"https:\\\/\\\/tal.ch\\\/#\\\/schema\\\/logo\\\/image\\\/\"},\"sameAs\":[\"https:\\\/\\\/www.facebook.com\\\/tal.schweiz\\\/\"]},{\"@type\":\"Person\",\"@id\":\"https:\\\/\\\/tal.ch\\\/#\\\/schema\\\/person\\\/8b9ffa10e1447c63c33b560fa799799c\",\"name\":\"Raphael\",\"image\":{\"@type\":\"ImageObject\",\"inLanguage\":\"it-IT\",\"@id\":\"https:\\\/\\\/secure.gravatar.com\\\/avatar\\\/c7b37db84d350dcdacf9fa51c2818cce6ba2e874e3a6f666047ca5a022512106?s=96&d=mm&r=g\",\"url\":\"https:\\\/\\\/secure.gravatar.com\\\/avatar\\\/c7b37db84d350dcdacf9fa51c2818cce6ba2e874e3a6f666047ca5a022512106?s=96&d=mm&r=g\",\"contentUrl\":\"https:\\\/\\\/secure.gravatar.com\\\/avatar\\\/c7b37db84d350dcdacf9fa51c2818cce6ba2e874e3a6f666047ca5a022512106?s=96&d=mm&r=g\",\"caption\":\"Raphael\"},\"url\":\"https:\\\/\\\/tal.ch\\\/it\\\/author\\\/raphael\\\/\"}]}<\/script>\n<!-- \/ Yoast SEO plugin. -->","yoast_head_json":{"title":"Sauberes Zuhause, strapazierte H\u00e4nde? Was beim Putzen wirklich passiert - Tal","description":"H\u00e4nde sch\u00fctzen beim Putzen: So vermeiden Sie trockene Haut durch Wasser und Reinigungsmittel und st\u00e4rken Ihre Hautbarriere im Alltag.","robots":{"index":"index","follow":"follow","max-snippet":"max-snippet:-1","max-image-preview":"max-image-preview:large","max-video-preview":"max-video-preview:-1"},"canonical":"https:\/\/tal.ch\/it\/haende-schuetzen-beim-putzen\/","og_locale":"it_IT","og_type":"article","og_title":"Sauberes Zuhause, strapazierte H\u00e4nde? Was beim Putzen wirklich passiert - Tal","og_description":"H\u00e4nde sch\u00fctzen beim Putzen: So vermeiden Sie trockene Haut durch Wasser und Reinigungsmittel und st\u00e4rken Ihre Hautbarriere im Alltag.","og_url":"https:\/\/tal.ch\/it\/haende-schuetzen-beim-putzen\/","og_site_name":"Tal","article_publisher":"https:\/\/www.facebook.com\/tal.schweiz\/","article_published_time":"2026-05-01T12:28:04+00:00","article_modified_time":"2026-05-01T12:49:17+00:00","og_image":[{"width":2560,"height":1707,"url":"https:\/\/tal.ch\/wp-content\/uploads\/2026\/05\/Tal-Fruehlingsputz-und-was-es-mit-den-Handen-macht-scaled.jpeg","type":"image\/jpeg"}],"author":"Raphael","twitter_card":"summary_large_image","twitter_misc":{"Scritto da":"Raphael","Tempo di lettura stimato":"4 minuti"},"schema":{"@context":"https:\/\/schema.org","@graph":[{"@type":"Article","@id":"https:\/\/tal.ch\/haende-schuetzen-beim-putzen\/#article","isPartOf":{"@id":"https:\/\/tal.ch\/haende-schuetzen-beim-putzen\/"},"author":{"name":"Raphael","@id":"https:\/\/tal.ch\/#\/schema\/person\/8b9ffa10e1447c63c33b560fa799799c"},"headline":"Sauberes Zuhause, strapazierte H\u00e4nde? Was beim Putzen wirklich passiert","datePublished":"2026-05-01T12:28:04+00:00","dateModified":"2026-05-01T12:49:17+00:00","mainEntityOfPage":{"@id":"https:\/\/tal.ch\/haende-schuetzen-beim-putzen\/"},"wordCount":593,"publisher":{"@id":"https:\/\/tal.ch\/#organization"},"image":{"@id":"https:\/\/tal.ch\/haende-schuetzen-beim-putzen\/#primaryimage"},"thumbnailUrl":"https:\/\/tal.ch\/wp-content\/uploads\/2026\/05\/Tal-Fruehlingsputz-und-was-es-mit-den-Handen-macht-scaled.jpeg","articleSection":["Uncategorized"],"inLanguage":"it-IT"},{"@type":"WebPage","@id":"https:\/\/tal.ch\/haende-schuetzen-beim-putzen\/","url":"https:\/\/tal.ch\/haende-schuetzen-beim-putzen\/","name":"Sauberes Zuhause, strapazierte H\u00e4nde? Was beim Putzen wirklich passiert - Tal","isPartOf":{"@id":"https:\/\/tal.ch\/#website"},"primaryImageOfPage":{"@id":"https:\/\/tal.ch\/haende-schuetzen-beim-putzen\/#primaryimage"},"image":{"@id":"https:\/\/tal.ch\/haende-schuetzen-beim-putzen\/#primaryimage"},"thumbnailUrl":"https:\/\/tal.ch\/wp-content\/uploads\/2026\/05\/Tal-Fruehlingsputz-und-was-es-mit-den-Handen-macht-scaled.jpeg","datePublished":"2026-05-01T12:28:04+00:00","dateModified":"2026-05-01T12:49:17+00:00","description":"H\u00e4nde sch\u00fctzen beim Putzen: So vermeiden Sie trockene Haut durch Wasser und Reinigungsmittel und st\u00e4rken Ihre Hautbarriere im Alltag.","breadcrumb":{"@id":"https:\/\/tal.ch\/haende-schuetzen-beim-putzen\/#breadcrumb"},"inLanguage":"it-IT","potentialAction":[{"@type":"ReadAction","target":["https:\/\/tal.ch\/haende-schuetzen-beim-putzen\/"]}]},{"@type":"ImageObject","inLanguage":"it-IT","@id":"https:\/\/tal.ch\/haende-schuetzen-beim-putzen\/#primaryimage","url":"https:\/\/tal.ch\/wp-content\/uploads\/2026\/05\/Tal-Fruehlingsputz-und-was-es-mit-den-Handen-macht-scaled.jpeg","contentUrl":"https:\/\/tal.ch\/wp-content\/uploads\/2026\/05\/Tal-Fruehlingsputz-und-was-es-mit-den-Handen-macht-scaled.jpeg","width":2560,"height":1707,"caption":"Junges Paar beim streifenfrei Fenster putzen zusammen im Wohnzimmer"},{"@type":"BreadcrumbList","@id":"https:\/\/tal.ch\/haende-schuetzen-beim-putzen\/#breadcrumb","itemListElement":[{"@type":"ListItem","position":1,"name":"Startseite","item":"https:\/\/tal.ch\/"},{"@type":"ListItem","position":2,"name":"Sauberes Zuhause, strapazierte H\u00e4nde? Was beim Putzen wirklich passiert"}]},{"@type":"WebSite","@id":"https:\/\/tal.ch\/#website","url":"https:\/\/tal.ch\/","name":"Valle","description":"Estratti vegetali di altissima qualit\u00e0","publisher":{"@id":"https:\/\/tal.ch\/#organization"},"potentialAction":[{"@type":"SearchAction","target":{"@type":"EntryPoint","urlTemplate":"https:\/\/tal.ch\/?s={search_term_string}"},"query-input":{"@type":"PropertyValueSpecification","valueRequired":true,"valueName":"search_term_string"}}],"inLanguage":"it-IT"},{"@type":"Organization","@id":"https:\/\/tal.ch\/#organization","name":"Valle","url":"https:\/\/tal.ch\/","logo":{"@type":"ImageObject","inLanguage":"it-IT","@id":"https:\/\/tal.ch\/#\/schema\/logo\/image\/","url":"https:\/\/tal.ch\/wp-content\/uploads\/2024\/02\/Logo-Tal.png","contentUrl":"https:\/\/tal.ch\/wp-content\/uploads\/2024\/02\/Logo-Tal.png","width":100,"height":157,"caption":"Tal"},"image":{"@id":"https:\/\/tal.ch\/#\/schema\/logo\/image\/"},"sameAs":["https:\/\/www.facebook.com\/tal.schweiz\/"]},{"@type":"Person","@id":"https:\/\/tal.ch\/#\/schema\/person\/8b9ffa10e1447c63c33b560fa799799c","name":"Raffaello","image":{"@type":"ImageObject","inLanguage":"it-IT","@id":"https:\/\/secure.gravatar.com\/avatar\/c7b37db84d350dcdacf9fa51c2818cce6ba2e874e3a6f666047ca5a022512106?s=96&d=mm&r=g","url":"https:\/\/secure.gravatar.com\/avatar\/c7b37db84d350dcdacf9fa51c2818cce6ba2e874e3a6f666047ca5a022512106?s=96&d=mm&r=g","contentUrl":"https:\/\/secure.gravatar.com\/avatar\/c7b37db84d350dcdacf9fa51c2818cce6ba2e874e3a6f666047ca5a022512106?s=96&d=mm&r=g","caption":"Raphael"},"url":"https:\/\/tal.ch\/it\/author\/raphael\/"}]}},"_links":{"self":[{"href":"https:\/\/tal.ch\/it\/wp-json\/wp\/v2\/posts\/16721","targetHints":{"allow":["GET"]}}],"collection":[{"href":"https:\/\/tal.ch\/it\/wp-json\/wp\/v2\/posts"}],"about":[{"href":"https:\/\/tal.ch\/it\/wp-json\/wp\/v2\/types\/post"}],"author":[{"embeddable":true,"href":"https:\/\/tal.ch\/it\/wp-json\/wp\/v2\/users\/2"}],"replies":[{"embeddable":true,"href":"https:\/\/tal.ch\/it\/wp-json\/wp\/v2\/comments?post=16721"}],"version-history":[{"count":37,"href":"https:\/\/tal.ch\/it\/wp-json\/wp\/v2\/posts\/16721\/revisions"}],"predecessor-version":[{"id":16762,"href":"https:\/\/tal.ch\/it\/wp-json\/wp\/v2\/posts\/16721\/revisions\/16762"}],"wp:featuredmedia":[{"embeddable":true,"href":"https:\/\/tal.ch\/it\/wp-json\/wp\/v2\/media\/16742"}],"wp:attachment":[{"href":"https:\/\/tal.ch\/it\/wp-json\/wp\/v2\/media?parent=16721"}],"wp:term":[{"taxonomy":"category","embeddable":true,"href":"https:\/\/tal.ch\/it\/wp-json\/wp\/v2\/categories?post=16721"},{"taxonomy":"post_tag","embeddable":true,"href":"https:\/\/tal.ch\/it\/wp-json\/wp\/v2\/tags?post=16721"}],"curies":[{"name":"wp","href":"https:\/\/api.w.org\/{rel}","templated":true}]}}